{"id":1281,"date":"2012-04-08T23:03:53","date_gmt":"2012-04-08T22:03:53","guid":{"rendered":"https:\/\/bruxelles-pantheres.be\/?p=1281"},"modified":"2013-11-17T23:07:00","modified_gmt":"2013-11-17T22:07:00","slug":"quand-le-monde-semmele-les-pinceaux-sur-la-politique-en-tunisie","status":"publish","type":"post","link":"https:\/\/bruxelles-pantheres.be\/?p=1281","title":{"rendered":"Quand Le Monde s\u2019emm\u00eale les pinceaux sur la politique en Tunisie"},"content":{"rendered":"<p>&nbsp;<\/p>\n<p>&nbsp;<\/p>\n<p><img decoding=\"async\" class=\"alignleft\" title=\"Le Monde\" alt=\"\" src=\"http:\/\/www.webdo.tn\/wp-content\/uploads\/2012\/04\/Le-Monde.jpg\" width=\"180\" height=\"120\" \/><\/p>\n<p>&nbsp;<\/p>\n<p style=\"text-align: justify;\">Le quotidien fran\u00e7ais Le Monde a d\u00fb vite se ressaisir pour pr\u00e9senter ses excuses et rectifier le tir apr\u00e8s les bourdes \u00e9normes commises par Caroline Fourest dans son article \u00ab <a href=\"http:\/\/www.lemonde.fr\/idees\/article\/2012\/04\/06\/la-tunisie-des-lumieres-se-bat_1681817_3232.html\" target=\"_blank\">La Tunisie des Lumi\u00e8res se bat<\/a> \u00bb, publi\u00e9 le 6 avril.<\/p>\n<p>&nbsp;<\/p>\n<p style=\"text-align: justify;\">La c\u00e9l\u00e8bre chroniqueuse connue pour \u00eatre une farouche opposante \u00e0 l\u2019obscurantisme \u00e0 travers ses ouvrages sur les extr\u00e9mismes religieux, dont un sur Tariq ramadan, a fait preuve dans son dernier article d\u2019un manque de professionnalisme patent. Selon toute vraisemblance, elle aura \u00e9t\u00e9 conditionn\u00e9e par des pr\u00e9jug\u00e9s malencontreux qui l\u2019ont conduit \u00e0 des confusions surprenantes pour une intellectuelle chevronn\u00e9e.<!--more--><\/p>\n<p>&nbsp;<\/p>\n<p style=\"text-align: justify;\">Caroline Fourest s\u2019est lamentablement tromp\u00e9e sur le parti de Moncef Marzouki, le pr\u00e9sident provisoire de la R\u00e9publique. Sous sa plume ce dernier est pr\u00e9sent\u00e9 comme le chef du mouvement Ennahdha. Chose qu\u2019elle lui a valu une avalanche de tweets et un article intitul\u00e9 \u00ab <a href=\"http:\/\/mag14.com\/culture-a-medias\/53-medias\/490-lle-monder-tombe-de-haut-sur-la-tunisie.html\" target=\"_blank\">\u00ab\u00a0Le Monde\u00a0\u00bb tombe de haut sur la Tunisie<\/a>\u00a0\u00bb de la part du site Mag14.com.<\/p>\n<p>&nbsp;<\/p>\n<p style=\"text-align: justify;\">Emport\u00e9e par son \u00e9lan id\u00e9ologique, elle reproche au gouvernement de \u00ab laisser les salafistes les plus excit\u00e9s terroriser les d\u00e9mocrates la\u00efques puis \u00e0 les renvoyer dos \u00e0 dos. \u00bb Le moins qu\u2019on puisse est dire est que la chroniqueuse du Monde p\u00e8che par un \u00e9tonnant raccourci r\u00e9duisant la complexit\u00e9 de la r\u00e9alit\u00e9 tunisienne \u00e0 un simple manich\u00e9isme. Et d\u2019encha\u00eener les maladresses en \u00e9tablissant un parall\u00e9lisme entre les sombres ann\u00e9es de l\u2019Alg\u00e9rie et la situation qui pr\u00e9vaut en Tunisie (\u00ab comme en Alg\u00e9rie \u00e0 la pire des \u00e9poques, des \u00e9tudiants r\u00e9sistent. \u00bb)<\/p>\n<p>&nbsp;<\/p>\n<p style=\"text-align: justify;\">Et ce n\u2019est pas tout : \u00e0 ses yeux, la police joue le pourrissement de la situation dans \u00ab l\u2019espoir que la nostalgie de l\u2019ordre ancien reviendra. \u00bb Nous ne savons comment Caroline Fourest proc\u00e8de pour tenir ce genre de discours et qualifier cette attitude de la police d\u2019 \u00ab illusion funeste \u00bb.<\/p>\n<p>&nbsp;<\/p>\n<p style=\"text-align: justify;\">Mais le clou du spectacle r\u00e9side, last but not least dans cette incroyable confusion : \u00ab Une jeune syndicaliste tunisienne est m\u00eame devenue une ic\u00f4ne nationale en d\u00e9crochant le drapeau des salafistes pour restaurer celui de la Tunisie. Elle s\u2019est fait copieusement tabasser par des int\u00e9gristes. \u00bb On aura compris qu\u2019il s\u2019agit de l\u2019\u00e9tudiante Khaoula Rachidi, inscrite en master de lettres modernes, mais nullement syndicaliste, de son propre aveu. Faut-il ajouter qu\u2019elle n\u2019a pas \u00e9t\u00e9 \u00ab tabass\u00e9e \u00bb comme l\u2019ass\u00e8ne Caroline Fourest.<\/p>\n<p>&nbsp;<\/p>\n<p style=\"text-align: justify;\">On est d\u2019autant plus surpris devant de telles contre-v\u00e9rit\u00e9s qu\u2019on a affaire \u00e0 une chroniqueuse et auteure confirm\u00e9e en Hexagone. La multiplication des erreurs dans le m\u00eame article laisse dubitatif quant \u00e0 la rigueur de Caroline Fourest qui a d\u00fb oublier le principe de recoupement et de v\u00e9rification qui incombe \u00e0 tout journaliste digne de ce nom. Loin de nous l\u2019id\u00e9e que la chroniqueuse manipule l\u2019information. Cependant, tout porte \u00e0 croire que son parti pris antireligieux et qui n\u2019est un secret pour personne l\u2019ait induit en erreur.<\/p>\n<p>&nbsp;<\/p>\n<p style=\"text-align: justify;\">Le 27 mars dernier, Le Monde a titr\u00e9 \u00ab <a href=\"http:\/\/www.lemonde.fr\/tunisie\/article\/2012\/03\/27\/ces-islamistes-qui-disent-non-a-la-charia_1676283_1466522.html\" target=\"_blank\">Ces islamistes qui disent non \u00e0 la charia<\/a> \u00bb, un article qui n\u2019est pas pass\u00e9 inaper\u00e7u. L\u2019article salue le parti au pouvoir d\u2019avoir pu s\u2019opposer \u00e0 l\u2019introduction de la chariaa dans la Constitution dont il nous sugg\u00e8re de retenir la date, du 26 mars, quand Ennahdha a dit non. \u00c0 ce sujet, le site Nawaat.org a titr\u00e9 \u00ab <a href=\"http:\/\/nawaat.org\/portail\/2012\/03\/28\/tunisie-il-en-faut-peu-pour-que-le-monde-change-davis\/\" target=\"_blank\">Tunisie : Il en faut peu pour que Le Monde change d\u2019avis<\/a> \u00bb.<\/p>\n<p style=\"text-align: justify;\"><a href=\"http:\/\/www.webdo.tn\/2012\/04\/07\/quand-le-monde-s-emmele-les-pinceaux-sur-la-politique-en-tunisie\/\">Publi\u00e9 par Abbes Ben Mahjouba <\/a><\/p>\n<p>&nbsp;<\/p>\n<p style=\"text-align: justify;\"><a href=\"http:\/\/mag14.com\/culture-a-medias\/53-medias\/490-lle-monder-tombe-de-haut-sur-la-tunisie.html\">\u00abLe Monde\u00bb tombe de haut sur la Tunisie<\/a><\/p>\n<p>&nbsp;<\/p>\n<table>\n<tbody>\n<tr>\n<td valign=\"top\">Samedi, 07 Avril 2012 00:17<\/td>\n<\/tr>\n<tr>\n<td valign=\"top\"><img decoding=\"async\" title=\"caroline-fourest-le-monde\" alt=\"caroline-fourest-le-monde\" src=\"http:\/\/mag14.com\/images\/stories\/2012\/mars\/caroline-fourest-le-monde.jpg\" \/>Le v\u00e9n\u00e9rable quotidien fran\u00e7ais \u00abLe Monde\u00bb, s\u2019est plant\u00e9 en beaut\u00e9 sur la Tunisie. C\u2019est par un article sign\u00e9 par sa c\u00e9l\u00e8bre chroniqueuse, Caroline Fourest, que le scandale est arriv\u00e9. Habitu\u00e9e des plateaux t\u00e9l\u00e9, sp\u00e9cialiste autoproclam\u00e9e des questions de \u00abl\u2019extr\u00e9misme\u00bb, Mme Fourest s\u2019est fendue d\u2019une chronique intitul\u00e9e \u00ab<a href=\"http:\/\/www.lemonde.fr\/idees\/article\/2012\/04\/06\/la-tunisie-des-lumieres-se-bat_1681817_3232.html#xtor=AL-32280258\" target=\"_blank\">La Tunisie des Lumi\u00e8res se bat<\/a>\u00bb, publi\u00e9e le vendredi 6 avril.Le probl\u00e8me ? Elle affirme d\u2019entr\u00e9e, des les premi\u00e8res lignes de son papier, que le parti de Marzouki, le pr\u00e9sident de la R\u00e9publique tunisienne, c\u2019est Ennahdha. Voici la phrase incrimin\u00e9e : \u00abSous Zine El-Abidine Ben Ali, on risquait gros si l\u2019on critiquait le pouvoir temporel. Sous Moncef Marzouki et son parti, Ennahda, on risque gros si l\u2019on critique la religion et si l\u2019on tient t\u00eate \u00e0 l\u2019obscurantisme\u00bb. Un couac tonitruant pour un journal qui pr\u00e9tend donner des le\u00e7ons. Le parti pr\u00e9sidentiel tunisien \u00e9tant \u00e9videmment le Congr\u00e8s pour la R\u00e9publique. Or en l\u2019occurrence, l\u2019article en question multipliera les approximations.<\/p>\n<p style=\"text-align: justify;\">Un peu plus loin, sur la m\u00eame page, Caroline Fourest enfourchera ses grands chevaux pour affirmer : \u00abUne jeune syndicaliste tunisienne est m\u00eame devenue une ic\u00f4ne nationale en d\u00e9crochant le drapeau des salafistes pour restaurer celui de la Tunisie. Elle s\u2019est fait copieusement tabasser par les int\u00e9gristes\u00bb. La journaliste-star de la presse fran\u00e7aise fait ici allusion \u00e0 Khaoula Rachidi. Le probl\u00e8me ? La jeune fille cit\u00e9e en exemple, n\u2019est pas syndicaliste et affirme n\u2019avoir aucune affiliation politique. Et si l\u2019une de ses coll\u00e8gues aura effectivement \u00e9t\u00e9 agress\u00e9e, Khaoula sortira indemne de la confrontation, puisqu\u2019elle aura eu le r\u00e9flexe de quitter les lieux illico presto.<\/p>\n<p style=\"text-align: justify;\">Toujours dans le m\u00eame article, on apprendra que ce sont des \u00abjuges obscurantistes\u00bb qui seraient derri\u00e8re les condamnations que Caroline Fourest consid\u00e8re comme \u00e9tant liberticides. Ainsi, il n\u2019est plus question des plaintes des avocats, pas m\u00eame de la pression sociale et politique. Les Tunisiens d\u00e9couvriront gr\u00e2ce \u00e0 cet article, le r\u00f4le obscur \u00abdes juges obscurantistes\u00bb.<\/p>\n<p style=\"text-align: justify;\">Soyons s\u00e9rieux. Une analyse digne de ce nom doit \u00eatre bas\u00e9e sur des faits et non des approximations, encore moins des \u00e9lucubrations. A notre (modeste) connaissance, les journalistes fran\u00e7ais travaillent dans des conditions pas trop mauvaises. Ils n\u2019ont en tous cas certainement pas les contraintes \u00abkilom\u00e9triques\u00bb, auxquelles nous autres, t\u00e2cherons tunisiens de la plume sommes astreints.<\/p>\n<p style=\"text-align: justify;\">Rien ne justifie donc ce d\u00e9rapage journalistique, cette faute professionnelle de notre coll\u00e8gue fran\u00e7aise. Caroline Fourest est chroniqueuse dans le quotidien \u00abLe Monde\u00bb. A priori, une distinction, un gage de s\u00e9rieux. Mais on pourrait s\u2019interroger sur le r\u00f4le des chefs de service, et autre directeurs de la r\u00e9daction. Enfin : Y a t-il quelqu\u2019un pour relire la prose de Fourest avant publication ? A moins que dans son journal, on puisse se permettre de traiter aussi l\u00e9g\u00e8rement des affaires tunisiennes. Ce qui finira peut-\u00eatre par inciter nos lecteurs, \u00e0 ne plus prendre les articles publi\u00e9s dans la presse fran\u00e7aise pour parole d\u2019Evangile. Et encore moins pour du Coran.<\/p>\n<p><strong>Oualid Chine<\/strong><\/td>\n<\/tr>\n<\/tbody>\n<\/table>\n","protected":false},"excerpt":{"rendered":"<p>&nbsp; &nbsp; &nbsp; Le quotidien fran\u00e7ais Le Monde a d\u00fb vite se ressaisir pour pr\u00e9senter ses excuses et rectifier le tir apr\u00e8s les bourdes \u00e9normes commises par Caroline Fourest dans son article \u00ab La Tunisie des Lumi\u00e8res se bat \u00bb, publi\u00e9 le 6 avril. &nbsp; La c\u00e9l\u00e8bre chroniqueuse connue pour \u00eatre une farouche opposante \u00e0 &#8230; <a title=\"Quand Le Monde s\u2019emm\u00eale les pinceaux sur la politique en Tunisie\" class=\"read-more\" href=\"https:\/\/bruxelles-pantheres.be\/?p=1281\" aria-label=\"En savoir plus sur Quand Le Monde s\u2019emm\u00eale les pinceaux sur la politique en Tunisie\">Lire la suite<\/a><\/p>\n","protected":false},"author":1,"featured_media":922,"comment_status":"open","ping_status":"open","sticky":false,"template":"","format":"standard","meta":{"footnotes":""},"categories":[36,4,28],"tags":[13],"class_list":["post-1281","post","type-post","status-publish","format-standard","has-post-thumbnail","hentry","category-europe","category-islamophobie","category-racismes","tag-nordine-saidi"],"_links":{"self":[{"href":"https:\/\/bruxelles-pantheres.be\/index.php?rest_route=\/wp\/v2\/posts\/1281","targetHints":{"allow":["GET"]}}],"collection":[{"href":"https:\/\/bruxelles-pantheres.be\/index.php?rest_route=\/wp\/v2\/posts"}],"about":[{"href":"https:\/\/bruxelles-pantheres.be\/index.php?rest_route=\/wp\/v2\/types\/post"}],"author":[{"embeddable":true,"href":"https:\/\/bruxelles-pantheres.be\/index.php?rest_route=\/wp\/v2\/users\/1"}],"replies":[{"embeddable":true,"href":"https:\/\/bruxelles-pantheres.be\/index.php?rest_route=%2Fwp%2Fv2%2Fcomments&post=1281"}],"version-history":[{"count":1,"href":"https:\/\/bruxelles-pantheres.be\/index.php?rest_route=\/wp\/v2\/posts\/1281\/revisions"}],"predecessor-version":[{"id":1282,"href":"https:\/\/bruxelles-pantheres.be\/index.php?rest_route=\/wp\/v2\/posts\/1281\/revisions\/1282"}],"wp:featuredmedia":[{"embeddable":true,"href":"https:\/\/bruxelles-pantheres.be\/index.php?rest_route=\/wp\/v2\/media\/922"}],"wp:attachment":[{"href":"https:\/\/bruxelles-pantheres.be\/index.php?rest_route=%2Fwp%2Fv2%2Fmedia&parent=1281"}],"wp:term":[{"taxonomy":"category","embeddable":true,"href":"https:\/\/bruxelles-pantheres.be\/index.php?rest_route=%2Fwp%2Fv2%2Fcategories&post=1281"},{"taxonomy":"post_tag","embeddable":true,"href":"https:\/\/bruxelles-pantheres.be\/index.php?rest_route=%2Fwp%2Fv2%2Ftags&post=1281"}],"curies":[{"name":"wp","href":"https:\/\/api.w.org\/{rel}","templated":true}]}}