{"id":1285,"date":"2012-04-08T23:10:35","date_gmt":"2012-04-08T22:10:35","guid":{"rendered":"https:\/\/bruxelles-pantheres.be\/?p=1285"},"modified":"2013-11-17T23:12:11","modified_gmt":"2013-11-17T22:12:11","slug":"sauvetage-dexia-interpellons-nos-parlementaires","status":"publish","type":"post","link":"https:\/\/bruxelles-pantheres.be\/?p=1285","title":{"rendered":"Sauvetage Dexia : Interpellons nos parlementaires !"},"content":{"rendered":"<div class=\"entry-content\">\n<p><big><big><big><strong><\/strong><\/big><\/big><\/big><span style=\"font-size: medium;\"><a href=\"http:\/\/www.sauvetage-dexia.be\/\" target=\"_blank\"><img decoding=\"async\" class=\"alignleft\" alt=\"\" src=\"https:\/\/mail.google.com\/mail\/?ui=2&amp;ik=908e7d29dd&amp;view=att&amp;th=1367d83145e2fe66&amp;attid=0.0.1.2&amp;disp=emb&amp;zw&amp;atsh=1\" width=\"727\" height=\"176\" align=\"left\" border=\"0\" hspace=\"5\" vspace=\"5\" \/><\/a><\/span><\/p>\n<div align=\"left\"><span style=\"font-family: sans-serif;\"><span style=\"font-family: sans-serif;\">Apr\u00e8s avoir sauv\u00e9 les banques de la faillite, les \u00c9tats ont vu leur dette publique exploser. Les pouvoirs publics sont maintenant sous pression des march\u00e9s financiers et des autorit\u00e9s europ\u00e9ennes (et, dans certains cas, du FMI) pour imposer des plans d\u2019aust\u00e9rit\u00e9 afin de trouver les ressources financi\u00e8res n\u00e9cessaires au remboursement de cette dette.<\/span><\/span><span style=\"font-family: sans-serif;\"><span style=\"font-family: sans-serif;\">M\u00eame si sa situation est moins dramatique que celle de la Gr\u00e8ce, la Belgique ne fait pas exception. Sa situation pourrait m\u00eame encore se d\u00e9grader si la garantie d\u2019Etat de 54,45 milliards d\u2019euros octroy\u00e9e en octobre 2011 \u00e0 certains cr\u00e9anciers de Dexia \u00e9tait activ\u00e9e. C\u2019est pourquoi trois associations (CADTM, ATTAC Bruxelles 2 et ATTAC Li\u00e8ge), repr\u00e9sent\u00e9es par les avocats Pierre Robert et Olivier Stein, ont introduit le 23 d\u00e9cembre dernier un recours devant le Conseil d\u2019\u00c9tat afin d\u2019annuler l\u2019arr\u00eat\u00e9 royal octroyant ces garanties. Ces associations ont \u00e9t\u00e9 rejointes en mars 2012 par les d\u00e9put\u00e9es f\u00e9d\u00e9rales Zo\u00e9 Genot et Meyrem Almaci.<\/span><\/span><\/div>\n<div align=\"left\">\n<p><span style=\"font-family: sans-serif;\"><span style=\"font-family: sans-serif;\"><strong><\/strong><strong>Ce combat juridique s\u2019inscrit plus largement dans une lutte politique pour l\u2019annulation de la dette publique ill\u00e9gitime, notamment celle issue du sauvetage des banques. <\/strong><\/span><\/span><strong>Rendez-vous sur le site <a href=\"http:\/\/www.sauvetage-dexia.be\/\" target=\"_blank\">www.sauvetage-dexia.be<\/a><\/strong> pour suivre l\u2019actualit\u00e9 de Dexia et du recours contre les garanties accord\u00e9es aux cr\u00e9anciers du groupe Dexia.<\/p>\n<p>Pour lancer le d\u00e9bat sur les mesures \u00e0 prendre \u00e0 l\u2019\u00e9gard de Dexia et du syst\u00e8me financier en g\u00e9n\u00e9ral, nous avons r\u00e9dig\u00e9 un courrier que vous pouvez envoyer aux membres du Parlement f\u00e9d\u00e9ral. <strong>Interpellons nos parlementaires\u00a0! <!--more--><\/strong><\/p>\n<p><strong>Plus d\u2019infos? Cliquez sur les onglets ci-dessous!<br \/>\n<a href=\"http:\/\/www.sauvetage-dexia.be\/spip.php?article1\" target=\"_blank\"><img decoding=\"async\" alt=\"\" src=\"https:\/\/mail.google.com\/mail\/?ui=2&amp;ik=908e7d29dd&amp;view=att&amp;th=1367d83145e2fe66&amp;attid=0.0.1.3&amp;disp=emb&amp;zw&amp;atsh=1\" width=\"150\" height=\"143\" align=\"left\" border=\"0\" \/><\/a><a href=\"http:\/\/www.sauvetage-dexia.be\/spip.php?article5\" target=\"_blank\"><img decoding=\"async\" alt=\"\" src=\"https:\/\/mail.google.com\/mail\/?ui=2&amp;ik=908e7d29dd&amp;view=att&amp;th=1367d83145e2fe66&amp;attid=0.0.1.4&amp;disp=emb&amp;zw&amp;atsh=1\" width=\"150\" height=\"143\" align=\"left\" border=\"0\" \/><\/a><a href=\"http:\/\/www.sauvetage-dexia.be\/spip.php?article3\" target=\"_blank\"><img decoding=\"async\" alt=\"\" src=\"https:\/\/mail.google.com\/mail\/?ui=2&amp;ik=908e7d29dd&amp;view=att&amp;th=1367d83145e2fe66&amp;attid=0.0.1.5&amp;disp=emb&amp;zw&amp;atsh=1\" width=\"150\" height=\"143\" align=\"left\" border=\"0\" \/><\/a><br \/>\n<\/strong><\/p>\n<p><span style=\"font-size: large;\"><strong><br \/>\n<\/strong><\/span><\/p>\n<\/div>\n<p>&nbsp;<\/p>\n<p>&nbsp;<\/p>\n<p><span style=\"font-family: sans-serif;\"><big><strong>Le recours Dexia dans les m\u00e9dias<br \/>\n<\/strong><\/big><\/span><span style=\"font-family: sans-serif;\"><span style=\"color: #333333;\">Retrouvez ci-dessous la couverture m\u00e9diatique <\/span><\/span><span style=\"color: #333333;\"><strong><span style=\"font-family: sans-serif;\"><strong>sur les requ\u00eates d\u00e9pos\u00e9es par <\/strong>le CADTM et ATTAC d\u2019une part, et les d\u00e9put\u00e9e f\u00e9d\u00e9rales Zo\u00e9 Genot (ECOLO) et Meyrem Almaci (GROEN) d\u2019autre part, <strong>devant le Conseil d\u2019Etat en Belgique<\/strong><\/span><\/strong><\/span><span style=\"font-family: sans-serif;\"><span style=\"color: #333333;\">.<\/span><\/span><\/p>\n<p><a href=\"http:\/\/www.cadtm.org\/Eric-Toussaint-Oser-sortir-du\" target=\"_blank\">Interview d\u2019Eric Toussaint par Bertrand Henne dans l\u2019Emission \u00ab\u00a0Matin Premi\u00e8re\u00a0\u00bb de la RTBF. Eric Toussaint\u00a0: \u00ab\u00a0Oser sortir du confort de 30 ans de lib\u00e9ralisme\u00a0\u00bb <\/a><br \/>\nEric Toussaint, \u00e9conomiste et pr\u00e9sident du Comit\u00e9 pour l\u2019annulation de la dette du tiers monde de Belgique \u00e9tait l\u2019invit\u00e9 de Matin Premi\u00e8re ce jeudi. L\u2019occasion de revenir sur l\u2019impact des garanties Dexia sur le Tr\u00e9sor public. Un observateur a tir\u00e9 la sonnette d\u2019alarme\u00a0: il est bien possible que la Belgique doive payer une partie de ces 54 milliards d\u2019euros de garanties. \u00ab\u00a0Deux, trois ou cinq milliards, ce serait d\u00e9j\u00e0 \u00e9norme\u00a0!\u00a0\u00bb, s\u2019exclame Eric Toussaint dans le studio de Matin Premi\u00e8re. \u00ab\u00a0Les efforts (\u2026) <a href=\"http:\/\/www.rtbf.be\/info\/belgique\/detail_eric-toussaint-oser-sortir-du-confort-de-30-ans-de-liberalisme?id=7734905#newsVideosPane\" target=\"_blank\">[Lire la suite]<\/a><\/p>\n<p><a href=\"http:\/\/www.sauvetage-dexia.be\/spip.php?article44\" target=\"_blank\">Dexia\u00a0: Ecolo veut ren\u00e9gocier la garantie d\u2019Etat<\/a><br \/>\nEcolo et Groen ont d\u00e9cid\u00e9 de combattre l\u2019accord sur les garanties d\u2019\u00c9tat pour Dexia devant le Conseil d\u2019\u00c9tat. Les Verts jugent la participation belge trop lourde. Les d\u00e9put\u00e9es Zo\u00e9 Genot (Ecolo) et Meyrem Almaci (Groen) ont d\u00e9pos\u00e9 une requ\u00eate devant le Conseil d\u2019\u00c9tat afin d\u2019obtenir l\u2019annulation de l\u2019arr\u00eat\u00e9\u00a0(\u2026) <a href=\"http:\/\/www.lesoir.be\/actualite\/economie\/2012-03-20\/dexia-ecolo-veut-renegocier-la-garantie-d-etat-903844.php\" target=\"_blank\">[Lire la suite]<\/a><\/p>\n<p><a href=\"http:\/\/www.cadtm.org\/Eric-Toussaint-appelle-les\" target=\"_blank\">Eric Toussaint appelle les citoyens \u00e0 se mobiliser pour exiger une politique qui ne soit plus au service des banques et du profit priv\u00e9, par Dominique Berns, Eric Toussaint<\/a><br \/>\nParu dans le quotidien Le Soir, vendredi 16 mars 2012 (Page 14). Triple A, c\u2019est la note maximale attribu\u00e9e par les agences de notation, dont les avis \u00ab\u00a0terrorisent\u00a0\u00bb les gouvernements. AAA, c\u2019est aussi A pour aust\u00e9rit\u00e9 (budg\u00e9taire), A pour aust\u00e9rit\u00e9 (salariale) et A pour aust\u00e9rit\u00e9 (sociale) \u2013 le rem\u00e8de que l\u2019Europe s\u2019efforce de faire avaler aux citoyens<span style=\"font-family: sans-serif;\"> (\u2026)<a href=\"http:\/\/archives.lesoir.be\/%AB-l-etat-providence-n-a-pas-ete-genereux-%BB_t-20120316-01VD1E.html?query=pol%E9mique+%22eric+toussaint%22&amp;firstHit=0&amp;by=10&amp;sort=datedesc&amp;when=-1&amp;queryor=pol%E9mique+%22eric+toussaint%22&amp;pos=1&amp;all=14698&amp;nav=1\" target=\"_blank\">[Lire la suite]<\/a><\/span><br \/>\n<span style=\"font-family: sans-serif;\"><br \/>\nRenaud Vivien (CADTM) et Zo\u00e9 Genot (D\u00e9put\u00e9e f\u00e9d\u00e9rale, Ecolo) au<a href=\"http:\/\/www.rtbf.be\/video\/v_jt-19h30?id=1713502&amp;category=info\" target=\"_blank\"> journal de la RTBF du 20 mars: <\/a><a href=\"http:\/\/www.rtbf.be\/video\/v_jt-19h30?id=1713502&amp;category=info\" target=\"_blank\">Dexia, une action pour faire annuler la garantie de 54 milliards EUR<\/a><\/span><\/p>\n<p>En une du<a href=\"http:\/\/www.metroclub.be\/fr\/metrotime\/\" target=\"_blank\"> journal Metro du 21 mars : La facture Dexia trop lourde<\/a><br \/>\n<span style=\"font-family: sans-serif;\"><br \/>\n<a href=\"http:\/\/www.sauvetage-dexia.be\/spip.php?article50\" target=\"_blank\">Pourquoi le dossier Dexia menace notre avenir<\/a><br \/>\nLe total des pr\u00eats et garanties octroy\u00e9s par la Belgique et ses entit\u00e9s depuis le d\u00e9but de la crise bancaire atteint quelque 510 milliards d\u2019euros, selon une \u00e9tude lilloise qui vise particuli\u00e8rement les aides accord\u00e9es \u00e0 Dexia. Le total des pr\u00eats et garanties octroy\u00e9s par la Belgique et ses entit\u00e9s\u00a0(\u2026) <a href=\"http:\/\/trends.levif.be\/economie\/actualite\/banque-et-finance\/pourquoi-le-dossier-dexia-menace-notre-avenir\/article-4000070099672.htm\" target=\"_blank\">[Lire la suite]<\/a><\/span><br \/>\n<span style=\"font-family: sans-serif;\"><br \/>\n<a href=\"http:\/\/www.sauvetage-dexia.be\/spip.php?article49\" target=\"_blank\">\u00c9tude\u00a0: L\u2019impact de la crise financi\u00e8re sur la dette de la Belgique et le poids tr\u00e8s \u00e9lev\u00e9 des garanties publiques octroy\u00e9es<\/a><br \/>\nL\u2019impact de la crise financi\u00e8re sur la dette de la Belgique et le poids tr\u00e8s \u00e9lev\u00e9 des garanties publiques octroy\u00e9es. Eric Dor Directeur de la Recherche \u00e0 l\u2019IESEG School of Management (\u2026) <a href=\"http:\/\/www.sauvetage-dexia.be\/spip.php?article49\" target=\"_blank\">[Lire la suite]<\/a><\/span><\/p>\n<p><a href=\"http:\/\/www.sauvetage-dexia.be\/spip.php?article48\" target=\"_blank\">Garanties Dexia\u00a0: la Belgique doit se pr\u00e9parer au pire, pense un sp\u00e9cialiste<\/a><br \/>\nL\u2019activation des garanties accord\u00e9es par l\u2019Etat belge dans le cadre du sauvetage du groupe Dexia compromettrait la solvabilit\u00e9 du pays. Il est donc urgent que le gouvernement belge et les partenaires sociaux n\u00e9gocient, d\u00e8s \u00e0 pr\u00e9sent, un plan d\u00e9taillant la mani\u00e8re dont les efforts seraient r\u00e9partis si\u00a0(\u2026) <a href=\"http:\/\/www.rtbf.be\/info\/economie\/detail_garanties-dexia-la-belgique-doit-se-preparer-au-pire-pense-un-specialiste?id=7733968\" target=\"_blank\">[Lire la suite]<\/a><br \/>\n<a href=\"http:\/\/www.sauvetage-dexia.be\/spip.php?article47\" target=\"_blank\"><strong><br \/>\n<\/strong><\/a><a href=\"http:\/\/www.sauvetage-dexia.be\/spip.php?article47\" target=\"_blank\">Les garanties accord\u00e9es \u00e0 Dexia\u00a0: un coup d\u2019Etat institutionnel\u00a0!<\/a><br \/>\nLe parlement a \u00e9t\u00e9 mis hors jeu lors de la d\u00e9cision sur les garanties d\u2019\u00c9tat pour Dexia, estiment les verts. Une participation qu\u2019ils jugent trop lourdes. Ecolo et Groen se sont donc associ\u00e9s \u00e0 la d\u00e9marche de diverses associations (Attac et le Comit\u00e9 d\u2019annulation de la dette du tiers monde) pour\u00a0(\u2026) <a href=\"http:\/\/www.lesoir.be\/actualite\/economie\/2012-03-20\/les-garanties-accordees-a-dexia-un-coup-d-etat-institutionnel-903949.php\" target=\"_blank\">[Lire la suite]<\/a><\/p>\n<p><a href=\"http:\/\/www.sauvetage-dexia.be\/spip.php?article45\" target=\"_blank\">Les Verts combattent l\u2019accord sur les garanties Dexia<\/a><br \/>\nDeux d\u00e9put\u00e9es \u00e9cologistes, Zo\u00e9 Genot (Ecolo) et Meyrem Almaci (Groen), ont d\u00e9cid\u00e9 de combattre l\u2019accord sur les garanties d\u2019\u00c9tat pour Dexia devant le Conseil d\u2019\u00c9tat, jugeant la participation port\u00e9e par la Belgique trop lourde et souhaitant \u00ab\u00a0mettre la pression\u00a0\u00bb en vue d\u2019une ren\u00e9gociation. La Belgique, le\u00a0(\u2026)<a href=\"http:\/\/www.sauvetage-dexia.be\/spip.php?article45\" target=\"_blank\">[Lire la suite]<\/a><\/p>\n<p><span style=\"font-family: sans-serif;\"><a href=\"http:\/\/www.sauvetage-dexia.be\/spip.php?article43\" target=\"_blank\">La d\u00e9put\u00e9e f\u00e9d\u00e9rale Ecolo Zo\u00e9 Genot s\u2019associe au secteur associatif pour forcer la ren\u00e9gociation de la garantie de l\u2019Etat belge sur le holding Dexia<\/a><br \/>\nLes \u00e9cologistes n\u2019ont de cesse de d\u00e9noncer la part trop importante assum\u00e9e par l\u2019Etat belge dans le cadre du d\u00e9mant\u00e8lement du groupe Dexia. Les 60,5% des 90 milliards d\u2019euros apport\u00e9s par la Belgique en garantie \u00e0 la banque r\u00e9siduelle par un simple arr\u00eat\u00e9 royal sont totalement d\u00e9mesur\u00e9s tant par rapport\u00a0(\u2026) <a href=\"http:\/\/web4.ecolo.be\/?La-deputee-federale-Ecolo-Zoe\" target=\"_blank\">[Lire la suite]<\/a><\/span><\/p>\n<p><strong><span style=\"font-family: sans-serif;\">Pour plus d\u2019infos sur le recours :<\/span><\/strong><span style=\"font-family: sans-serif;\"><strong> <a href=\"http:\/\/www.sauvetage-dexia.be\/\" target=\"_blank\">www.sauvetage-dexia.be<\/a><\/strong><\/span><\/p>\n<\/div>\n","protected":false},"excerpt":{"rendered":"<p>Apr\u00e8s avoir sauv\u00e9 les banques de la faillite, les \u00c9tats ont vu leur dette publique exploser. Les pouvoirs publics sont maintenant sous pression des march\u00e9s financiers et des autorit\u00e9s europ\u00e9ennes (et, dans certains cas, du FMI) pour imposer des plans d\u2019aust\u00e9rit\u00e9 afin de trouver les ressources financi\u00e8res n\u00e9cessaires au remboursement de cette dette.M\u00eame si sa &#8230; <a title=\"Sauvetage Dexia : Interpellons nos parlementaires !\" class=\"read-more\" href=\"https:\/\/bruxelles-pantheres.be\/?p=1285\" aria-label=\"En savoir plus sur Sauvetage Dexia : Interpellons nos parlementaires !\">Lire la suite<\/a><\/p>\n","protected":false},"author":1,"featured_media":1133,"comment_status":"open","ping_status":"open","sticky":false,"template":"","format":"standard","meta":{"footnotes":""},"categories":[21,22,36,18],"tags":[31,14,19,15],"class_list":["post-1285","post","type-post","status-publish","format-standard","has-post-thumbnail","hentry","category-anti-imperialisme","category-emploi","category-europe","category-resistance-bruxelles","tag-belgique","tag-bruxelles","tag-pauvrete","tag-resistance"],"_links":{"self":[{"href":"https:\/\/bruxelles-pantheres.be\/index.php?rest_route=\/wp\/v2\/posts\/1285","targetHints":{"allow":["GET"]}}],"collection":[{"href":"https:\/\/bruxelles-pantheres.be\/index.php?rest_route=\/wp\/v2\/posts"}],"about":[{"href":"https:\/\/bruxelles-pantheres.be\/index.php?rest_route=\/wp\/v2\/types\/post"}],"author":[{"embeddable":true,"href":"https:\/\/bruxelles-pantheres.be\/index.php?rest_route=\/wp\/v2\/users\/1"}],"replies":[{"embeddable":true,"href":"https:\/\/bruxelles-pantheres.be\/index.php?rest_route=%2Fwp%2Fv2%2Fcomments&post=1285"}],"version-history":[{"count":1,"href":"https:\/\/bruxelles-pantheres.be\/index.php?rest_route=\/wp\/v2\/posts\/1285\/revisions"}],"predecessor-version":[{"id":1286,"href":"https:\/\/bruxelles-pantheres.be\/index.php?rest_route=\/wp\/v2\/posts\/1285\/revisions\/1286"}],"wp:featuredmedia":[{"embeddable":true,"href":"https:\/\/bruxelles-pantheres.be\/index.php?rest_route=\/wp\/v2\/media\/1133"}],"wp:attachment":[{"href":"https:\/\/bruxelles-pantheres.be\/index.php?rest_route=%2Fwp%2Fv2%2Fmedia&parent=1285"}],"wp:term":[{"taxonomy":"category","embeddable":true,"href":"https:\/\/bruxelles-pantheres.be\/index.php?rest_route=%2Fwp%2Fv2%2Fcategories&post=1285"},{"taxonomy":"post_tag","embeddable":true,"href":"https:\/\/bruxelles-pantheres.be\/index.php?rest_route=%2Fwp%2Fv2%2Ftags&post=1285"}],"curies":[{"name":"wp","href":"https:\/\/api.w.org\/{rel}","templated":true}]}}