{"id":1287,"date":"2012-04-07T23:12:47","date_gmt":"2012-04-07T22:12:47","guid":{"rendered":"https:\/\/bruxelles-pantheres.be\/?p=1287"},"modified":"2013-11-17T23:15:20","modified_gmt":"2013-11-17T22:15:20","slug":"mohamed-merah-et-moi","status":"publish","type":"post","link":"https:\/\/bruxelles-pantheres.be\/?p=1287","title":{"rendered":"Mohamed Merah et moi"},"content":{"rendered":"<div class=\"entry-content\"><span style=\"color: #ce1126; font-family: Verdana; font-size: x-small;\"><strong>par Houria Boutedja<\/strong><\/span><\/p>\n<p align=\"justify\">Mon salam aux fr\u00e8res et s\u0153urs qui sont dans la salle, aux amis et militants. Je salue \u00e9galement le Groupe des Associations de Bagnolet qui a permis la tenue de ce meeting et en particulier les \u00e9lus locaux qui ont eu le courage de r\u00e9sister aux pressions.<\/p>\n<p align=\"justify\">Je dois conclure ce meeting et je voulais vous dire qu\u2019il y a un avant et un apr\u00e8s la trag\u00e9die de Toulouse Montauban. Cette conclusion que j\u2019ai \u00e9crite au nom de Printemps des quartiers n\u2019aurait pas \u00e9t\u00e9 la m\u00eame si ce drame n\u2019avait pas eu lieu. Cette conclusion, dans cette actualit\u00e9 tourment\u00e9e, sera l\u2019expression de mon malaise, de mon d\u00e9sarroi, de ma tristesse mais \u00e9galement de mes espoirs.<\/p>\n<p align=\"justify\">Je l\u2019ai intitul\u00e9e \u00ab\u00a0Mohamed Merah et moi\u00a0\u00bb<!--more--><\/p>\n<p align=\"justify\">Le 13 juillet 1998, je me suis endormie moi et me suis r\u00e9veill\u00e9e Zinedine Zidane. C\u2019\u00e9tait le lendemain de la victoire de l\u2019\u00e9quipe de France. Pourtant, je ne suis pas footballeuse.<\/p>\n<p align=\"justify\">Le 21 mars 2012, je me suis couch\u00e9e moi et me suis r\u00e9veill\u00e9e Mohamed Merah. Pourtant, je n\u2019ai jamais port\u00e9 d\u2019armes et n\u2019ai jamais tir\u00e9 sur personne. Le jour o\u00f9 l\u2019identit\u00e9 de l\u2019auteur des tueries de Montauban et Toulouse \u00e9tait r\u00e9v\u00e9l\u00e9e, je me suis dit \u00ab\u00a0C\u2019est pour notre gueule\u00a0\u00bb. L\u00e0 dessus, coup de fil de ma cousine, puis de mon oncle, puis des anciennes copines du lyc\u00e9e, puis de militants de tous bords. La plupart de celles et ceux dont je parle sont des \u00ab\u00a0arabo-musulmans\u00a0\u00bb. Et ainsi de suite toute la journ\u00e9e. La panique dans les r\u00e9seaux sociaux. \u00ab\u00a0On est dans la merde\u00a0!\u00a0\u00bb<\/p>\n<p align=\"justify\">Pourquoi sommes-nous li\u00e9s \u00e0 Mohamed Merah, comme la corde l\u2019est au pendu\u00a0?<\/p>\n<p align=\"justify\">Je ne peux pas le nier. Je ne peux pas fuir. Je ne peux pas creuser un trou pour m\u2019y terrer le temps que ca passe. Mohamed Merah c\u2019est moi. Le pire c\u2019est que c\u2019est vrai. Comme moi, il est d\u2019origine alg\u00e9rienne, comme moi il a grandi dans un quartier, comme moi il est musulman. Mohamed Merah c\u2019est moi. Quel \u00e2ge avait-il le 11 septembre\u00a0? 12 ans. Un enfant en construction. Depuis, comme moi, il a subit l\u2019incroyable campagne mediatico-politique islamophobe qui a suivi les attentats contre les deux tours. Parce que Mohamed Merah, 12 ans, c\u2019\u00e9tait d\u00e9j\u00e0 Ben Laden. Et vice et versa. S\u00fbrement, \u00e0 l\u2019\u00e9cole, on lui a impos\u00e9 une minute de silence pour les victimes du 11 septembre. Comme moi, l\u2019\u00e9cole ne l\u2019a jamais invit\u00e9 \u00e0 se recueillir pour les Rwandais, les Afghans ou les Palestiniens. Comme moi, il a subit la destruction du foyer historique de la M\u00e9sopotamie et assist\u00e9 au massacre des Irakiens en direct live. Comme moi, il a assist\u00e9 \u00e0 la pendaison de Saddam Hussein, en direct live, le jour de l\u2019A\u00efd. Tous les deux, lui et moi, moi et lui, nous avons subi impuissants la deuxi\u00e8me affaire du voile, l\u2019exclusion et l\u2019humiliation de nos s\u0153urs \u00e0 l\u2019\u00e9cole. On a vu comment le pouvoir, toute honte bue, avait transform\u00e9 un principe fondamental de la r\u00e9publique, la la\u00efcit\u00e9, en arme de combat contre nous. On a v\u00e9cu les bombardements de Gaza, et les r\u00e9voltes populaires de 2005, suite \u00e0 la mort de Zied et Bouna. Comme moi, il sait que des Juifs, je dis bien DES Juifs, jeunes comme lui, fran\u00e7ais comme lui, peuvent prendre l\u2019avion pour Tel Aviv, enfiler l\u2019uniforme isra\u00e9lien, participer \u00e0 des exactions de l\u2019arm\u00e9e la plus morale du monde selon les mots de BHL et revenir en France tranquille, peinard. Comme moi, il sait qu\u2019il sera trait\u00e9 d\u2019antis\u00e9mite s\u2019il soutient les Palestiniens colonis\u00e9s, d\u2019int\u00e9griste s\u2019il soutient le droit de porter le foulard.<\/p>\n<p align=\"justify\">Mohamed Merah c\u2019est moi, et moi je suis lui. Nous sommes de la m\u00eame origine mais surtout de la m\u00eame condition. Nous sommes des sujets postcoloniaux. Nous sommes des indig\u00e8nes de la r\u00e9publique.<\/p>\n<p align=\"justify\">Mohamed Merah, c\u2019est moi et ca n\u2019est pas moi. Aim\u00e9 C\u00e9saire, le chantre de la n\u00e9gritude, disait, je suis un n\u00e8gre fondamental. Je dis ce soir, je suis une musulmane fondamentale. Ce que Mohamed Merah n\u2019aura pas eu l\u2019occasion ni la chance d\u2019\u00eatre. Qu\u2019est-ce que c\u2019est un n\u00e8gre fondamental, une musulmane fondamentale\u00a0? C\u2019est un humain, c\u2019est un citoyen entier de son humanit\u00e9. C\u2019est celui qui refuse d\u2019agir comme son ennemi et de s\u2019identifier \u00e0 lui. Car notre ennemi est un barbare. Celui qui confond oppresseur et opprim\u00e9 est un barbare. Celui qui tue impun\u00e9ment \u00e0 Kaboul avec les armes de l\u2019empire est un barbare, celui qui tue aveugl\u00e9ment \u00e0 Gaza avec les armes de l\u2019empire est un barbare, celui qui r\u00e9prime dans le sang \u00e0 Abidjan avec les armes de l\u2019empire est un barbare. Souvent, trop souvent, ce sont des enfants que l\u2019on tue. Des innocents.<\/p>\n<p align=\"justify\">C\u2019est ce dont s\u2019est rendu coupable Mohamed Merah si sa culpabilit\u00e9 \u00e9tait confirm\u00e9e. Par son acte, qu\u2019il soit un jeune homme paum\u00e9 ou agent de la DCRI, il a rejoint le camp de ses propres adversaires. De NOS adversaires. Par son acte, il s\u2019empare d\u2019une des dimensions principales de nos ennemis\u00a0: celle de consid\u00e9rer les Juifs comme une essence sioniste ou une essence tout court. Aucun Juif ne nait avec le sionisme dans le sang, aucun Blanc ne nait avec le racisme dans le sang, aucun Arabe, aucun musulman, aucun noir ne nait avec la haine et le revanchardisme dans le sang. Et c\u2019est pr\u00e9cis\u00e9ment ici que nos routes se s\u00e9parent. Et c\u2019est pr\u00e9cis\u00e9ment \u00e0 ce carrefour que nous nous affirmons ou pas n\u00e8gres ou musulmans fondamentaux. Nous ne pouvons pas combattre le racisme et le devenir nous-m\u00eames ou en tout cas en rev\u00eatir la forme. Ce qui nous caract\u00e9rise c\u2019est notre d\u00e9termination \u00e0 rester sur le terrain politique et sur celui de la dignit\u00e9 humaine.<\/p>\n<p align=\"justify\">Mais ce choix de ne pas c\u00e9der \u00e0 la barbarie ne peut pas \u00eatre un choix isol\u00e9, individuel. Je ne peux pas choisir toute seule d\u2019\u00eatre une musulmane fondamentale. C\u2019est un choix collectif organis\u00e9. Il faut nous sauver les uns, les autres, il faut nous prot\u00e9ger les uns les autres. Et il faut prot\u00e9ger nos enfants qui subissent cette violence extr\u00eame du monde dans lequel nous vivons et qui, pour lui \u00e9chapper, ne trouvent rien de mieux \u00e0 faire que de la reproduire dans toute sa laideur.<\/p>\n<p align=\"justify\">Et si nous n\u2019avons pas su prot\u00e9ger Mohamed Merah de lui-m\u00eame pour mieux nous prot\u00e9ger et prot\u00e9ger la soci\u00e9t\u00e9, c\u2019est aussi de notre faute. Trente ans de lutte de l\u2019immigration en France et m\u00eame plus n\u2019ont pas r\u00e9ussi \u00e0 construire une alternative politique pour donner un sens positif \u00e0 la rage et \u00e0 la col\u00e8re de celles et ceux dont nous sommes et qui vivent l\u2019humiliation et les discriminations dans les ghettos de France. Trente ans n\u2019ont pas r\u00e9ussi \u00e0 donner \u00e0 notre l\u00e9gitime col\u00e8re, une expression politique. Nous n\u2019avons m\u00eame pas \u00e9t\u00e9 capables de nous organiser suite aux \u00e9meutes urbaines de 2005. Que ferons-nous lorsque les prochaines r\u00e9voltes \u00e9clateront et cela h\u00e9las ne manquera pas de se produire.<\/p>\n<p align=\"justify\">Lorsque nous avons lanc\u00e9 Printemps des quartiers, nous savions d\u00e9j\u00e0 que la situation \u00e9tait grave, nous savions d\u00e9j\u00e0 que les grands partis politiques non seulement n\u2019allaient pas prendre leurs responsabilit\u00e9s mais allaient m\u00eame faire les apprentis sorciers, jouer avec le feu. Nous savions d\u00e9j\u00e0 que le racisme, les discriminations, les contr\u00f4les au faci\u00e8s, le ch\u00f4mage massif faisaient des ravages dans la t\u00eate des victimes de cet ordre social. En organisant cette dynamique, nous avons souhait\u00e9 prendre nos responsabilit\u00e9s parce qu\u2019il y a un d\u00e9sert politique qu\u2019il faut combler de toute urgence. La paix sociale a un prix. Pas de justice, pas de paix. Aujourd\u2019hui, des pressions politiques sont faites pour \u00e9touffer ce souffle timide. Nous en avons l\u2019habitude. H\u00e9ritiers des luttes de l\u2019immigration et des quartiers, nous savons que nos tentatives d\u2019organisation ont syst\u00e9matiquement \u00e9t\u00e9 d\u00e9truites par les pouvoir centraux ou locaux. Nous sommes certes responsables mais pas coupables. Au nom de Printemps des quartiers, je voudrais ici exprimer notre profonde tristesse aux familles, aux p\u00e8res et aux m\u00e8res des victimes, adultes et enfants de l\u2019effroyable tuerie de Toulouse et Montauban et r\u00e9it\u00e9rer nos condol\u00e9ances.<\/p>\n<p align=\"justify\">Au nom de Printemps des quartiers, je voudrais \u00e9galement que nous ayons tous ici ce soir une pens\u00e9e solidaire pour Madame Zoulikha Aziri, m\u00e8re de Mohamed Merah qui traverse aujourd\u2019hui une \u00e9preuve insoutenable. Celle d\u2019avoir perdu son fils dans des circonstances effroyables, un corps cribl\u00e9 d\u2019une trentaine de balles. Celle d\u2019\u00eatre jet\u00e9e \u00e0 la vindicte populaire pour avoir enfant\u00e9 un monstre. Celle de l\u2019affront qui lui est fait par le gouvernement alg\u00e9rien d\u2019interdire la mise en terre de son fils sur le territoire alg\u00e9rien, terre de ses anc\u00eatres et de sa religion. Celle enfin de ne pas avoir \u00e9t\u00e9 autoris\u00e9e \u00e0 se recueillir aupr\u00e8s de son enfant avant son enterrement.<\/p>\n<p align=\"justify\">J\u2019\u00e9prouve une immense tristesse pour toutes ces m\u00e8res et je ne vois pas comment ce soir nous pourrions \u00e9chapper \u00e0 notre devoir de soulager le c\u0153ur de ces femmes qui doivent banalement ressembler \u00e0 toutes nos m\u00e8res et que le destin a frapp\u00e9 cruellement. Je ne vois pas comment nous pourrions \u00e9chapper au devoir d\u2019affronter l\u2019avenir\u00a0: celui de nous organiser pour combattre notre v\u00e9ritable ennemi\u00a0: le syst\u00e8me imp\u00e9rialiste, raciste et ultra lib\u00e9ral qui provoque la mort industrielle des populations qui ont le malheur de vivre dans les pays du sud et la d\u00e9sagr\u00e9gation sociale des soci\u00e9t\u00e9s occidentales. La Gr\u00e8ce et l\u2019Espagne sont dans le tourbillon de la crise. Demain, ce sera la France. Si nous avons tous notre part de responsabilit\u00e9 dans le d\u00e9sordre du monde, nous n\u2019en connaissons pas moins le v\u00e9ritable organisateur, le v\u00e9ritable coupable. Notre destin est entre nos mains.<\/p>\n<p align=\"justify\"><em>Houria Bouteldja<\/em>, Bagnolet, le 31 mars 2012<\/p>\n<p align=\"justify\"><strong>Intervention d\u2019Houria Bouteldja au nom de \u00ab\u00a02012\u00a0: Printemps des quartiers populaires\u00a0\u00bb<\/strong><\/p>\n<h3 align=\"justify\"><span style=\"font-family: Verdana; font-size: large;\"><strong>Meeting de Printemps des Quartiers du 31 mars 2012 \u00e0 Bagnolet. Exister, c\u2019est exister politiquement\u00a0!<\/strong><\/span><\/h3>\n<p><span style=\"color: #ce1126; font-family: Verdana; font-size: x-small;\"><strong>par Printemps des Quartiers<\/strong><\/span><\/p>\n<p align=\"justify\">La soir\u00e9e-d\u00e9bat du 31 mars du r\u00e9seau \u00ab\u00a0Printemps des Quartiers\u00a0\u00bb, \u00e0 Bagnolet, s\u2019inscrivait dans un moment d\u00e9licat de la vie politique fran\u00e7aise, parce qu\u2019elle se d\u00e9roulait \u00e0 la veille des \u00e9lections pr\u00e9sidentielles, et dans le contexte de la tuerie de Toulouse\/Montauban.Cette r\u00e9union a exprim\u00e9 le rejet de la censure \u00ab\u00a0morale\u00a0\u00bb que l\u2019on veut nous imposer visant \u00e0 emp\u00eacher une analyse structurelle d\u2019ensemble du d\u00e9sordre social et politique, o\u00f9 le national s\u2019articule \u00e0 l\u2019international, avec une radicalisation s\u00e9curitaire, nationaliste et islamophobe que nous avons voulu d\u00e9noncer.<\/p>\n<p align=\"justify\">C\u2019est ce, que <em>Youcef Brakni<\/em> qui pr\u00e9sidait le d\u00e9bat a soulign\u00e9 en introduction devant environ 600 personnes (une r\u00e9ussite alors que nous n\u2019avons eu confirmation de la salle que quelques jours auparavant, et dans un climat mena\u00e7ant)\u2026 Il a \u00e9voqu\u00e9 les pressions pour interdire le meeting et salu\u00e9 la r\u00e9sistance du Maire \u2013 en annon\u00e7ant que les islamophobes allaient perdre des voix\u2026 Il a donn\u00e9 ensuite la parole \u00e0 des intervenant.e.s tr\u00e8s compl\u00e9mentaires \u00e9cout\u00e9.e.s tr\u00e8s attentivement.<\/p>\n<p align=\"justify\"><em>Neimane Amraoui<\/em>, du Groupe d\u2019Association de Bagnolet, a rendu compte de fa\u00e7on vivante et personnelle des exp\u00e9riences v\u00e9cues et accumul\u00e9es dans son activit\u00e9 de quartier pour inciter \u00e0 la responsabilisation et \u00e0 l\u2019extension ailleurs de ce type d\u2019engagement.<\/p>\n<p align=\"justify\">Le journaliste <em>Alain Gresh<\/em> analysait ensuite les liens entre politique dominante des partis politiques fran\u00e7ais et enjeux internationaux. Il a soulign\u00e9 notamment les infl\u00e9chissements de l\u2019orientation fran\u00e7aise s\u2019inscrivant dans une vision du monde en terme de guerres de civilisations o\u00f9 Isra\u00ebl repr\u00e9sente la pointe avanc\u00e9e d\u2019un \u2019l\u2019Occident\u00a0\u00bb imp\u00e9rial \u2013 mais un Occident aujourd\u2019hui confront\u00e9 \u00e0 ses \u00e9checs, de l\u2019Afghanistan \u00e0 l\u2019Irak, et \u00e0 un basculement du monde ouvrant des marges de r\u00e9sistances.<\/p>\n<p align=\"justify\">L\u2019avocate <em>Nawel Gafsia<\/em> a d\u00e9construit l\u2019instrumentalisation de la la\u00efcit\u00e9 sur des bases islamophobes, contradictoires avec l\u2019essence de la loi de 1905. Elle a soulign\u00e9 que celle-ci organisait la pluralit\u00e9 et la libert\u00e9 de conscience dans l\u2019espace public \u2013 l\u2019Etat seul \u00e9tant tenu \u00e0 la neutralit\u00e9 envers la religion, alors que toutes les lois depuis 2004 tendent \u00e0 \u00e9tendre l\u2019exigence de \u00ab\u00a0neutralit\u00e9\u00a0\u00bb en restreignant les libert\u00e9s religieuses des citoyens \u2013 en premier lieu des musulmanes portant le foulard.<\/p>\n<p align=\"justify\">Cette analyse fut relay\u00e9e par l\u2019intervention de <em>Fatima Tamtam<\/em>, relatant l\u2019exp\u00e9rience des femmes du collectif Agir pour nos libert\u00e9s, \u00e0 Marseille, qui agissent contre l\u2019islamophobie dans la campagne pr\u00e9sidentielle.<\/p>\n<p align=\"justify\">Le sociologue <em>Sa\u00efd Bouamama<\/em>, militant du Front Uni des Immigrations et des Quartiers Populaires, a d\u00e9cortiqu\u00e9, devant un public absorb\u00e9, la fa\u00e7on dont \u00e9taient trait\u00e9s les immigr\u00e9s \u2013 ou \u00e9ternellement pr\u00e9sent\u00e9s comme tels \u2013 au plan politique, social et \u00e9lectoral. A ceux qui exigent \u00e0 juste titre qu\u2019on mette le social au coeur des enjeux, il a soulign\u00e9 combien, de fa\u00e7on syst\u00e9matique, les discriminations raciales pla\u00e7aient toujours les m\u00eames au bas de l\u2019\u00e9chelle.<\/p>\n<p align=\"justify\"><em>Tariq Ramadan<\/em> a fait le lien entre les diverses interventions, soulignant combien ces analyses critiques du national \u00e0 l\u2019international \u00e9taient l\u2019ingr\u00e9dient n\u00e9cessaire \u00e0 l\u2019\u00e9mergence d\u2019une r\u00e9elle \u00e9thique en politique \u2013 donnant sens et force \u00e0 une spiritualit\u00e9 qui reste sinon passive. Se positionnant du c\u00f4t\u00e9 de tous les opprim\u00e9s quelle que soit leur couleur de peau et leur religion, il a conclu sur l\u2019enjeu de faire \u00e9merger de v\u00e9ritables contre-pouvoirs face aux politiques dominantes.<\/p>\n<p align=\"justify\"><em>Nabil Ennasri<\/em> pr\u00e9sident du CMF, ayant \u00e9t\u00e9 retard\u00e9, n\u2019a pu participer \u00e0 la tribune. Mais nous rejoignant en cours de discussion, il a exprim\u00e9 son point de vue sur l\u2019engagement des musulmans face \u00e0 ces \u00e9lections.<\/p>\n<p align=\"justify\">Intervenant pour conclure au nom du r\u00e9seau Printemps des quartiers, <em>Houria Bouteldja<\/em> a fait une vibrante intervention sur le th\u00e8me \u00ab\u00a0je suis\/je ne suis pas\u00a0\u00bb Mohamed M.\u00a0exprimant malaise, col\u00e8re et tristesse face \u00e0 cette trag\u00e9die et le rejet de son instrumentalisation. Elle a indiqu\u00e9 l\u2019intention du collectif Printemps des Quartiers de contacter un vaste r\u00e9seau d\u2019associations et organisations pour exprimer ensemble apr\u00e8s le premier tour d\u2019\u00e9lections qui n\u2019auront rien r\u00e9gl\u00e9 \u2013 le 8 mai, proposons nous, symbole pour l\u2019Alg\u00e9rie\u2026 \u2013 le rejet d\u2019un syst\u00e8me qui, hier comme aujourd\u2019hui, se pr\u00e9tend lib\u00e9r\u00e9 tout en cachant ses m\u00e9faits.<\/p>\n<p align=\"justify\"><em>Printemps des quartiers<\/em>, Paris, le 4 avril 2012<\/p>\n<p align=\"justify\"><strong>L\u2019appel 2012\u00a0: Pour un Printemps des quartiers populaires a \u00e9t\u00e9 publi\u00e9, sur M\u00e9diapart, avec ses premiers signataires, le 27 Octobre, comm\u00e9morant la mort de Zyad et Bouna et le d\u00e9but des r\u00e9voltes de 2005. On peut visionner quelques vid\u00e9os de ses meetings sur le site printemps2012.fr<\/strong><\/p>\n<\/div>\n","protected":false},"excerpt":{"rendered":"<p>par Houria Boutedja Mon salam aux fr\u00e8res et s\u0153urs qui sont dans la salle, aux amis et militants. Je salue \u00e9galement le Groupe des Associations de Bagnolet qui a permis la tenue de ce meeting et en particulier les \u00e9lus locaux qui ont eu le courage de r\u00e9sister aux pressions. Je dois conclure ce meeting &#8230; <a title=\"Mohamed Merah et moi\" class=\"read-more\" href=\"https:\/\/bruxelles-pantheres.be\/?p=1287\" aria-label=\"En savoir plus sur Mohamed Merah et moi\">Lire la suite<\/a><\/p>\n","protected":false},"author":1,"featured_media":761,"comment_status":"open","ping_status":"open","sticky":false,"template":"","format":"standard","meta":{"footnotes":""},"categories":[21,36,4,28],"tags":[31,14,23],"class_list":["post-1287","post","type-post","status-publish","format-standard","has-post-thumbnail","hentry","category-anti-imperialisme","category-europe","category-islamophobie","category-racismes","tag-belgique","tag-bruxelles","tag-discrimination"],"_links":{"self":[{"href":"https:\/\/bruxelles-pantheres.be\/index.php?rest_route=\/wp\/v2\/posts\/1287","targetHints":{"allow":["GET"]}}],"collection":[{"href":"https:\/\/bruxelles-pantheres.be\/index.php?rest_route=\/wp\/v2\/posts"}],"about":[{"href":"https:\/\/bruxelles-pantheres.be\/index.php?rest_route=\/wp\/v2\/types\/post"}],"author":[{"embeddable":true,"href":"https:\/\/bruxelles-pantheres.be\/index.php?rest_route=\/wp\/v2\/users\/1"}],"replies":[{"embeddable":true,"href":"https:\/\/bruxelles-pantheres.be\/index.php?rest_route=%2Fwp%2Fv2%2Fcomments&post=1287"}],"version-history":[{"count":2,"href":"https:\/\/bruxelles-pantheres.be\/index.php?rest_route=\/wp\/v2\/posts\/1287\/revisions"}],"predecessor-version":[{"id":1289,"href":"https:\/\/bruxelles-pantheres.be\/index.php?rest_route=\/wp\/v2\/posts\/1287\/revisions\/1289"}],"wp:featuredmedia":[{"embeddable":true,"href":"https:\/\/bruxelles-pantheres.be\/index.php?rest_route=\/wp\/v2\/media\/761"}],"wp:attachment":[{"href":"https:\/\/bruxelles-pantheres.be\/index.php?rest_route=%2Fwp%2Fv2%2Fmedia&parent=1287"}],"wp:term":[{"taxonomy":"category","embeddable":true,"href":"https:\/\/bruxelles-pantheres.be\/index.php?rest_route=%2Fwp%2Fv2%2Fcategories&post=1287"},{"taxonomy":"post_tag","embeddable":true,"href":"https:\/\/bruxelles-pantheres.be\/index.php?rest_route=%2Fwp%2Fv2%2Ftags&post=1287"}],"curies":[{"name":"wp","href":"https:\/\/api.w.org\/{rel}","templated":true}]}}