{"id":1292,"date":"2012-04-06T23:17:13","date_gmt":"2012-04-06T22:17:13","guid":{"rendered":"https:\/\/bruxelles-pantheres.be\/?p=1292"},"modified":"2013-11-17T23:23:12","modified_gmt":"2013-11-17T22:23:12","slug":"pas-de-prison-a-haren","status":"publish","type":"post","link":"https:\/\/bruxelles-pantheres.be\/?p=1292","title":{"rendered":"Pas de prison \u00e0 Haren !"},"content":{"rendered":"<p>&nbsp;<\/p>\n<p><img decoding=\"async\" class=\"alignleft\" alt=\"http:\/\/a401.idata.over-blog.com\/500x384\/4\/95\/95\/23\/Images-blog-01\/enfant-prison1.jpg\" src=\"http:\/\/a401.idata.over-blog.com\/500x384\/4\/95\/95\/23\/Images-blog-01\/enfant-prison1.jpg\" \/><\/p>\n<p>&nbsp;<\/p>\n<h3><em>-Pas de prison dans une zone r\u00e9sidentielle :<\/em><br \/>\n<em> Non \u00e0 une prison face aux habitations du village.<\/em><\/h3>\n<h3><em>-Non \u00e0 la saturation du trafic autour de Haren \u00e0 cause de la prison<\/em><\/h3>\n<h3><em>-Non \u00e0 la travers\u00e9e de Haren pour les acc\u00e8s \u00e0 la prison<\/em><\/h3>\n<h3><em>-Non \u00e0 la destruction des liaisons inter-village \u00e0 cause de la prison<\/em><\/h3>\n<h3><em>-Non \u00e0 la d\u00e9valorisation des habitations \u00e0 Haren \u00e0 cause de la prison<\/em><\/h3>\n<h3><em>-Non \u00e0 plus d\u2019avions sur Haren \u00e0 cause de la prison<\/em><\/h3>\n<h3><em>-Non \u00e0 la destruction des espaces verts de d\u00e9tente \u00e0 cause de la prison<strong><!--more--><\/strong><\/em><\/h3>\n<p>&nbsp;<\/p>\n<pre>Contact: Comit\u00e9 des Habitants de Haren, Laurent Moulin, Rue du pr\u00e9 aux Oies 192, mobili.haren@burech.com\r\n<strong> --------------------------------------<\/strong>\r\n<strong><\/strong><strong>\r\n-Geen gevangenis in een woonwijk: Neen aan een gevangenis voor onze gevels\r\n\r\n<\/strong><strong>-Neen aan de verkeerscongestie rond Haren omwille van de gevangenis\r\n<\/strong><strong>\r\n-Neen aan het transit verkeer door Haren voor de toegang tot de gevangenis\r\n\r\n<\/strong><strong>-Neen tegen de vernietiging van de inter-dorp doorgang als gevolg van de gevangenis\r\n<\/strong><strong>\r\n-Neen aan de devaluatie van de woningen in Haren tengevolge van de gevangenis\r\n\r\n<\/strong><strong>-Neen aan meer vliegtuigen boven Haren als gevolg van de gevangenis\r\n<\/strong><strong>\r\n-Neen tegen de vernietiging van de groene ruimtes tengevolge van de gevangenis\r\n<\/strong>\r\nContact: InwonersComit\u00e9 van Haren, Laurent Moulin, Ganzenweidestraat 192, mobili.haren@burech.com<\/pre>\n<p><strong><a title=\"Signer la p\u00e9tition \/ De petitie ondertekenen.\" href=\"http:\/\/www.lapetition.be\/sign_petition.php?petid=11113\"><img decoding=\"async\" title=\"Signer la p\u00e9tition \/ De petitie ondertekenen.\" alt=\"Signer la p\u00e9tition \/ De petitie ondertekenen.\" src=\"http:\/\/www.lapetition.be\/images\/stylo.jpg\" \/> Signer la p\u00e9tition \/ De petitie ondertekenen.<\/a><\/strong><\/p>\n<p>&nbsp;<\/p>\n<h3 style=\"text-align: center;\">Prison d\u2019avril\u00a0!<\/h3>\n<div>\n<div>\n<p>Un for\u00e7at \u00e9vad\u00e9 annon\u00e7ant \u00e0 la presse la construction d\u2019une super prison \u00e0 Haren \u00e0 l\u2019heure du petit d\u00e9jeuner un premier avril, la blague \u00e9tait toute trouv\u00e9e, mais le poisson du jour n\u2019\u00e9tait pas celui-l\u00e0\u00a0: les habitants de Haren manifestaient ce dimanche contre un projet de construction d\u2019un nouveau complexe p\u00e9nitencier qui devrait \u00eatre inaugur\u00e9 en 2016.<\/p>\n<\/div>\n<div><center><a href=\"http:\/\/www.telebruxelles.net\/portail\/info\/-communale-bruxelloise\/bruxelles-ville\/18726-prison-de-haren-des-habitants-inquiets-\" target=\"_blank\" rel=\"external\">Voir le reportage sur le site de T\u00e9l\u00e9-Bruxelles.<\/a>\u00a0<\/center>Cette nouvelle prison, d\u00e9j\u00e0 d\u00e9sign\u00e9e comme la plus grande de Belgique, est cens\u00e9e remplacer les prisons de Forest, Saint-Gilles et Berkendael, v\u00e9tustes et surpeupl\u00e9es.Le terrain concern\u00e9 est enclav\u00e9 entre le boulevard de la Woluwe et la chauss\u00e9e de Haecht et les b\u00e2timents seront vraisemblablement construits sur le site d\u2019une ancienne usine d\u00e9saffect\u00e9e mais aussi sur un grand espace vert.Les habitants sont aujourd\u2019hui inquiets. La d\u00e9cision rel\u00e8ve de l\u2019\u00c9tat f\u00e9d\u00e9ral et les n\u00e9gociations avec la Ville de Bruxelles semblent plut\u00f4t confidentielles. Les habitants se sentent tenus \u00e0 l\u2019\u00e9cart de toutes d\u00e9cisions et regrettent vivement le manque de concertation.Les questions sont nombreuses et portent sur l\u2019int\u00e9gration d\u2019un tel projet dans la commune de Haren, sur la mobilit\u00e9 (peu de transports en commun, augmentation du trafic li\u00e9 aux travailleurs de la prison, aux assistants sociaux mais aussi aux familles des d\u00e9tenus), mais surtout sur la suppression d\u2019un vaste espace vert utilis\u00e9 comme lieu de promenade par les riverains.<\/p>\n<p>Plus globalement comment l\u2019arriv\u00e9e de quelque 1\u00a0190 d\u00e9tenus, 900 membres du personnel et 100 places de parking peut participer \u00e0 am\u00e9liorer la qualit\u00e9 de la vie\u00a0?<\/p>\n<p><strong>Infos<\/strong><\/p>\n<ul>\n<li>Blog\u00a0: <a href=\"http:\/\/haren.blogs.sudinfo.be\/\" target=\"_blank\" rel=\"nofollow external\">http:\/\/haren.blogs.sudinfo.be<\/a><\/li>\n<li>P\u00e9tition\u00a0: <a href=\"http:\/\/11113.lapetition.be\/\" target=\"_blank\" rel=\"nofollow external\">http:\/\/11113.lapetition.be<\/a><\/li>\n<li>Radio\u00a0: <a href=\"http:\/\/haren-radio.playtheradio.com\/\" target=\"_blank\" rel=\"nofollow external\">http:\/\/haren-radio.playtheradio.com<\/a><\/li>\n<li>Facebook\u00a0: <a href=\"http:\/\/www.facebook.com\/1130Haren\" target=\"_blank\" rel=\"nofollow external\">http:\/\/www.facebook.com\/1130Haren<\/a><\/li>\n<\/ul>\n<\/div>\n<\/div>\n<p>&nbsp;<\/p>\n<p><a href=\"https:\/\/bruxelles-pantheres.be\/wp-content\/uploads\/2013\/11\/doc-282.jpg\"><img decoding=\"async\" class=\"size-full wp-image-686 alignright\" alt=\"doc-282\" src=\"https:\/\/bruxelles-pantheres.be\/wp-content\/uploads\/2013\/11\/doc-282.jpg\" width=\"500\" height=\"655\" srcset=\"https:\/\/bruxelles-pantheres.be\/wp-content\/uploads\/2013\/11\/doc-282.jpg 500w, https:\/\/bruxelles-pantheres.be\/wp-content\/uploads\/2013\/11\/doc-282-229x300.jpg 229w\" sizes=\"(max-width: 500px) 100vw, 500px\" \/><\/a><\/p>\n<p><a title=\"Transformons les prisons en \u00e9coles !\" href=\"http:\/\/www.egalite.be\/?p=763\" rel=\"bookmark\">Transformons les prisons en \u00e9coles !<\/a><\/p>\n","protected":false},"excerpt":{"rendered":"<p>&nbsp; &nbsp; -Pas de prison dans une zone r\u00e9sidentielle : Non \u00e0 une prison face aux habitations du village. -Non \u00e0 la saturation du trafic autour de Haren \u00e0 cause de la prison -Non \u00e0 la travers\u00e9e de Haren pour les acc\u00e8s \u00e0 la prison -Non \u00e0 la destruction des liaisons inter-village \u00e0 cause de &#8230; <a title=\"Pas de prison \u00e0 Haren !\" class=\"read-more\" href=\"https:\/\/bruxelles-pantheres.be\/?p=1292\" aria-label=\"En savoir plus sur Pas de prison \u00e0 Haren !\">Lire la suite<\/a><\/p>\n","protected":false},"author":1,"featured_media":686,"comment_status":"open","ping_status":"open","sticky":false,"template":"","format":"standard","meta":{"footnotes":""},"categories":[21,8,18,5],"tags":[31,14,19,54],"class_list":["post-1292","post","type-post","status-publish","format-standard","has-post-thumbnail","hentry","category-anti-imperialisme","category-prisons","category-resistance-bruxelles","category-violence-policiere","tag-belgique","tag-bruxelles","tag-pauvrete","tag-police"],"_links":{"self":[{"href":"https:\/\/bruxelles-pantheres.be\/index.php?rest_route=\/wp\/v2\/posts\/1292","targetHints":{"allow":["GET"]}}],"collection":[{"href":"https:\/\/bruxelles-pantheres.be\/index.php?rest_route=\/wp\/v2\/posts"}],"about":[{"href":"https:\/\/bruxelles-pantheres.be\/index.php?rest_route=\/wp\/v2\/types\/post"}],"author":[{"embeddable":true,"href":"https:\/\/bruxelles-pantheres.be\/index.php?rest_route=\/wp\/v2\/users\/1"}],"replies":[{"embeddable":true,"href":"https:\/\/bruxelles-pantheres.be\/index.php?rest_route=%2Fwp%2Fv2%2Fcomments&post=1292"}],"version-history":[{"count":3,"href":"https:\/\/bruxelles-pantheres.be\/index.php?rest_route=\/wp\/v2\/posts\/1292\/revisions"}],"predecessor-version":[{"id":1295,"href":"https:\/\/bruxelles-pantheres.be\/index.php?rest_route=\/wp\/v2\/posts\/1292\/revisions\/1295"}],"wp:featuredmedia":[{"embeddable":true,"href":"https:\/\/bruxelles-pantheres.be\/index.php?rest_route=\/wp\/v2\/media\/686"}],"wp:attachment":[{"href":"https:\/\/bruxelles-pantheres.be\/index.php?rest_route=%2Fwp%2Fv2%2Fmedia&parent=1292"}],"wp:term":[{"taxonomy":"category","embeddable":true,"href":"https:\/\/bruxelles-pantheres.be\/index.php?rest_route=%2Fwp%2Fv2%2Fcategories&post=1292"},{"taxonomy":"post_tag","embeddable":true,"href":"https:\/\/bruxelles-pantheres.be\/index.php?rest_route=%2Fwp%2Fv2%2Ftags&post=1292"}],"curies":[{"name":"wp","href":"https:\/\/api.w.org\/{rel}","templated":true}]}}