{"id":1307,"date":"2012-03-23T23:42:04","date_gmt":"2012-03-23T22:42:04","guid":{"rendered":"https:\/\/bruxelles-pantheres.be\/?p=1307"},"modified":"2013-11-17T23:44:50","modified_gmt":"2013-11-17T22:44:50","slug":"manifestation-pour-la-regularisation-des-sans-papiers","status":"publish","type":"post","link":"https:\/\/bruxelles-pantheres.be\/?p=1307","title":{"rendered":"Manifestation pour la r\u00e9gularisation des sans-papiers \u2013"},"content":{"rendered":"<div class=\"entry-content\">\n<p style=\"text-align: center;\"><img decoding=\"async\" alt=\"http:\/\/a51.idata.over-blog.com\/3\/53\/93\/58\/nooneg.jpg\" src=\"http:\/\/a51.idata.over-blog.com\/3\/53\/93\/58\/nooneg.jpg\" \/><\/p>\n<p style=\"text-align: center;\"><strong>Manifestation pour la r\u00e9gularisation des sans-papiers \u2013 <\/strong><\/p>\n<p style=\"text-align: center;\"><strong>Betoging voor de regularisatie van de sans-papiers<!--more--><\/strong><\/p>\n<p>(NL) Mensen zonder papieren leven in erbarmelijke omstandigheden, zonder rechten. Maar wat hebben zij misdaan om zo veracht te worden? Wat is er mis met op zoek te gaan naar een beter leven? Om je vrij te willen bewegen? Om te\u2026 LEVEN?<\/p>\n<p>Op dit moment (vrijdag 23 maart) zijn 23 sans-papiers 70 dagen in hongerstaking! In een dergelijke staat van wanhoop, besluiten ze hun gezondheid in te zetten om misschien een kans te maken om een paar maanden te verblijven in ons land \u2026 Deze hongerstaking zal hen mentaal en fysiek voor het leven markeren!!<\/p>\n<p>De 23 mensen zonder papieren van VUB vragen om een verblijfs- en werkvergunning van minstens \u00e9\u00e9n jaar. De Block, deblokkeer de situatie en regulariseer de mensen zonder papieren! Want geen mens is illegaal!!<\/p>\n<p><strong><span style=\"color: #ff0000;\">Wanneer?<\/span>\u00a0 Donderdag 29 maart om 16u <\/strong><\/p>\n<p><strong><span style=\"color: #ff0000;\">Waar? <\/span>Centraal station<\/strong><\/p>\n<p><strong><span style=\"color: #ff0000;\"> Waarom?<\/span> regularisatie van de sans-papiers<\/strong><\/p>\n<p>(FR) Les sans-papiers vivent aujourd\u2019hui dans des situations mis\u00e9rables, sans droits, compl\u00e8tement exclus et m\u00e9pris\u00e9s. Mais qu\u2019ont-ils donc fait pour qu\u2019on leur en veuille tant ? Est-ce si grave d\u2019\u00eatre \u00e0 la recherche d\u2019une vie meilleure ? De vouloir se d\u00e9placer librement ? De VIVRE ?<\/p>\n<p>En ce moment (vendredi 23 mars), 23 sans-papiers sont en gr\u00e8ve de la faim depuis 70 jours ! Dans un tel \u00e9tat de d\u00e9sespoir, ils d\u00e9cident de se rendre malade afin de peut-\u00eatre avoir une chance de rester quelques mois de plus dans notre pays\u2026 Cette gr\u00e8ve les marquera moralement et physiquement \u00e0 vie !<\/p>\n<p>Les 23 sans-papiers de la vub demandent un permis de s\u00e9jour et de travail pour au moins un an. De Block, d\u00e9bloque la situation et r\u00e9gularise les sans-papiers! Parce que aucunne personne n\u2019est ill\u00e9gal!<\/p>\n<p><strong><span style=\"color: #ff0000;\">Quand?<\/span> jeudi 29 mars \u00e0 16h <\/strong><\/p>\n<p><strong><span style=\"color: #ff0000;\">O\u00f9?<\/span> Gare centrale <\/strong><\/p>\n<p><strong><span style=\"color: #ff0000;\">Pourquoi?<\/span> R\u00e9gularisation des sans-papiers<\/strong><\/p>\n<p>Artikels na bijeenkomst woensdag \/ Articles apr\u00e8s le rassemblement de mercredi:<br \/>\n&#8211; <a href=\"http:\/\/www.conseildelajeunesse.be\/42-jeunes-arretes-pour-defendre,385\" target=\"_blank\" rel=\"nofollow nofollow\">http:\/\/<wbr \/>www.conseildelajeunesse.be\/<wbr \/>42-jeunes-arretes-pour-defe<wbr \/>ndre,385<\/a><br \/>\n&#8211; <a href=\"http:\/\/moeialred.wordpress.com\/2012\/03\/21\/massa-arrestatie-bij-betoging-sans-papiers-aan-kantoor-de-block\/\" target=\"_blank\" rel=\"nofollow nofollow\">http:\/\/<wbr \/>moeialred.wordpress.com\/<wbr \/>2012\/03\/21\/<wbr \/>massa-arrestatie-bij-betogi<wbr \/>ng-sans-papiers-aan-kantoo<wbr \/>r-de-block\/<\/a><br \/>\n&#8211; <a href=\"http:\/\/chengetheworld.be\/fr\/communiques\/arretes-pour-des-oeufs-mepris-et-intimidation-au-cabinet-de-block\" target=\"_blank\" rel=\"nofollow nofollow\">http:\/\/chengetheworld.be\/<wbr \/>fr\/communiques\/<wbr \/>arretes-pour-des-oeufs-mepr<wbr \/>is-et-intimidation-au-cabi<wbr \/>net-de-block<\/a> et <a href=\"http:\/\/chengetheworld.be\/nl\/persberichten\/intimidatie-aan-kabinet-de-block-studenten-opgepakt-omdat-ze-eieren-gooiden\" target=\"_blank\" rel=\"nofollow nofollow\">http:\/\/chengetheworld.be\/<wbr \/>nl\/persberichten\/<wbr \/>intimidatie-aan-kabinet-de-<wbr \/>block-studenten-opgepakt-o<wbr \/>mdat-ze-eieren-gooiden<\/a><\/p>\n<p>Video:<br \/>\n&#8211; <a href=\"http:\/\/www.dewereldmorgen.be\/video\/2012\/03\/22\/studenten-aangehouden-bij-betoging-sans-papiers-in-brussel\" target=\"_blank\" rel=\"nofollow nofollow\">http:\/\/<wbr \/>www.dewereldmorgen.be\/<wbr \/>video\/2012\/03\/22\/<wbr \/>studenten-aangehouden-bij-b<wbr \/>etoging-sans-papiers-in-br<wbr \/>ussel<\/a><\/p>\n<p>Meer verslaggeving over hongerstaking in studententijdschrift De Moeial\/ Plus d\u2019informations sur la gr\u00e8ve de la faim dans journal \u00e9tudiant De Moeial:<br \/>\n&#8211; <a href=\"http:\/\/moeialred.wordpress.com\/\" target=\"_blank\" rel=\"nofollow nofollow\">http:\/\/<wbr \/>moeialred.wordpress.com\/<\/a><\/p>\n<p>FB: <a href=\"https:\/\/www.facebook.com\/pages\/Kollektief-sans-papiers-vub\/330442573636573\" target=\"_blank\" rel=\"nofollow\">https:\/\/www.facebook.com\/<wbr \/>pages\/<wbr \/>Kollektief-sans-papiers-vub<wbr \/>\/330442573636573<\/a><\/p>\n<\/div>\n","protected":false},"excerpt":{"rendered":"<p>Manifestation pour la r\u00e9gularisation des sans-papiers \u2013 Betoging voor de regularisatie van de sans-papiers<\/p>\n","protected":false},"author":1,"featured_media":446,"comment_status":"open","ping_status":"open","sticky":false,"template":"","format":"standard","meta":{"footnotes":""},"categories":[21,36,18,39],"tags":[31,14,23,30,15],"class_list":["post-1307","post","type-post","status-publish","format-standard","has-post-thumbnail","hentry","category-anti-imperialisme","category-europe","category-resistance-bruxelles","category-sans-papier","tag-belgique","tag-bruxelles","tag-discrimination","tag-maroc","tag-resistance"],"_links":{"self":[{"href":"https:\/\/bruxelles-pantheres.be\/index.php?rest_route=\/wp\/v2\/posts\/1307","targetHints":{"allow":["GET"]}}],"collection":[{"href":"https:\/\/bruxelles-pantheres.be\/index.php?rest_route=\/wp\/v2\/posts"}],"about":[{"href":"https:\/\/bruxelles-pantheres.be\/index.php?rest_route=\/wp\/v2\/types\/post"}],"author":[{"embeddable":true,"href":"https:\/\/bruxelles-pantheres.be\/index.php?rest_route=\/wp\/v2\/users\/1"}],"replies":[{"embeddable":true,"href":"https:\/\/bruxelles-pantheres.be\/index.php?rest_route=%2Fwp%2Fv2%2Fcomments&post=1307"}],"version-history":[{"count":1,"href":"https:\/\/bruxelles-pantheres.be\/index.php?rest_route=\/wp\/v2\/posts\/1307\/revisions"}],"predecessor-version":[{"id":1308,"href":"https:\/\/bruxelles-pantheres.be\/index.php?rest_route=\/wp\/v2\/posts\/1307\/revisions\/1308"}],"wp:featuredmedia":[{"embeddable":true,"href":"https:\/\/bruxelles-pantheres.be\/index.php?rest_route=\/wp\/v2\/media\/446"}],"wp:attachment":[{"href":"https:\/\/bruxelles-pantheres.be\/index.php?rest_route=%2Fwp%2Fv2%2Fmedia&parent=1307"}],"wp:term":[{"taxonomy":"category","embeddable":true,"href":"https:\/\/bruxelles-pantheres.be\/index.php?rest_route=%2Fwp%2Fv2%2Fcategories&post=1307"},{"taxonomy":"post_tag","embeddable":true,"href":"https:\/\/bruxelles-pantheres.be\/index.php?rest_route=%2Fwp%2Fv2%2Ftags&post=1307"}],"curies":[{"name":"wp","href":"https:\/\/api.w.org\/{rel}","templated":true}]}}