{"id":1323,"date":"2012-03-13T20:28:37","date_gmt":"2012-03-13T19:28:37","guid":{"rendered":"https:\/\/bruxelles-pantheres.be\/?p=1323"},"modified":"2013-11-18T20:31:11","modified_gmt":"2013-11-18T19:31:11","slug":"journee-internationale-contre-les-brutalites-policieres","status":"publish","type":"post","link":"https:\/\/bruxelles-pantheres.be\/?p=1323","title":{"rendered":"Journ\u00e9e Internationale contre les brutalit\u00e9s polici\u00e8res"},"content":{"rendered":"<p>&nbsp;<\/p>\n<p><img decoding=\"async\" class=\"alignleft\" alt=\"http:\/\/operationleakspin.files.wordpress.com\/2011\/10\/police-brutality-back.jpg\" src=\"http:\/\/operationleakspin.files.wordpress.com\/2011\/10\/police-brutality-back.jpg\" \/><\/p>\n<p>&nbsp;<\/p>\n<p>&nbsp;<\/p>\n<p>&nbsp;<\/p>\n<p>Dans le cadre de la Journ\u00e9e Internationale contre les brutalit\u00e9s polici\u00e8res, la JOC et une s\u00e9rie d\u2019autres associations comme la Ligue des Droit de l\u2019Homme, Action pour la Paix, MIR-IRG, Egalit\u00e9&#8230; \u00a0 organisent une manifestation qui servira de plateforme pour mettre en \u00e9vidence les cas, de plus en plus nombreux, de violences de la police. En effet, depuis la r\u00e9pression du camp No Border, les abus de la police vont crescendo en parall\u00e8le avec l\u2019intensification des luttes. Mais il n\u2019y a pas que la police politique qui est de plus en plus violente, dans les quartiers le racisme, la violence et l\u2019arbitraire sont la r\u00e8gle depuis longtemps.<!--more--><\/p>\n<p>&nbsp;<\/p>\n<div>Le d\u00e9sespoir social aliment\u00e9 par les gouvernements et leur aust\u00e9rit\u00e9 nourrit la peur qui sert \u00e0 son tour \u00e0 justifier toujours plus de police ainsi qu\u2019une police toujours plus arm\u00e9e et donc plus violente. Les violences polici\u00e8res se multiplient accompagnant la mont\u00e9e en puissance des mouvements \u00e9tudiants, ceux des jeunes des quartiers populaires, des indign\u00e9s,\u2026 qui en sont les premi\u00e8res victimes. Le mouvement syndical aussi fait de plus en plus souvent face \u00e0 des astreintes ou m\u00eame \u00e0 des r\u00e9quisitions de travailleurs afin de casser des gr\u00e8ves. A Sprimont la police \u00e0 non seulement omis de prendre l\u2019identit\u00e9 des miliciens, mais les a accompagn\u00e9 la nuit dans l\u2019entreprise pour r\u00e9cup\u00e9rer leur mat\u00e9riel. On est en droit de se demander pour qui ils travaillent.<\/div>\n<p>&nbsp;<\/p>\n<div>La surveillance et le fichage se g\u00e9n\u00e9ralisent, les armes \u00ab non l\u00e9tales \u00bb justifient l\u2019usage de la violence pour tout et n\u2019importe quoi et l\u2019impunit\u00e9 des abus renforce le sentiment de toute puissance des agents. La manifestation permettra aussi de porter toutes les revendications li\u00e9es \u00e0 un meilleur contr\u00f4le de la police.<\/div>\n<p>&nbsp;<\/p>\n<div>Dans le cadre de la campagne \u00ab STOP R\u00c9PRESSION \u00bb de la JOC, nous appelons donc toutes les organisations, toutes les personnes, \u00e0 rejoindre le cort\u00e8ge le<strong> jeudi 15 mars \u00e0 18h Place DeBrouckere!<\/strong><\/div>\n<p>&nbsp;<\/p>\n<div>&#8211; STOP au racisme dans la police<\/div>\n<p>&nbsp;<\/p>\n<div>&#8211; STOP la r\u00e9pression des mouvements sociaux<\/div>\n<p>&nbsp;<\/p>\n<div>&#8211; STOP au tout s\u00e9curitaire<\/div>\n<p>&nbsp;<\/p>\n<div>&#8211; STOP aux Tasers et Flashball<\/div>\n<p>&nbsp;<\/p>\n<div>&#8211; STOP au fichage g\u00e9n\u00e9ralis\u00e9Organisations qui soutiennent l\u2019appel : Ligue des droits de l\u2019homme, \u00c9galit\u00e9, GSARA, Vie F\u00e9minine Bruxelles, Action pour la paix, Parti Socialiste de Lutte \u2013 Linkse Socialistische Partij, Jeunes CSC Bruxelles, ASBL asbl declik, \u00c9tudiants FGTB ULB, D\u00e9sob\u00e9issance civile Belgique, Parti Communiste, ASBL Joseph Jacquemotte, Comit\u00e9 pour l\u2019annulation de la dette du Tiers Monde, Ligue Communiste R\u00e9volutionnaire \u2013 Socialistische Arbeiderspartij, Jeune Anti Capitaliste, Attac ULB, Secours Rouge, African Socialist International, Le Mouvement International de la R\u00e9conciliation et l\u2019 Internationale des R\u00e9sistant-e-s \u00e0 la Guerre.<\/div>\n<p>&nbsp;<\/p>\n<div>La Journ\u00e9e Internationale de la brutalit\u00e9 polici\u00e8re est n\u00e9e en 1997 \u00e0 l\u2019initiative du COBP (Collectif Oppos\u00e9 \u00e0 la Brutalit\u00e9 Polici\u00e8re), un collectif bas\u00e9 \u00e0 Montr\u00e9al au Canada. Il organise depuis 15 ans une manifestation autour du mot d\u2019ordre : \u00ab qui nous prot\u00e8ge de la police ? \u00bb<\/div>\n<p>&nbsp;<\/p>\n<p>Les points de d\u00e9parts group\u00e9s dans les autres villes pour rejoindre BXL sont:<\/p>\n<p>&nbsp;<\/p>\n<p>Li\u00e8ge : 16h40 devant la gare des Guillemins.<br \/>\nVerviers : 16h30 Gare de Verviers central.<br \/>\nNamur : 16h30 \u00e0 la Gare de Namur.<br \/>\nLa Louvi\u00e8re : 16h10 gare de La Louvi\u00e8re centre.<br \/>\nCharleroi : 16h15 dans le hall de la gare de Charleroi.<\/p>\n<p>&nbsp;<\/p>\n<p>&nbsp;<\/p>\n<p>&nbsp;<\/p>\n<div>L\u2019\u00e9quipe STOP R\u00e9pression<\/div>\n<p>&nbsp;<\/p>\n<div><a href=\"mailto:stop.repression.be@gmail.com\" target=\"_blank\">stop.repression.be@gmail.com<\/a><\/div>\n<p>&nbsp;<\/p>\n<div>Contact: Jalil Bourhidane<\/div>\n<p>&nbsp;<\/p>\n<div>0472214475<\/div>\n<p>&nbsp;<\/p>\n<div><a href=\"mailto:jocbruxelles@joc.be\" target=\"_blank\">jocbruxelles@joc.be<\/a><\/div>\n","protected":false},"excerpt":{"rendered":"<p>&nbsp; &nbsp; &nbsp; &nbsp; Dans le cadre de la Journ\u00e9e Internationale contre les brutalit\u00e9s polici\u00e8res, la JOC et une s\u00e9rie d\u2019autres associations comme la Ligue des Droit de l\u2019Homme, Action pour la Paix, MIR-IRG, Egalit\u00e9&#8230; \u00a0 organisent une manifestation qui servira de plateforme pour mettre en \u00e9vidence les cas, de plus en plus nombreux, de &#8230; <a title=\"Journ\u00e9e Internationale contre les brutalit\u00e9s polici\u00e8res\" class=\"read-more\" href=\"https:\/\/bruxelles-pantheres.be\/?p=1323\" aria-label=\"En savoir plus sur Journ\u00e9e Internationale contre les brutalit\u00e9s polici\u00e8res\">Lire la suite<\/a><\/p>\n","protected":false},"author":1,"featured_media":460,"comment_status":"open","ping_status":"open","sticky":false,"template":"","format":"standard","meta":{"footnotes":""},"categories":[18,28,5],"tags":[31,14,54],"class_list":["post-1323","post","type-post","status-publish","format-standard","has-post-thumbnail","hentry","category-resistance-bruxelles","category-racismes","category-violence-policiere","tag-belgique","tag-bruxelles","tag-police"],"_links":{"self":[{"href":"https:\/\/bruxelles-pantheres.be\/index.php?rest_route=\/wp\/v2\/posts\/1323","targetHints":{"allow":["GET"]}}],"collection":[{"href":"https:\/\/bruxelles-pantheres.be\/index.php?rest_route=\/wp\/v2\/posts"}],"about":[{"href":"https:\/\/bruxelles-pantheres.be\/index.php?rest_route=\/wp\/v2\/types\/post"}],"author":[{"embeddable":true,"href":"https:\/\/bruxelles-pantheres.be\/index.php?rest_route=\/wp\/v2\/users\/1"}],"replies":[{"embeddable":true,"href":"https:\/\/bruxelles-pantheres.be\/index.php?rest_route=%2Fwp%2Fv2%2Fcomments&post=1323"}],"version-history":[{"count":1,"href":"https:\/\/bruxelles-pantheres.be\/index.php?rest_route=\/wp\/v2\/posts\/1323\/revisions"}],"predecessor-version":[{"id":1324,"href":"https:\/\/bruxelles-pantheres.be\/index.php?rest_route=\/wp\/v2\/posts\/1323\/revisions\/1324"}],"wp:featuredmedia":[{"embeddable":true,"href":"https:\/\/bruxelles-pantheres.be\/index.php?rest_route=\/wp\/v2\/media\/460"}],"wp:attachment":[{"href":"https:\/\/bruxelles-pantheres.be\/index.php?rest_route=%2Fwp%2Fv2%2Fmedia&parent=1323"}],"wp:term":[{"taxonomy":"category","embeddable":true,"href":"https:\/\/bruxelles-pantheres.be\/index.php?rest_route=%2Fwp%2Fv2%2Fcategories&post=1323"},{"taxonomy":"post_tag","embeddable":true,"href":"https:\/\/bruxelles-pantheres.be\/index.php?rest_route=%2Fwp%2Fv2%2Ftags&post=1323"}],"curies":[{"name":"wp","href":"https:\/\/api.w.org\/{rel}","templated":true}]}}