{"id":1347,"date":"2012-02-28T21:43:57","date_gmt":"2012-02-28T20:43:57","guid":{"rendered":"https:\/\/bruxelles-pantheres.be\/?p=1347"},"modified":"2013-11-25T21:46:23","modified_gmt":"2013-11-25T20:46:23","slug":"nazillons-vs-islamistes","status":"publish","type":"post","link":"https:\/\/bruxelles-pantheres.be\/?p=1347","title":{"rendered":"Nazillons vs \u00abIslamistes \u00bb"},"content":{"rendered":"<p>&nbsp;<\/p>\n<div class=\"entry-content\">\n<p style=\"text-align: left;\"><a href=\"http:\/\/www.egalite.be\/wp-content\/uploads\/2012\/02\/624_341_da2ed4fe2c5edc4a2f9cf40e80689f64-1330280715.jpg\"><img decoding=\"async\" class=\"size-full wp-image-1897 alignnone\" title=\"624_341_da2ed4fe2c5edc4a2f9cf40e80689f64-1330280715\" alt=\"\" src=\"http:\/\/www.egalite.be\/wp-content\/uploads\/2012\/02\/624_341_da2ed4fe2c5edc4a2f9cf40e80689f64-1330280715.jpg\" width=\"624\" height=\"341\" \/><\/a>\u00a0Les vrais Nazillons venus d\u2019Allemagne sont-ils devenus fr\u00e9quentables ? contrairement aux\u00a0\u00a0 \u00ab int\u00e9gristes islamistes \u00bb, ces \u00ab assassins de la d\u00e9mocratie\u00a0 \u00bb fabriqu\u00e9s par les m\u00e9dias et le monde politique ?<!--more--><\/p>\n<p style=\"text-align: left;\"><a href=\"http:\/\/www.egalite.be\/wp-content\/uploads\/2012\/02\/BQ_III_7_fevrier_2012-8e4d5.jpg\"><img decoding=\"async\" class=\"aligncenter size-full wp-image-1898\" title=\"BQ_III_7_fevrier_2012-8e4d5\" alt=\"\" src=\"http:\/\/www.egalite.be\/wp-content\/uploads\/2012\/02\/BQ_III_7_fevrier_2012-8e4d5.jpg\" width=\"620\" height=\"444\" \/><\/a><\/p>\n<p>Le 7 f\u00e9vrier 2012 s\u2019est tenue \u00e0 l\u2019U(l)B une conf\u00e9rence-tribune de l\u2019islamophobe et \u00ab s\u00e9rial menteuse \u00bb Caroline Fourest dont le th\u00e8me fut : \u00ab L\u2019extr\u00eame-droite est-elle devenue fr\u00e9quentable ? \u00bb<\/p>\n<p>Le politologue fran\u00e7ais Pascal Boniface dans son livre les \u00ab intellectuels faussaires \u00bb dit \u00e0 propos de Caroline Fourest : \u00ab Dans une tribune intitul\u00e9e \u2018War for Eurabia\u2019 publi\u00e9e dans le Wall Street Journal, elle s\u2019alarmait de l\u2019incapacit\u00e9 des immigrants arabes \u00e0 s\u2019int\u00e9grer. Pour elle, il y avait l\u00e0 une menace pour les d\u00e9mocraties occidentales car, non int\u00e9gr\u00e9s, les immigr\u00e9s pouvaient \u00eatre tent\u00e9s de rejoindre des cellules de terroristes islamistes. Elle r\u00e9serve ce genre de diatribes \u00e0 la presse \u00e9trang\u00e8re car, en France, Caroline Fourest veut laisser croire qu\u2019elle combat tous les extr\u00e9mismes \u00bb.<\/p>\n<p>Un groupe d\u2019une soixantaine de personnes dont je fais partie a d\u00e9cid\u00e9 de ne pas laisser la voix libre au discours islamophobe de Caroline Fourest sous pr\u00e9texte qu\u2019elle serait de \u00ab gauche \u00bb et \u00ab f\u00e9ministe \u00bb.<\/p>\n<p>C\u2019est aux cris de \u00ab Burqa bla bla \u00bb qui fait <a href=\"http:\/\/www.monde-diplomatique.fr\/2010\/04\/HALIMI\/18990\">r\u00e9f\u00e9rence \u00e0 l\u2019article de Serge Halimi<\/a>, que nous avons donc appliqu\u00e9 les m\u00eames principes que ceux qui ont \u00e9t\u00e9 impos\u00e9s \u00e0 d\u2019autres, lorsque la conf\u00e9rence portait soit sur l\u2019immigration, soit sur Isra\u00ebl c\u2019est-\u00e0-dire, un vrai d\u00e9bat contradictoire, ce qui a \u00e9t\u00e9 refus\u00e9 par le recteur de ce temple des \u00ab lumi\u00e8res \u00bb qu\u2019est l\u2019U(l)B et ce avant m\u00eame la tenue de cette soir\u00e9e.<\/p>\n<p>La soir\u00e9e fut donc stopp\u00e9e par le recteur de l\u2019U(l)B, objectif atteint pour ce qui a \u00e9t\u00e9 de ne pas laisser l\u2019islamophobie se r\u00e9pandre \u00e0 Bruxelles sans aucune r\u00e9sistance.<\/p>\n<p>Quelle surprise au lendemain matin o\u00f9 tous les m\u00e9dias et m\u00eame les partis politiques sortent le m\u00eame argument fallacieux\u00a0: des \u00ab int\u00e9gristes \u00bb qui auraient sabot\u00e9 un d\u00e9bat portant sur l\u2019extr\u00eame droite. L\u2019\u00e9ditorialiste en chef du Soir, B\u00e9atrice Delvaux \u00e9crit\u00a0: \u00ab Souhail Chichah d\u00e9shonore la d\u00e9mocratie belge \u00bb. Par ses mots, B\u00e9atrice Delvaux d\u00e9shonore bien la profession de journaliste, qui a parl\u00e9 de ce \u00ab non-\u00e9v\u00e9nement \u00bb pendant une semaine non stop !<\/p>\n<p>Mais faut-il s\u2019\u00e9tonner du r\u00f4le des m\u00e9dias qui comme le dit Daniel Zamora dans un <a href=\"http:\/\/www.egalite.be\/?p=1456\">excellent article de l\u2019observatoire des m\u00e9dias ACRIMED<\/a>\u00a0 \u00ab\u00a0nul doute que la campagne de propagande se poursuivra. Faire accepter la pilule de l\u2019aust\u00e9rit\u00e9, \u00e7a se travaille\u00a0\u00bb.<\/p>\n<p>Vingt jours apr\u00e8s la \u00ab Burqa pride \u00bb qui a retenu toute l\u2019attention des m\u00e9dias, nous apprenons l\u2019intervention d\u2019une milice priv\u00e9e venue d\u2019Allemagne en Belgique pour r\u00e9cup\u00e9rer \u00ab de gr\u00e9 ou de force \u00bb, des pi\u00e8ces de voitures fabriqu\u00e9es dans l\u2019entreprise Meister de Sprimont o\u00f9 se d\u00e9roule au m\u00eame moment un conflit social, les travailleurs ayant appris que d\u2019importantes commandes qui devaient \u00eatre r\u00e9alis\u00e9es sur le site belge de Meister seraient trait\u00e9es ailleurs (R\u00e9publique tch\u00e8que).<\/p>\n<p>Cette milice priv\u00e9e dont nous parle sans exc\u00e8s les m\u00e9dias ressemble \u00e0 s\u2019y m\u00e9prendre \u00e0 des nazillons sortis tout droit du III<sup>\u00e8me <\/sup>\u00a0Reich.<\/p>\n<p>Arm\u00e9s de matraques, de battes de baseball et de sprays lacrymog\u00e8nes, gilets pare-balle sur le dos, ils se sont introduits dans l\u2019entreprise Meister de Sprimont commettant un v\u00e9ritable carnage. Ce commando d\u2019une soci\u00e9t\u00e9 priv\u00e9e de gardiennage allemande me fait penser aux milices priv\u00e9es qui s\u00e9vissent en Irak plus connus sous le nom de Blackwater.<\/p>\n<p>Blackwater est r\u00e9guli\u00e8rement accus\u00e9 d\u2019avoir une mentalit\u00e9 de \u00ab\u00a0cowboy\u00a0\u00bb sur le terrain, menant leurs op\u00e9rations en \u00ab\u00a0tirant d\u2019abord, et en se posant les questions ensuite\u00a0\u00bb un peu comme les Nazillons venu d\u2019Allemagne matant la r\u00e9sistance syndicale.<\/p>\n<p>Malgr\u00e9 la violence,\u00a0 la pr\u00e9sence d\u2019 \u00ab armes \u00bb, d\u2019 \u00ab usage de la force \u00bb, de \u00ab milices ill\u00e9gales \u00bb, des \u00ab plaintes des travailleurs \u00bb, les m\u00e9dias semblent moins heurt\u00e9s par ce qui peut \u00eatre un pr\u00e9c\u00e9dent grave dans les luttes syndicales en particulier et les luttes sociales en g\u00e9n\u00e9ral.<\/p>\n<div>\n<p>On apprendra aussi que la police belge n\u2019a m\u00eame pas relev\u00e9 l\u2019identit\u00e9 de ces hommes en noir au teint bien blanc et au cr\u00e2ne ras\u00e9. Pas assez bronz\u00e9s pour subir un contr\u00f4le ?<\/p>\n<\/div>\n<p>Je me souviens que la Lige Arabe Europ\u00e9enne n\u2019a pas eu le m\u00eame traitement de faveur que les Nazillons venus d\u2019Allemagne.<\/p>\n<p>L\u2019AEL en la personne de son porte-parole Diab Abou Jahjah fut aussi au centre d\u2019une hyst\u00e9rie m\u00e9diatique et politique pour avoir d\u00e9noncer le racisme institutionnel de ce pays !<\/p>\n<p>Pourtant l\u2019AEL n\u2019a fait qu\u2019organiser des patrouilles civiles non arm\u00e9es, notamment \u00e0 Anvers, pour d\u00e9noncer les interventions racistes de la police.<\/p>\n<p>Le porte-parole de l\u2019\u00e9poque, Diab Abou JahJah expliqua \u00e0 l\u2019\u00e9poque les raisons de ces patrouilles citoyennes : \u00ab il y a un probl\u00e8me structurel, le contexte dans lequel les patrouilles civiles ont vu le jour, c\u2019est parce que le corps de police d\u2019Anvers est fortement infiltr\u00e9 par le Vlaams Block, nous avons des noms des policiers qui participent aux r\u00e9unions du Vlaams block en tant que militant\u2026, c\u2019est une action l\u00e9gale, on a v\u00e9rifi\u00e9 avec nos avocats, on observe, on ne se substitue pas \u00e0 la police, on n\u2019intervient pas, on introduirait \u00e9ventuellement des plaintes, agir comme t\u00e9moin, nous sommes des citoyens responsables et concern\u00e9s\u2026, parce qu\u2019Anvers est une ville infest\u00e9e par le Vlaams Block \u00e0 tous les niveaux, il y a 30% de policiers qui sont du Vlaams Block, il y a aussi un plan Z\u00e9ro tol\u00e9rance, qui vient de voir le jour et qui vise la communaut\u00e9 marocaine\u2026 c\u2019est une action \u00e9lectoraliste des responsables politiques anversois pour dire \u00e0 la population d\u2019Anvers avant les \u00e9lections : \u00ab ne votez pas l\u2019extr\u00eame-droite, nous-m\u00eames pouvons faire cela \u00bb<\/p>\n<div>\n<p>Le deux poids deux mesures ne concernent qu\u2019une partie de la population, mais attention, tout ce qui vient d\u2019Allemagne n\u2019est pas un mod\u00e8le.<\/p>\n<\/div>\n<p>Pour en revenir \u00e0 ma question : Les vrai Nazillons venus d\u2019Allemagne sont-ils devenus fr\u00e9quentables, contrairement aux \u00ab int\u00e9gristes islamistes \u00bb, ces \u00ab\u00a0 assassins de la d\u00e9mocratie\u00a0 \u00bb fabriqu\u00e9s par les m\u00e9dias et le monde politique ?<\/p>\n<p style=\"text-align: right;\">Nordine Sa\u00efdi<\/p>\n<\/div>\n","protected":false},"excerpt":{"rendered":"<p>&nbsp; \u00a0Les vrais Nazillons venus d\u2019Allemagne sont-ils devenus fr\u00e9quentables ? contrairement aux\u00a0\u00a0 \u00ab int\u00e9gristes islamistes \u00bb, ces \u00ab assassins de la d\u00e9mocratie\u00a0 \u00bb fabriqu\u00e9s par les m\u00e9dias et le monde politique ?<\/p>\n","protected":false},"author":1,"featured_media":576,"comment_status":"open","ping_status":"open","sticky":false,"template":"","format":"standard","meta":{"footnotes":""},"categories":[22,36,28],"tags":[31,13],"class_list":["post-1347","post","type-post","status-publish","format-standard","has-post-thumbnail","hentry","category-emploi","category-europe","category-racismes","tag-belgique","tag-nordine-saidi"],"_links":{"self":[{"href":"https:\/\/bruxelles-pantheres.be\/index.php?rest_route=\/wp\/v2\/posts\/1347","targetHints":{"allow":["GET"]}}],"collection":[{"href":"https:\/\/bruxelles-pantheres.be\/index.php?rest_route=\/wp\/v2\/posts"}],"about":[{"href":"https:\/\/bruxelles-pantheres.be\/index.php?rest_route=\/wp\/v2\/types\/post"}],"author":[{"embeddable":true,"href":"https:\/\/bruxelles-pantheres.be\/index.php?rest_route=\/wp\/v2\/users\/1"}],"replies":[{"embeddable":true,"href":"https:\/\/bruxelles-pantheres.be\/index.php?rest_route=%2Fwp%2Fv2%2Fcomments&post=1347"}],"version-history":[{"count":1,"href":"https:\/\/bruxelles-pantheres.be\/index.php?rest_route=\/wp\/v2\/posts\/1347\/revisions"}],"predecessor-version":[{"id":1348,"href":"https:\/\/bruxelles-pantheres.be\/index.php?rest_route=\/wp\/v2\/posts\/1347\/revisions\/1348"}],"wp:featuredmedia":[{"embeddable":true,"href":"https:\/\/bruxelles-pantheres.be\/index.php?rest_route=\/wp\/v2\/media\/576"}],"wp:attachment":[{"href":"https:\/\/bruxelles-pantheres.be\/index.php?rest_route=%2Fwp%2Fv2%2Fmedia&parent=1347"}],"wp:term":[{"taxonomy":"category","embeddable":true,"href":"https:\/\/bruxelles-pantheres.be\/index.php?rest_route=%2Fwp%2Fv2%2Fcategories&post=1347"},{"taxonomy":"post_tag","embeddable":true,"href":"https:\/\/bruxelles-pantheres.be\/index.php?rest_route=%2Fwp%2Fv2%2Ftags&post=1347"}],"curies":[{"name":"wp","href":"https:\/\/api.w.org\/{rel}","templated":true}]}}