{"id":1349,"date":"2012-02-28T21:46:54","date_gmt":"2012-02-28T20:46:54","guid":{"rendered":"https:\/\/bruxelles-pantheres.be\/?p=1349"},"modified":"2013-11-25T22:14:20","modified_gmt":"2013-11-25T21:14:20","slug":"desacraliser-luniversite-libre-de-bruxelles","status":"publish","type":"post","link":"https:\/\/bruxelles-pantheres.be\/?p=1349","title":{"rendered":"D\u00e9sacraliser l\u2019Universit\u00e9 Libre de Bruxelles"},"content":{"rendered":"<article class=\"post-1892 post type-post status-publish format-standard hentry category-belgique category-discriminations category-news category-nos-actions\" id=\"post-1892\">\n<div class=\"entry-content\">\n<p><a href=\"http:\/\/www.egalite.be\/wp-content\/uploads\/2012\/02\/clip_image002.gif\"><img decoding=\"async\" class=\"aligncenter size-full wp-image-1893\" title=\"clip_image002\" alt=\"\" src=\"http:\/\/www.egalite.be\/wp-content\/uploads\/2012\/02\/clip_image002.gif\" width=\"484\" height=\"140\" \/><\/a><\/p>\n<p><strong>D\u00e9sacraliser l\u2019Universit\u00e9 Libre de Bruxelles<\/strong><\/p>\n<p>par Nordine Sa\u00efdi<\/p>\n<p>Le mardi 7 f\u00e9vrier, se tenait un \u00ab d\u00e9bat \u00bb \u00e0 l\u2019Universit\u00e9 Libre de Bruxelles (ULB) sur le th\u00e8me \u00ab L\u2019extr\u00eame droite est-elle devenue fr\u00e9quentable ? \u00bb auquel Caroline Fourest, l\u2019islamophobe et \u00ab s\u00e9rial menteuse \u00bb \u00e9tait invit\u00e9e au cot\u00e9 d\u2019Herv\u00e9 Hasquin sous la \u00ab mod\u00e9ration \u00bb de Guy Haarscher.<\/p>\n<p>Pour moi, participant actif de l\u2019action <a href=\"http:\/\/www.monde-diplomatique.fr\/2010\/04\/HALIMI\/18990\">\u00ab Burqa bla bla \u00bb<\/a> \/\u00ab Burqa pride \u00bb, la r\u00e9ponse \u00e0 la question \u00ab\u00a0L\u2019extr\u00eame droite est-elle devenue fr\u00e9quentable ?\u00a0 \u00bb est clairement\u00a0: \u00ab\u00a0Oui\u00a0\u00bb !<\/p>\n<p>Il suffit de voir le nom des intervenants\u00a0!<!--more--><\/p>\n<p><strong>Herv\u00e9 Hasquin<\/strong>, ancien professeur \u00e0 l\u2019ULB connait tr\u00e8s bien son sujet. D\u00e9j\u00e0\u00a0 en 1990,\u00a0 il disait\u00a0: \u00ab On ne peut nier, tout particuli\u00e8rement en R\u00e9gion bruxelloise, que la densit\u00e9 d\u2019\u00e9trangers extra-europ\u00e9ens, tr\u00e8s \u00e9loign\u00e9s de nos traditions culturelles et philosophico-religieuses, posent d\u2019autant plus de probl\u00e8mes que beaucoup d\u2019entre eux ne sont pas soucieux de s\u2019int\u00e9grer dans nos populations (\u2026). Le \u00ab\u00a0seuil de tol\u00e9rance\u00a0\u00bb (\u2026) a \u00e9t\u00e9 atteint \u00e0 maints endroits. \u00bb<\/p>\n<p><strong>Guy Haarscher<\/strong>, membre du Rappel (R\u00e9seau d\u2019action pour la promotion d\u2019un \u00c9tat la\u00efque.) chroniqueur r\u00e9gulier de la revue Regards du Centre Communautaire La\u00efc Juif, membre fondateur de l\u2019association \u00ab\u00a0Les Amis Belges de Shalom Archav\u00a0\u00bb, dont les statuts stipulent \u00eatre \u00ab\u00a0<strong>Attach\u00e9e inconditionnellement \u00e0 l\u2019existence de l\u2019Etat juif<\/strong>.\u00a0\u00bb (<a href=\"http:\/\/www.shalomarchav.be\/IMG\/pdf\/doc-8.pdf%20\">http:\/\/www.shalomarchav.be\/IMG\/pdf\/doc-8.pdf<\/a> )<\/p>\n<p><strong>Caroline Fourest<\/strong> dans sa fameuse chronique du Wall Street Journal, du 2 f\u00e9vrier 2005 intitul\u00e9 \u00ab The War For Eurabia \u00bb, d\u00e9clarait : \u00ab En Europe, [Les islamistes] tirent avantage de la libert\u00e9 d\u2019expression et de la d\u00e9mocratie tout comme de l\u2019\u00e9chec des Arabes \u00e0 s\u2019int\u00e9grer. Ici, ils recrutent comme bon leur semble. [\u2026] L\u2019Occident est utilis\u00e9 comme un formidable camp de base pour recruter de nouvelles troupes. Avec elles, les islamistes esp\u00e8rent prendre leur revanche en Orient \u00bb.<\/p>\n<p>Des \u00ab\u00a0lumi\u00e8res\u00a0\u00bb pour l\u2019\u00a0\u00ab\u00a0illumin\u00e9\u00a0\u00bb d\u2019<strong>Anders Breivik<\/strong>, qui a d\u00e9velopp\u00e9 dans son manifeste les m\u00eames id\u00e9es que celle de Caroline Fourest sur l\u2019 \u00ab\u00a0Eurabia\u00a0\u00bb.<\/p>\n<p>En quelque sorte, ce jour-l\u00e0 \u00e9tait bien un fameux \u00ab mardi noir\u00bb.<\/p>\n<p><strong><em>\u00ab\u00a0Ce noir constat m\u2019oblige \u00e0 prendre des risques, \u00e0 lib\u00e9rer ma pens\u00e9e, \u00e0 devenir un journaliste, un fugitif, un d\u00e9nonciateur, un haut-parleur, trop souvent plac\u00e9 au centre du viseur\u00a0\u00bb <\/em><\/strong><strong>(Shurik\u2019n). <\/strong><\/p>\n<p>Face \u00e0 cette tribune libre, un groupe d\u2019une cinquantaine de personnes dont je faisais partie, a d\u00e9cid\u00e9 d\u2019organiser une action citoyenne afin de ne pas laisser la parole raciste se d\u00e9verser sans aucune r\u00e9sistance. Caroline Fourest a un grand espace m\u00e9diatique contrairement \u00e0 ceux qu\u2019elle stigmatise.<\/p>\n<p>Un v\u00e9ritable lynchage m\u00e9diatique, qui n\u2019a d\u2019autre but que de noyer toutes revendications l\u00e9gitimes de stricte \u00e9galit\u00e9 et de respect de tous les citoyens, en ce compris les citoyens belges issus de l\u2019immigration, s\u2019est op\u00e9r\u00e9 en moins de 24 heures. Tous les violons de l\u2019intelligentsia \u00e9taient r\u00e9gl\u00e9s\u00a0afin de condamner unanimement cette action plus humoristique qu\u2019autre chose.<\/p>\n<p>Le chahut est-il \u00e0 ce point une m\u00e9thode indigne que tous les m\u00e9dias ont trouv\u00e9 une occasion de se ridiculiser, alors que l\u2019ULB a toujours \u00e9t\u00e9 le th\u00e9\u00e2tre de nombreux chahuts\u00a0?<\/p>\n<p><strong>Souhail Chichah met le doigt o\u00f9 \u00e7a fait mal<\/strong><\/p>\n<p>Souhail Chichah sera-t-il licenci\u00e9 parce que nous avons d\u00e9nonc\u00e9 et chahut\u00e9 cette r\u00e9union naus\u00e9abonde?<\/p>\n<p>Si un tel d\u00e9ferlement de violence est organis\u00e9 et orchestr\u00e9 \u00e0 si grande \u00e9chelle \u00e0 l\u2019encontre d\u2019un seul individu, c\u2019est que le discours politique critique qu\u2019il v\u00e9hicule met le doigt l\u00e0 o\u00f9 cela fait mal !<\/p>\n<p>Souhail Chichah, chercheur \u00e0 l\u2019Universit\u00e9 libre de Bruxelles a le m\u00e9rite de ne pas s\u2019aligner parmi les nombreux d\u00e9fenseurs de l\u2019\u00c9tat d\u2019Isra\u00ebl\u2026<\/p>\n<p>Il ne se passe pas de semaine sans que l\u2019islam ne soit d\u00e9nigr\u00e9 et les musulmans\u00a0 stigmatis\u00e9s par ces m\u00eames d\u00e9fenseurs de l\u2019\u00c9tat d\u2019 Isra\u00ebl.<\/p>\n<p>Cette action citoyenne aura eu le m\u00e9rite de faire tomber les burqas sous lesquelles se cachent les probl\u00e8mes sociaux et de d\u00e9voiler la parole islamophobe ainsi que le racisme structurel de cette soci\u00e9t\u00e9.<\/p>\n<p>Notre groupe, qui n\u2019avait aucune homog\u00e9n\u00e9it\u00e9, fut qualifi\u00e9 unanimement d\u2019\u00abislamiste\u00bb,\u00ab terroriste \u00bb, \u00ab fanatique \u00bb, qui aurait commis un \u00ab attentat \u00bb en ce\u00a0 \u00ab mardi noir \u00bb,\u00a0 o\u00f9 \u00ab nous avons \u00e9t\u00e9 pris en otage \u00bb, alors qu\u2019il aurait suffi de parler de gens oppos\u00e9s \u00e0 l\u2019islamophobie.<\/p>\n<p>On peut dire que nous avons fonctionn\u00e9 sur les mod\u00e8le des \u00ab\u00a0Occupy\u00a0\u00bb qui est un mouvement de r\u00e9sistance de gens de diverses couleurs, sexes et convictions politiques, sans meneur. La seule chose que nous avons tous en commun, c\u2019est d\u2019\u00eatre ces 99% qui se refusent \u00e0 tol\u00e9rer plus longtemps la rapacit\u00e9 et la corruption des 1%.<\/p>\n<p>La forme ayant pris plus de place que le fond, venons-en au r\u00e9el d\u00e9bat !<\/p>\n<p>Si je dois d\u00e9crire la composition du groupe de Burqa Blabla, je dirai qu\u2019il s\u2019agissait surtout des personnes issues majoritairement du \u2026croissant pauvre de Bruxelles.<\/p>\n<p>Ces m\u00eame communes o\u00f9 se concentrent les plus pauvres, o\u00f9 se trouve la plus grande concentration de ch\u00f4meurs, la plus haute densit\u00e9 de population, le plus faible niveau de scolarit\u00e9, la population la plus jeune, et o\u00f9 l\u2019esp\u00e9rance de vie m\u00eame y est moindre.<\/p>\n<p>Bruxelles compte plus de cent cinquante nationalit\u00e9s et plusieurs langues. Cette particularit\u00e9 ne peut nous faire oublier que le probl\u00e8me fondamental est celui de la r\u00e9partition des richesses et non le probl\u00e8me de l\u2019origine nationale, de la religion, de la langue ou de la culture.<\/p>\n<p>Nous refusons d\u2019\u00eatre caricatur\u00e9s \u00e0 des fins id\u00e9ologiques afin d\u2019attiser les peurs et la haine.<\/p>\n<p><strong>Decolonize U(l)B<\/strong><\/p>\n<p>Hasquin\u00a0nous a demand\u00e9\u00a0: \u00ab\u00a0Vous \u00eates membres de la communaut\u00e9 universitaire\u00a0? \u00bb<\/p>\n<p>Nous lui r\u00e9pondons\u00a0: \u00ab\u00a0Hasquin, on n\u2019est pas des chiens ! Si tu veux d\u00e9battre, tu nous invites devant ! Le temps des colonies, c\u2019est fini !\u00a0\u00bb.<br \/>\nPersonnellement, je ne suis pas de la maison, mais j\u2019en paye le loyer. A ce que je sache l\u2019ULB est une universit\u00e9 essentiellement financ\u00e9e par l\u2019\u00c9tat, en l\u2019occurrence la Communaut\u00e9 fran\u00e7aise, donc par mes imp\u00f4ts. De plus ceux qui ont construit cette universit\u00e9, les vrais \u00abb\u00e2tisseurs\u00a0\u00bb n\u2019y ont certainement pas envoy\u00e9 leurs enfants.<\/p>\n<p>Les \u00ab\u00a0sujets\u00a0\u00bb des \u00e9tudes\u00a0 sociologiques ne repr\u00e9sentent m\u00eame pas 5% de la population de l\u2019universit\u00e9, nous refusons d\u2019\u00eatre sujets mais acteurs du d\u00e9bat.<\/p>\n<p>Un de nos slogans est aussi \u00ab\u00a0Cours Fourest\u00a0! Cours\u00a0! \u00bb. En effet, courez, fuyez, d\u00e9gagez, \u00a0car nous construisons aussi chaque jour nos universit\u00e9s et le monopole de la parole ne vous est plus r\u00e9serv\u00e9.<\/p>\n<p>Il existe plusieurs noyaux de r\u00e9sistance \u00e0 la pens\u00e9e dominante du moment, les premi\u00e8res \u00e9tincelles se sont embras\u00e9es dans les pays arabes, o\u00f9 des centaines de milliers de personnes ont occup\u00e9 les places et les rues afin de rappeler \u00e0 leurs gouvernements que le peuple d\u00e9tient le v\u00e9ritable pouvoir.<\/p>\n<p>Les \u00a0\u00ab\u00a0sans-voix\u00a0\u00bb se font entendre partout, ils sont leur propre \u00ab\u00a0porte-parole\u00a0\u00bb, tout un chacun est son propre repr\u00e9sentant.<\/p>\n<p>L\u2019objectif de ces \u00ab\u00a0lumi\u00e8res\u00a0\u00bb du temple de l\u2019U(l)B n\u2019est pas de lutter contre le racisme, ni m\u00eame contre l\u2019antis\u00e9mitisme, mais de taire les voix de tous ceux qui osent crier trop fort.<\/p>\n<p>Camarades, fr\u00e8res, arr\u00eatez de vous demander pourquoi vous avez du mal \u00e0 mobiliser dans les quartiers. Vos discours paternalistes et islamophobes peuvent parfois \u00eatre repoussants.<\/p>\n<p>Vous n\u2019int\u00e9grez pas les diff\u00e9rences et la sp\u00e9cificit\u00e9 des gens des quartiers. Le fait d\u2019\u00eatre trait\u00e9s comme des \u00e9trangers est la critique la plus fr\u00e9quemment avanc\u00e9e parmi nous et ce\u00a0 toujours sous le pr\u00e9texte de d\u00e9fendre l\u2019\u00e9galit\u00e9 des sexes et de prot\u00e9ger la culture occidentale.<\/p>\n<p>En tous cas, les enfants d\u2019immigr\u00e9s se sentent de plus en plus r\u00e9prim\u00e9s et surveill\u00e9s. Dans cette atmosph\u00e8re de racisme croissant, les musulmans et musulmanes sont point\u00e9s du doigt. Nous sommes des enfants d\u2019immigr\u00e9s et d\u2019ouvriers, nous avons une double raison d\u2019avoir une conscience de classe.<\/p>\n<p>Camarades, il s\u2019agit d\u2019une lutte des classes o\u00f9 les prol\u00e9taires sont majoritairement musulmans. Mais quand ceux-ci s\u2019organisent et expriment leur col\u00e8re, pour la gauche, ce n\u2019est jamais de la bonne mani\u00e8re. Comme souvent, la gauche a cru bon de se distancier de l\u2019action, soit en la condamnant sur le fond, soit en la condamnant au nom de consid\u00e9rations tactiques<a title=\"\" href=\"http:\/\/www.egalite.be\/?paged=70#_ftn1\">[1]<\/a>. Une partie d\u2019entre elle va m\u00eame jusqu\u2019\u00e0 exiger des sanctions contre les protestataires.<\/p>\n<p>C\u2019est votre propre libert\u00e9, que d\u2019assister, en spectateur servile \u00e0 la mise \u00e0 mort d\u2019un homme dont le seul vrai crime aura \u00e9t\u00e9 d\u2019affirmer, avec d\u2019autres, sa citoyennet\u00e9 et sa vision \u00e9galitaire de la soci\u00e9t\u00e9.<\/p>\n<p>Je le crie et continuerai \u00e0 chaque fois que la parole islamophobe sera invit\u00e9e \u00e0 Bruxelles\u00a0: on lui montrera qu\u2019elle n\u2019est pas la bienvenue.<\/p>\n<p style=\"text-align: right;\">Nordine Sa\u00efdi<\/p>\n<p style=\"text-align: right;\">Porte parole d\u2019 \u00c9GALIT\u00c9<\/p>\n<div>\n<hr align=\"left\" size=\"1\" width=\"33%\" \/>\n<div>\n<p><a title=\"\" href=\"http:\/\/www.egalite.be\/?paged=70#_ftnref1\">[1]<\/a> Le PS esp\u00e8re quant \u00e0 lui que les \u00ab\u00a0autorit\u00e9s de l\u2019ULB feront au plus vite toute la lumi\u00e8re sur ces \u00e9v\u00e9nements indignes d\u2019une des plus grandes universit\u00e9s du pays, et que les mesures seront prises pour \u00e9viter que de telles m\u00e9thodes puissent un jour se reproduire\u00a0\u00bb.<\/p>\n<p>PTB : Il est tr\u00e8s clair que l\u2019action men\u00e9e \u00e0 l\u2019ULB contre Caroline Fourest a \u00e9t\u00e9 contre-productive. Elle n\u2019a en rien permis de r\u00e9v\u00e9ler son discours naus\u00e9abond. Elle a permis de la faire passer pour une victime et a fait passer un message confus selon lequel ce serait des \u00ab int\u00e9gristes musulmans \u00bb qui \u00e9taient \u00e0 la base de l\u2019action.<\/p>\n<p>Henri Goldman : Le chahut de l\u2019ULB fut un merveilleux cadeau \u00e0 Caroline Fourest qui en est sortie \u00e0 son avantage [1]. Comme l\u2019\u00e9crivait sur son mur Facebook Mohssin El Ghabri, un ancien pr\u00e9sident du Cercle des \u00e9tudiants arabo-europ\u00e9ens : \u00ab\u00a0C\u2019est non seulement une faute stupide et irresponsable mais c\u2019est aussi une trahison des combats men\u00e9s en faveur de la libert\u00e9 d\u2019expression lorsque celle-ci \u00e9tait menac\u00e9e par les thurif\u00e9raires de Fourest\u00a0\u00bb. Il me semble que ce n\u2019est pas trop demander \u00e0 ceux et celles qui ambitionnent d\u2019agir sur le r\u00e9el d\u2019anticiper les cons\u00e9quences parfaitement pr\u00e9visibles de leurs actes [2].<\/p>\n<\/div>\n<\/div>\n<\/div>\n<\/article>\n<p><iframe src=\"\/\/www.youtube.com\/embed\/-NjjkR1WFOc\" height=\"315\" width=\"560\" allowfullscreen=\"\" frameborder=\"0\"><\/iframe><br \/>\n<iframe src=\"\/\/www.youtube.com\/embed\/qek5byXqLD8\" height=\"315\" width=\"560\" allowfullscreen=\"\" frameborder=\"0\"><\/iframe><br \/>\n<iframe src=\"\/\/www.youtube.com\/embed\/bImufDJcZVo\" height=\"315\" width=\"560\" allowfullscreen=\"\" frameborder=\"0\"><\/iframe><\/p>\n<p><strong>Burqa-bla-bla, par Serge Halimi, avril 2010<\/strong><\/p>\n<p>Les Fran\u00e7ais sont vraisemblablement plus nombreux \u00e0 conna\u00eetre le nombre de minarets en Suisse (quatre) et de \u00ab\u00a0burqas\u00a0\u00bb en France (trois cent soixante-sept, D\u2019apr\u00e8s un calcul, \u00e9trangement pr\u00e9cis, de la direction centrale du renseignement int\u00e9rieur (DCRI).) qu\u2019\u00e0 savoir que le Tr\u00e9sor public a perdu 20 milliards d\u2019euros \u00e0 la suite d\u2019une d\u00e9cision \u00ab\u00a0technique\u00a0\u00bb de l\u2019ex\u00e9cutif.<\/p>\n<p>Il y a dix-huit mois en effet, au lieu de subordonner son sauvetage des banques en perdition \u00e0 une prise de participation dans leur capital, laquelle ensuite aurait pu \u00eatre revendue avec un joli b\u00e9n\u00e9fice, le gouvernement fran\u00e7ais a pr\u00e9f\u00e9r\u00e9 leur consentir un pr\u00eat \u00e0 des conditions inesp\u00e9r\u00e9es\u2026 pour elles. Vingt milliards d\u2019euros de gagn\u00e9s pour leurs actionnaires, c\u2019est presque autant que le d\u00e9ficit de la S\u00e9curit\u00e9 sociale l\u2019an dernier (22 milliards d\u2019euros). Et quarante fois le montant de l\u2019\u00e9conomie annuelle r\u00e9alis\u00e9e par l\u2019Etat lorsqu\u2019il ne remplace qu\u2019un fonctionnaire partant \u00e0 la retraite sur deux.<\/p>\n<p>Le r\u00e9tablissement \u00e9lectoral du Front national, et plus g\u00e9n\u00e9ralement de l\u2019extr\u00eame droite en Europe, n\u2019est pas tout \u00e0 fait \u00e9tranger \u00e0 cette distribution de l\u2019attention publique entre la poutre des pol\u00e9miques subalternes qu\u2019on enflamme et la paille des sujets prioritaires dont on pr\u00e9tend qu\u2019ils sont trop compliqu\u00e9s pour le commun des mortels. Le fiasco des \u00e9lections r\u00e9gionales derri\u00e8re lui, M.\u00a0Nicolas Sarkozy va s\u2019attaquer \u00e0 la \u00ab\u00a0r\u00e9forme des retraites\u00a0\u00bb. L\u2019enjeu social et financier \u00e9tant consid\u00e9rable, on sait d\u00e9j\u00e0 que le gouvernement fran\u00e7ais s\u2019emploiera \u00e0 distraire la galerie en relan\u00e7ant le \u00ab\u00a0d\u00e9bat sur la burqa\u00a0\u00bb.<\/p>\n<p>Riposter \u00e0 cette man\u0153uvre n\u2019impose certainement pas de s\u2019enfoncer sur son terrain boueux en donnant le sentiment de d\u00e9fendre un symbole obscurantiste. Encore moins de taxer de racisme les f\u00e9ministes \u2014 hommes et femmes \u2014 qui l\u00e9gitimement le r\u00e9prouvent. Mais comment ne pas juger cocasse qu\u2019une droite qui a presque partout associ\u00e9 son destin \u00e0 celui des Eglises, du patriarcat et de l\u2019ordre moral se d\u00e9couvre soudain \u00e9perdue de la\u00efcit\u00e9, de f\u00e9minisme, de libre-pens\u00e9e\u00a0? Pour elle aussi, l\u2019islam accomplit des miracles\u00a0!<\/p>\n<p>En 1988, M.\u00a0George H. W. Bush succ\u00e9da \u00e0 Ronald Reagan apr\u00e8s une <a href=\"http:\/\/www.monde-diplomatique.fr\/1988\/12\/HALIMI\/19070\" rel=\"external\">campagne d\u2019une d\u00e9magogie insigne<\/a>, au cours de laquelle il r\u00e9clama que soit criminalis\u00e9 le fait de br\u00fbler la banni\u00e8re \u00e9toil\u00e9e \u2014 un acte commis entre une et sept fois par an\u2026 Avec le courage qu\u2019on imagine, plus de 90\u00a0% des parlementaires am\u00e9ricains adopt\u00e8rent une disposition r\u00e9pressive allant en ce sens \u2014 laquelle fut annul\u00e9e par la Cour supr\u00eame. Au m\u00eame moment \u00e9clatait l\u2019un des plus grands scandales de l\u2019histoire \u00e9conomique des Etats-Unis, celui des caisses d\u2019\u00e9pargne d\u00e9r\u00e9glement\u00e9es par le Congr\u00e8s, que des aigrefins avaient pill\u00e9es, enhardis par des s\u00e9nateurs dont ils avaient financ\u00e9 les campagnes. En 1988, nul ou presque n\u2019avait \u00e9voqu\u00e9 le p\u00e9ril d\u2019une telle arnaque, bien qu\u2019il f\u00fbt d\u00e9j\u00e0 connu. Trop compliqu\u00e9, et puis la d\u00e9fense du drapeau occupait les esprits.<\/p>\n<p>Le contribuable am\u00e9ricain a pay\u00e9 500 milliards de dollars le scandale des caisses d\u2019\u00e9pargne. On d\u00e9couvrira bient\u00f4t ce que cache r\u00e9ellement la \u00ab\u00a0burqa\u00a0\u00bb. Et combien cela co\u00fbte.<br \/>\nSerge Halimi, dans <a href=\"http:\/\/www.monde-diplomatique.fr\/2010\/04\/HALIMI\/18990#nh2\" rel=\"external\">Le Monde Diplomatique<\/a><\/p>\n","protected":false},"excerpt":{"rendered":"<p>D\u00e9sacraliser l\u2019Universit\u00e9 Libre de Bruxelles par Nordine Sa\u00efdi Le mardi 7 f\u00e9vrier, se tenait un \u00ab d\u00e9bat \u00bb \u00e0 l\u2019Universit\u00e9 Libre de Bruxelles (ULB) sur le th\u00e8me \u00ab L\u2019extr\u00eame droite est-elle devenue fr\u00e9quentable ? \u00bb auquel Caroline Fourest, l\u2019islamophobe et \u00ab s\u00e9rial menteuse \u00bb \u00e9tait invit\u00e9e au cot\u00e9 d\u2019Herv\u00e9 Hasquin sous la \u00ab mod\u00e9ration \u00bb &#8230; <a title=\"D\u00e9sacraliser l\u2019Universit\u00e9 Libre de Bruxelles\" class=\"read-more\" href=\"https:\/\/bruxelles-pantheres.be\/?p=1349\" aria-label=\"En savoir plus sur D\u00e9sacraliser l\u2019Universit\u00e9 Libre de Bruxelles\">Lire la suite<\/a><\/p>\n","protected":false},"author":1,"featured_media":576,"comment_status":"open","ping_status":"open","sticky":false,"template":"","format":"standard","meta":{"footnotes":""},"categories":[25,4,18,28,17],"tags":[31,14,13,15],"class_list":["post-1349","post","type-post","status-publish","format-standard","has-post-thumbnail","hentry","category-enseignement","category-islamophobie","category-resistance-bruxelles","category-racismes","category-video","tag-belgique","tag-bruxelles","tag-nordine-saidi","tag-resistance"],"_links":{"self":[{"href":"https:\/\/bruxelles-pantheres.be\/index.php?rest_route=\/wp\/v2\/posts\/1349","targetHints":{"allow":["GET"]}}],"collection":[{"href":"https:\/\/bruxelles-pantheres.be\/index.php?rest_route=\/wp\/v2\/posts"}],"about":[{"href":"https:\/\/bruxelles-pantheres.be\/index.php?rest_route=\/wp\/v2\/types\/post"}],"author":[{"embeddable":true,"href":"https:\/\/bruxelles-pantheres.be\/index.php?rest_route=\/wp\/v2\/users\/1"}],"replies":[{"embeddable":true,"href":"https:\/\/bruxelles-pantheres.be\/index.php?rest_route=%2Fwp%2Fv2%2Fcomments&post=1349"}],"version-history":[{"count":4,"href":"https:\/\/bruxelles-pantheres.be\/index.php?rest_route=\/wp\/v2\/posts\/1349\/revisions"}],"predecessor-version":[{"id":1369,"href":"https:\/\/bruxelles-pantheres.be\/index.php?rest_route=\/wp\/v2\/posts\/1349\/revisions\/1369"}],"wp:featuredmedia":[{"embeddable":true,"href":"https:\/\/bruxelles-pantheres.be\/index.php?rest_route=\/wp\/v2\/media\/576"}],"wp:attachment":[{"href":"https:\/\/bruxelles-pantheres.be\/index.php?rest_route=%2Fwp%2Fv2%2Fmedia&parent=1349"}],"wp:term":[{"taxonomy":"category","embeddable":true,"href":"https:\/\/bruxelles-pantheres.be\/index.php?rest_route=%2Fwp%2Fv2%2Fcategories&post=1349"},{"taxonomy":"post_tag","embeddable":true,"href":"https:\/\/bruxelles-pantheres.be\/index.php?rest_route=%2Fwp%2Fv2%2Ftags&post=1349"}],"curies":[{"name":"wp","href":"https:\/\/api.w.org\/{rel}","templated":true}]}}