{"id":1351,"date":"2012-02-28T21:48:48","date_gmt":"2012-02-28T20:48:48","guid":{"rendered":"https:\/\/bruxelles-pantheres.be\/?p=1351"},"modified":"2013-11-25T21:50:04","modified_gmt":"2013-11-25T20:50:04","slug":"de-quoi-la-burqa-pride-est-elle-le-nom-2","status":"publish","type":"post","link":"https:\/\/bruxelles-pantheres.be\/?p=1351","title":{"rendered":"De quoi la Burqa pride est-elle le nom ?"},"content":{"rendered":"<div class=\"entry-content\">\n<h3 style=\"text-align: center;\">De quoi la Burqa pride est-elle le nom\u00a0?<\/h3>\n<div>\n<p>Une hyst\u00e9rie politico-m\u00e9diatique aux relents racistes et islamophobes vient de secouer la Belgique francophone. En cause\u00a0: une \u00ab\u00a0Burqa pride\u00a0\u00bb organis\u00e9e par un collectif de militants \u00e0 l\u2019Universit\u00e9 Libre de Bruxelles (ULB). Fallacieusement d\u00e9crits comme des \u00ab\u00a0<em>int\u00e9gristes islamistes<\/em>\u00a0\u00bb, ces \u00ab\u00a0<em>\u00a0assassins de la d\u00e9mocratie\u00a0<\/em>\u00a0\u00bb ont commis un abominable crime\u00a0: chahuter une tribune donn\u00e9e par l\u2019ULB \u00e0 la journaliste fran\u00e7aise Caroline Fourest. D\u00e9sign\u00e9 comme l\u2019instigateur du chahut, Souhail Chichah, chercheur \u00e0 l\u2019ULB et Belge d\u2019origine marocaine, est devenu en 24 heures \u00ab\u00a0l\u2019ennemi public n\u00b01\u00a0\u00bb des libert\u00e9s d\u00e9mocratiques. Son licenciement est exig\u00e9 \u00e0 grands cris par plusieurs \u00e9lites du pays. Depuis le 22 f\u00e9vrier, il fait l\u2019objet d\u2019une fulgurante \u00ab\u00a0<em>instruction disciplinaire<\/em>\u00a0\u00bb visant \u00ab\u00a0<em>une suspension d\u2019un mois ou le renvoi pur et simple<\/em>\u00a0\u00bb \u2026 Cette diabolisation ahurissante confirme le r\u00e8gne d\u2019un \u00ab\u00a0deux poids deux mesures\u00a0\u00bb structurel dans nos soci\u00e9t\u00e9s francophones. Selon que vous soyez essentialis\u00e9 \u00ab\u00a0blanc\u00a0\u00bb ou \u00ab\u00a0arabe\u00a0\u00bb et \u00ab\u00a0noir\u00a0\u00bb, votre droit \u00e0 la contestation pacifique sera ou non criminalis\u00e9.<!--more--><\/p>\n<\/div>\n<p><img decoding=\"async\" alt=\"\" src=\"http:\/\/i.agoravox.fr\/local\/cache-vignettes\/L620xH413\/SCBP-e25b5.jpg\" width=\"620\" height=\"413\" \/><\/p>\n<p>Le malaise provoqu\u00e9 par la \u00ab\u00a0Burqa pride\u00a0\u00bb ne peut s\u2019appr\u00e9hender sans une contextualisation dont les m\u00e9dias traditionnels sont aujourd\u2019hui fonci\u00e8rement incapables. Avant de mettre quelques points sur quelques \u00ab\u00a0i\u00a0\u00bb, r\u00e9capitulons les faits. Lors d\u2019une conf\u00e9rence-tribune de <strong>Caroline Fourest<\/strong>, le 7 f\u00e9vrier \u00e0 l\u2019ULB, une soixantaine de personnes ont chahut\u00e9 l\u2019\u00e9v\u00e8nement jusqu\u2019\u00e0 ce que le recteur de l\u2019ULB d\u00e9cide d\u2019y mette fin. Compos\u00e9 de militants de gauche, d\u00a0\u00bb\u00e9tudiants de l\u2019ULB, de syndicalistes et de d\u00e9fenseurs de la la\u00efcit\u00e9, ce groupe contestataire \u00e9tait pour partie rev\u00eatu de keffiehs, de foulards, de voiles et de burqas.<\/p>\n<p><strong>Que s\u2019est-il vraiment pass\u00e9\u00a0? <\/strong><\/p>\n<p>Par cette action politico-satirique, ce collectif entendait revendiquer deux choses. D\u2019une part, incarner la contradiction face au discours de Fourest, journaliste controvers\u00e9e, invit\u00e9e pour la seconde fois sans contradicteurs au sein de l\u2019Universit\u00e9 du Libre examen. De fait, sous la \u00ab\u00a0m\u00e9diation\u00a0\u00bb de <strong>Guy Haarscher<\/strong>, professeur de philosophie \u00e0 l\u2019ULB, Caroline Fourest \u00e9tait ce soir-l\u00e0 \u00ab\u00a0confront\u00e9e\u00a0\u00bb \u00e0 <strong>Herv\u00e9 Hasquin<\/strong>, ex-recteur de l\u2019ULB. Soit les caract\u00e9ristiques m\u00eames du faux-d\u00e9bat, tant ces trois personnalit\u00e9s pensent de fa\u00e7on identique sur l\u2019essentiel.<\/p>\n<p>D\u2019autre part, les activistes de la Burqa pride voulaient contester la l\u00e9gitimit\u00e9 m\u00eame de Fourest \u00e0 s\u2019exprimer sur le th\u00e8me de la conf\u00e9rence (\u00ab\u00a0<em>L\u2019extr\u00eame-droite est-elle devenue fr\u00e9quentable\u00a0?<\/em>\u00a0\u00bb). Accus\u00e9e d\u2019islamophobie depuis 2004 et r\u00e9guli\u00e8rement prise en flagrant d\u00e9lit de mensonge, Caroline Fourest demeure en effet mal plac\u00e9e pour d\u00e9noncer les th\u00e8ses d\u2019extr\u00eame-droite (1).<\/p>\n<p>Retour au soir du 7 f\u00e9vrier \u00e0 l\u2019ULB. Dans un chahut nourri par le slogan \u00ab\u00a0<em>Burqa bla-bla\u00a0<\/em>\u00a0\u00bb (2), Guy Haarscher d\u00e9signe soudain l\u2019\u00e9conomiste <strong>Souhail Chichah<\/strong> comme \u00ab\u00a0<em>celui qui est l\u2019origine de cette mobilisation et qui fait partie du personnel de l\u2019ULB<\/em>\u00a0\u00bb. Haarscher somme l\u2019intellectuel de venir s\u2019exprimer \u00e0 la tribune\u00a0: \u00ab\u00a0<em>Venez\u00a0! Expliquez-vous\u00a0! Comment pouvez-vous \u00eatre \u00e0 l\u2019origine d\u2019une telle censure d\u2019un d\u00e9bat\u00a0?!<\/em>\u00a0\u00bb. Souhail Chichah descend vers l\u2019estrade se coiffant d\u2019un foulard noir. Avant qu\u2019il ne saisisse un micro, le \u00ab\u00a0philosophe\u00a0\u00bb lui l\u00e2che cet aveu aussi raciste que d\u00e9stabilisateur\u00a0: \u00ab\u00a0<em>J\u2019ai toujours consid\u00e9r\u00e9 qu\u2019il avait une burqa dans la t\u00eate\u00a0: bravo pour votre coming out\u00a0! <\/em>\u00a0\u00bb \u2026<\/p>\n<p><img decoding=\"async\" alt=\"\" src=\"http:\/\/i.agoravox.fr\/local\/cache-vignettes\/L620xH362\/Hasquin_Fourest_Haarscher-3f97f.jpg\" width=\"620\" height=\"362\" \/><\/p>\n<p>En r\u00e9ponse, le chercheur scande \u00ab\u00a0<em>Bur-qa bla-bla\u00a0!<\/em>\u00a0\u00bb, repris en c\u0153ur par les autres activistes. Il encha\u00eene sur les motivations de la\u00a0Burqa pride\u00a0: \u00ab\u00a0<em>Si nous sommes ici ce soir, c\u2019est pour d\u00e9noncer l\u2019islamophobie de gauche comme l\u2019islamophobie de droite\u00a0! Elle n\u2019est pas plus honorable lorsqu\u2019elle se pr\u00e9tend \u00e0 gauche qu\u2019\u00e0 l\u2019extr\u00eame-droite\u00a0! Madame Fourest a \u00e9crit un texte dans le <\/em>Wall Street Journal <em>qui s\u2019appelle<\/em>\u00a0: \u00ab\u00a0War for Eurabia\u00a0\u00bb <em>o\u00f9 elle d\u00e9veloppe la th\u00e8se que les Arabes sont incapables de s\u2019int\u00e9grer et <\/em>\u2026\u00a0\u00bb.\u00a0\u00ab\u00a0<em>\u00c7a va pas la t\u00eate\u00a0!<\/em>\u00a0\u00bb, interrompt Caroline Fourest en faisant signe de couper le micro de Chichah. La suite de l\u2019explication est recouverte de hu\u00e9es auxquelles r\u00e9pliquent les cris \u00ab\u00a0<em>Bur-qa bla-bla\u00a0! Bur-qa bla-bla\u00a0!<\/em>\u00a0\u00bb.<\/p>\n<p>Micro coup\u00e9, dans un vacarme digne de 68, l\u2019intellectuel poursuit en hurlant\u00a0: \u00ab\u00a0<em>Nous aurions souhait\u00e9 dans cette Universit\u00e9 un v\u00e9ritable d\u00e9bat contradictoire avec Madame Fourest\u00a0<\/em>\u00a0\u00bb. A ce moment pr\u00e9cis, Fourest se dresse devant le chercheur. Dans une volont\u00e9 manifeste d\u2019intimidation, elle pousse son \u00e9paule gauche et appuie fermement son index sur son torse. Evitant tout contact, Chichah l\u00e8ve sa main et crie\u00a0: \u00ab\u00a0<em>Madame Fourest me menace\u00a0: elle veut me frapper<\/em>\u00a0\u00bb. Il la contourne pour continuer \u00e0 s\u2019exprimer.<\/p>\n<p><img decoding=\"async\" alt=\"\" src=\"http:\/\/i.agoravox.fr\/local\/cache-vignettes\/L360xH239\/Fourest_Venner-a2275.jpg\" width=\"360\" height=\"239\" \/>A cet instant, <strong>Fiammetta Venner<\/strong>, la compagne de Fourest, qui n\u2019a pas l\u00e2ch\u00e9 le chercheur d\u2019une semelle, lui applique un discret croc-en-jambe par derri\u00e8re qui manque de le faire tomber (3). Malgr\u00e9 l\u2019hostilit\u00e9 physique des \u00ab\u00a0<em>d\u00e9mocrates<\/em>\u00a0\u00bb qui l\u2019entourent, Souhail Chichah, debout, conclut dans un boucan \u00e0 son paroxysme\u00a0: \u00ab\u00a0<em>Avec l\u2019ensemble des personnes qui ont \u00e9t\u00e9 censur\u00e9es par cette Universit\u00e9 \u2026 <\/em>(inaudible)<em> \u2026 Nous disons \u00e0 cette Universit\u00e9 que Bruxelles ne veut pas de la musulmanophobie, que vous ne voulez pas de la musulmanophobie\u00a0!<\/em>\u00a0\u00bb. Chichah regagne sa place dans l\u2019assistance.<\/p>\n<p>Micro ouvert, Caroline Fourest encha\u00eene sous les hu\u00e9es\u00a0: \u00ab\u00a0<em>L\u2019article dont vient de parler M.\u00a0Chichah est un article qui d\u00e9nonce la politique s\u00e9curitaire de Nicolas Sarkozy\u00a0; est un article qui d\u00e9nonce les amalgames v\u00e9hicul\u00e9s dans le monde anglo-saxon sur les \u00e9meutes de novembre 2005<\/em> (dans les banlieues fran\u00e7aises, ndlr)\u00a0; <em>est un article qui dit que ce ne sont pas des \u00e9meutes ethniques ni religieuses mais un malaise social. Voil\u00e0 les raisons de la col\u00e8re de Monsieur\u00a0! Comment voulez-vous d\u00e9battre avec \u00e7a\u00a0<\/em>\u00a0? <em>C\u2019est de la propagande, c\u2019est du mensonge\u00a0! Vous traitez d\u2019islamophobes des gens qui se battent contre le racisme parce que vous \u00eates pour l\u2019extr\u00e9misme\u00a0! Vous \u00eates d\u2019extr\u00eame-droite, Monsieur\u00a0! Et vous \u00eates menteur et propagandiste\u00a0! C\u2019est pas ce qui passe sur les sites internet d\u2019extr\u00eame-droite qu\u2019il faut croire, c\u2019est votre t\u00eate qu\u2019il faut faire marcher, Monsieur\u00a0!<\/em>\u00a0\u00bb.<\/p>\n<p><img decoding=\"async\" alt=\"\" src=\"http:\/\/i.agoravox.fr\/local\/cache-vignettes\/L250xH256\/Fourest_B_W_II-f3061.jpg\" width=\"250\" height=\"256\" \/>Et Fourest de conclure\u00a0: \u00ab\u00a0<em>Vous \u00eates cens\u00e9 chercher\u00a0, faites marcher vos neurones\u00a0! Lisez\u00a0! Ecrivez\u00a0! Argumentez\u00a0! Ne mentez pas\u00a0! Ne venez pas organiser ce qui est digne d\u2019une cour de r\u00e9cr\u00e9ation. De quoi avez-vous peur\u00a0? Vous avez peur des id\u00e9es\u00a0? Vous avez peur de gens comme nous\u00a0? Franchement\u00a0: des f\u00e9ministes et des la\u00efques qui \u00e9crivent des livres o\u00f9 tout est prouv\u00e9\u00a0! Vous \u00eates oblig\u00e9 de d\u00e9former leurs propos, de les faire passer pour des racistes parce que vous avez peur du f\u00e9minisme. Mais affrontez le f\u00e9minisme\u00a0! C\u2019est l\u2019\u00e9galit\u00e9 le f\u00e9minisme, Monsieur\u00a0!<\/em>\u00a0\u00bb.<\/p>\n<p><strong>Pascal Boniface\u00a0? Connais pas\u00a0!<\/strong><\/p>\n<p>Chacun jugera qui de Souhail Chichah ou de Caroline Fourest ment sur le contenu pr\u00e9cis de \u00ab\u00a0War for Eurabia\u00a0\u00bb (en note 4) \u2026 Mais pour info, signalons l\u2019extrait d\u2019un livre qu\u2019aucun journaliste belge francophone ne parvient visiblement \u00e0 se procurer\u00a0: \u00ab\u00a0<em>Les intellectuels faussaires <\/em>\u00a0\u00bb.<\/p>\n<p>Dans cet ouvrage de <strong>Pascal Boniface <\/strong>(5),<strong> <\/strong>seize pages sont consacr\u00e9es \u00e0 Caroline Fourest. Apr\u00e8s l\u2019avoir qualifi\u00e9e de \u00ab\u00a0<em>serial-menteuse<\/em>\u00a0\u00bb, constituant \u00ab\u00a0<em>une v\u00e9ritable menace pour l\u2019information et la d\u00e9mocratie\u00a0<\/em>\u00a0\u00bb, le politologue affirme ceci\u00a0: \u00ab\u00a0<em>Dans une tribune intitul\u00e9e <\/em>\u2018War for Eurabia\u2019<em> publi\u00e9e dans le <\/em>Wall Street Journal<em>, elle s\u2019alarmait de l\u2019incapacit\u00e9 des immigrants arabes \u00e0 s\u2019int\u00e9grer. Pour elle, il y avait l\u00e0 une menace pour les d\u00e9mocraties occidentales car, non int\u00e9gr\u00e9s, les immigr\u00e9s pouvaient \u00eatre tent\u00e9s de rejoindre des cellules de terroristes islamistes. Elle r\u00e9serve ce genre de diatribes \u00e0 la presse \u00e9trang\u00e8re car, en France, Caroline Fourest veut laisser croire qu\u2019elle combat tous les extr\u00e9mismes\u00a0<\/em>\u00a0\u00bb (6) \u2026<\/p>\n<p><img decoding=\"async\" alt=\"\" src=\"http:\/\/i.agoravox.fr\/local\/cache-vignettes\/L620xH413\/BQ_II_7_fevrier_2012-67fa0.jpg\" width=\"620\" height=\"413\" \/><\/p>\n<p>Pendant que le couple Fourest-Venner quitte l\u2019auditoire, le recteur de l\u2019ULB, <strong>Didier Viviers<\/strong> prend la parole\u00a0: \u00ab\u00a0<em>Je constate qu\u2019une minorit\u00e9 ou une majorit\u00e9 de cette assembl\u00e9e emp\u00eache la libert\u00e9 de parole au sein de l\u2019Universit\u00e9\u00a0<\/em>\u00a0\u00bb. Une voix f\u00e9minine fuse\u00a0: \u00ab\u00a0<em>O\u00f9 est le d\u00e9bat contradictoire, Monsieur\u00a0?!<\/em>\u00a0\u00bb.<\/p>\n<p>\u00ab\u00a0<em>Madame, nous ne sommes pas oblig\u00e9 d\u2019organiser en tous lieux des d\u00e9bats contradictoires <\/em>\u00a0\u00bb, r\u00e9pond Viviers. \u00ab\u00a0<em>L\u2019Universit\u00e9 a le droit d\u2019organiser toute forme de d\u00e9bat qu\u2019elle souhaite et, \u00e0 partir du moment o\u00f9 vous interdisez clairement de prendre la parole, nous allons devoir suspendre ce d\u00e9bat. Je terminerai en disant que ceux qui ont interdit la parole, ceux qui ont \u0153uvr\u00e9 contre la libert\u00e9, nous avons vu exactement qui ils \u00e9taient\u00a0!<\/em>\u00a0\u00bb (7).<\/p>\n<p><strong>Spectaculaire incurie m\u00e9diatique <\/strong><\/p>\n<p>S\u2019il nous a fallu passer par cette longue description factuelle, c\u2019est pour une raison aussi simple qu\u2019inqui\u00e9tante. D\u00e8s le lendemain, le grand public ne se verra pas du tout m\u00e9diatiser les faits comme vous venez de les lire\u00a0! Au matin du 8 f\u00e9vrier, les journaux parl\u00e9s (JP) des radios de service public (RTBF) balancent un cadrage mensonger reposant sur deux axes. 1) \u00ab\u00a0un d\u00e9bat sur l\u2019extr\u00eame-droite \u00e0 l\u00a0\u2019ULB avort\u00e9 par des int\u00e9gristes islamistes qui ont bafou\u00e9 la libert\u00e9 d\u2019expression de Caroline Fourest\u00a0\u00bb. 2) Le nom et la fonction du \u00ab\u00a0chef\u00a0\u00bb de cet \u00ab\u00a0<em>\u00a0acte fasciste\u00a0<\/em>\u00a0\u00bb est livr\u00e9 \u00e0 l\u2019opinion\u00a0: Souhail Chichah, assistant \u00e0 l\u2019ULB.<\/p>\n<p>D\u2019habitude, un faux-d\u00e9bat chahut\u00e9 et sans cons\u00e9quence dramatique \u2013 aucune violences, aucun bless\u00e9, aucun mort \u2013 n\u2019attire pas l\u2019attention des m\u00e9dias audiovisuels. Au mieux, cela peut faire l\u2019objet d\u2019un article dans la presse \u00e9crite. C\u2019\u00e9tait sans compter sur la capacit\u00e9 de mobilisation des r\u00e9seaux la\u00efciste et sioniste. Ainsi que la double casquette d\u2019<strong>Eddy Caekelberghs<\/strong>. Journaliste \u00e0 la radio <em>La Premi\u00e8re<\/em> (RTBF) et pr\u00e9sentateur de la quotidienne <em>Face \u00e0 l\u2019info<\/em>, l\u2019homme est aussi le pr\u00e9sident de l\u2019Union des Anciens Etudiants (UAE) de l\u2019ULB. Association qui a co-organis\u00e9 la conf\u00e9rence Fourest \u2013 Hasquin du 7 f\u00e9vrier.<\/p>\n<p>D\u00e8s le lendemain, un communiqu\u00e9 alarmiste, sign\u00e9 par l\u2019UAE, le Cercle du Libre Examen (Librex) et l\u2019Association des Cercles Estudiantins (ACE), d\u00e9nonce des \u00ab\u00a0<em>assassins de la d\u00e9mocratie\u00a0<\/em>\u00a0\u00bb aux \u00ab\u00a0<em>m\u00e9thodes fascisantes ayant emp\u00each\u00e9 la tenue d\u2019un d\u00e9bat dans la maison du Libre examen\u00a0!<\/em>\u00a0\u00bb (8). Qualifiant les militants de la Burqa Pride d\u2019\u00ab\u00a0<em>obscurantistes<\/em>\u00a0\u00bb, les auteurs du communiqu\u00e9 sont \u00ab\u00a0<em>constern\u00e9s par la haine de notre soci\u00e9t\u00e9 qui les anime\u00a0<\/em>\u00a0\u00bb \u2026<\/p>\n<p>Pondu par quatre \u00e9tudiants du Librex connus pour leur engagement sioniste et la\u00efciste (9), ce texte hyst\u00e9rique a \u00e9t\u00e9 soumis vers une heure du matin \u00e0 Eddy Caekelberghs et <strong>Louis Bersini<\/strong>, pr\u00e9sident de l\u2019ACE. Valid\u00e9 dans la demi-heure\u00a0! Arguant de ses qualit\u00e9s de journaliste, Caekelberghs convainc le petit groupe que leur prose collective doit imm\u00e9diatement \u00eatre transmise aux m\u00e9dias. Il est deux heures du matin \u2026<\/p>\n<p>Pr\u00e9sent la veille \u00e0 l\u2019ULB et habit\u00e9 par la \u00ab\u00a0gravit\u00e9 nationale\u00a0\u00bb de l\u2019\u00e9v\u00e8nement, le journaliste du Soir, <strong>Marc Metdepenningen<\/strong>, se fend \u00e9galement d\u2019un papier inepte, diffus\u00e9 sur le site du quotidien le 8 f\u00e9vrier (10). Sans doute en panne d\u2019inspiration, Metdepenningen reprendra le titre mod\u00e9r\u00e9 du communiqu\u00e9 de l\u2019UAE\u00a0: \u00ab\u00a0<em>L\u2019ULB d\u00e9natur\u00e9e et menac\u00e9e par des assassins de la d\u00e9mocratie\u00a0<\/em>\u00a0\u00bb \u2026<\/p>\n<p>Quelques heures plus tard, avec une emphase proche du grotesque, les partis PS, MR et FDF balancent des communiqu\u00e9s s\u2019inqui\u00e9tant de la progression du \u00ab\u00a0<em>communautarisme radical\u00a0<\/em>\u00a0\u00bb\u00a0; en appelant \u00ab\u00a0<em>\u00e0 tenir en \u00e9chec les radicalismes religieux\u00a0<\/em>\u00a0\u00bb ou \u00e0 se pr\u00e9server \u00ab\u00a0<em>du retour de l\u2019obscurantisme et de la violence\u00a0<\/em>\u00a0\u00bb (11).<\/p>\n<p>Sans surprise, c\u2019est dans les JT que l\u2019incurie des m\u00e9dias traditionnels va atteindre sa vitesse de pointe. Ne disposant d\u2019aucune \u00ab\u00a0images-maison\u00a0\u00bb puisqu\u2019ils n\u2019avaient \u00e9videmment pas jug\u00e9 utile de couvrir l\u2019\u00e9v\u00e8nement annonc\u00e9, la RTBF, RTL-TVI et T\u00e9l\u00e9bruxelles vont se rabattre sur une vid\u00e9o amateur de 7 minutes post\u00e9e sur Youtube. Probl\u00e8me\u00a0: le vid\u00e9aste anonyme \u00ab\u00a0gillesdej95\u00a0\u00bb a d\u00e9cid\u00e9 d\u2019intoxiquer son audience. En coupant opportun\u00e9ment le moment pr\u00e9cis o\u00f9 Souhail Chichah explique les motivations de la Burqa pride \u2026 (12).<\/p>\n<p><img decoding=\"async\" alt=\"\" src=\"http:\/\/i.agoravox.fr\/local\/cache-vignettes\/L250xH166\/SC_criant_BBB-9016c.jpg\" width=\"250\" height=\"166\" \/><\/p>\n<p>Or, c\u2019est sur la base de ces images orient\u00e9es \u2013 titr\u00e9es \u00ab\u00a0<em>Clash entre Fourest et des int\u00e9gristes musulmans \u00e0 l\u2019ULB<\/em>\u00a0\u00bb \u2013 que l\u2019ensemble des m\u00e9dias va agiter la menace islamiste, fourguer sa fiction \u00ab\u00a0<em>d\u2019int\u00e9gristes<\/em>\u00a0\u00bb s\u2019attaquant \u00e0 l\u2019Universit\u00e9 et d\u00e9peindre Souhail Chichah tel une quasi-recrue d\u2019Al-Quaeda.<\/p>\n<p><strong>Communautarisme blanc<\/strong><\/p>\n<p>Propuls\u00e9e par <em>La Premi\u00e8re<\/em>, puis reprise par les radios priv\u00e9es, \u00ab\u00a0l\u2019affaire\u00a0\u00bb de la Burqa pride d\u00e9boule dans les JT du 8 f\u00e9vrier. R\u00e9sultat\u00a0: un traitement univoque, all\u00e9g\u00e9 d\u2019omissions, parsem\u00e9 de mensonges. Impression globale au sortir de la minute trente\u00a0: \u00ab\u00a0scandaleuse agression contre nos libert\u00e9s men\u00e9e par cet islamiste enfoulard\u00e9 Souhail Chichah\u00a0!\u00a0\u00bb.<\/p>\n<p>La t\u00e9l\u00e9 a donn\u00e9 son \u00ab\u00a0feu vert\u00a0\u00bb \u00e9motionnel, les quotidiens peuvent encha\u00eener avec \u00ab\u00a0l\u2019analyse \u00e0 froid\u00a0\u00bb. \u00ab\u00a0<em>Quand le d\u00e9bat d\u2019id\u00e9es est confisqu\u00e9<\/em>\u00a0\u00bb titre <em>La Derni\u00e8re Heure<\/em> qui soudain s\u2019int\u00e9resse aux \u00ab\u00a0id\u00e9es\u00a0\u00bb (13). \u00ab\u00a0<em>L\u2019incident de trop \u00e0 l\u2019ULB<\/em>\u00a0\u00bb, scande <em>La Capitale<\/em> qui appelle ses lecteurs \u00e0 se prononcer par \u00ab\u00a0<em>Oui\u00a0<\/em>\u00a0\u00bb (photo de Chichah\u00a0; interview sur une demi-colonne) ou par \u00ab\u00a0<em>Non<\/em>\u00a0\u00bb (photo de Fourest\u00a0; idem) \u00e0 la question\u00a0: \u00ab\u00a0<em>Estimez-vous que les actions men\u00e9es mardi soir \u00e0 l\u2019ULB sont l\u00e9gitimes\u00a0?<\/em>\u00a0\u00bb (14).<\/p>\n<p><img decoding=\"async\" alt=\"\" src=\"http:\/\/i.agoravox.fr\/local\/cache-vignettes\/L150xH225\/Christian_Laporte-881da.jpg\" width=\"150\" height=\"225\" \/><em>\u00a0La Libre Belgique<\/em> en fait carr\u00e9ment sa \u00ab\u00a0Une\u00a0\u00bb (\u00ab\u00a0<em>ULB\u00a0: le d\u00e9bat confisqu\u00e9 provoque un toll\u00e9<\/em>\u00a0\u00bb) avec une double page int\u00e9rieure dont deux articles, sign\u00e9 <strong>Christian Laporte<\/strong>, ciblent le quasi-terroriste\u00a0\u00e0 excommunier (\u00ab\u00a0<em>Instruction disciplinaire pour Souhail Chichah<\/em>\u00a0\u00bb\u00a0; \u00ab\u00a0<em>Souhail Chichah\u00a0: de l\u2019antisionisme aux portes de la droite extr\u00eame<\/em>\u00a0\u00bb).<\/p>\n<p>S\u2019ajoute un \u00e9ditorial aussi creux que confus\u00a0de <strong>Jean-Claude Matgen\u00a0<\/strong>(\u00ab\u00a0<em>A bas l\u2019intol\u00e9rance<\/em>\u00a0\u00bb), pr\u00e9c\u00e9d\u00e9 de l\u2019indispensable chronique de <strong>Marc Uyttendaele<\/strong>, avocat tous terrains du Parti Socialiste, mari de la Vice-Premi\u00e8re ministre du gouvernement belge, <strong>Laurette Onkelinx <\/strong>(PS), et professeur de droit constitutionnel \u00e0 l\u2019ULB. Servilement titr\u00e9e \u00ab\u00a0<em>Excusez-nous, Madame Fourest<\/em>\u00a0\u00bb, cette chronique haineuse et paternaliste convoque les noms de r\u00e9sistants belges \u00e0 l\u2019occupation nazie pour mieux amalgamer les militants de la Burqa pride \u00e0 \u2026 des fascistes.<\/p>\n<p><img decoding=\"async\" alt=\"\" src=\"http:\/\/i.agoravox.fr\/local\/cache-vignettes\/L173xH200\/marc-uyttendaele-b4b9f.jpg\" width=\"173\" height=\"200\" \/>Tout \u00e0 son d\u00e9lire raciste maquill\u00e9 en d\u00e9fense de la la\u00efcit\u00e9 et du libre examen, Uyttendaele stigmatise \u00e0 flux tendu\u00a0: \u00ab\u00a0<em>C\u2019est dans mon universit\u00e9 que des int\u00e9gristes musulmans, braillards et sectaires, ont dynamit\u00e9 sa libert\u00e9 de parole. Et le pire est que leur meneur est chercheur \u00e0 l\u2019ULB. C\u2019est dans mon universit\u00e9 qu\u2019avec ses s\u00e9ides, Monsieur Chichah a crach\u00e9 son venin, sa haine, son inculture sur les valeurs qui sont les n\u00f4tres<\/em>\u00a0\u00bb (15) \u2026<\/p>\n<p>On \u00e9voquera plus loin le vrai d\u00e9bat contradictoire, la d\u00e9nonciation de la censure, du colonialisme ou de l\u2019int\u00e9grisme du lobby pro-isra\u00e9lien en Belgique, car ces valeurs-l\u00e0 ont quitt\u00e9 depuis longtemps l\u2019esprit f\u00e9cond de l\u2019apprenti-sc\u00e9nariste de la RTBF (16). Comme tous les bourgeois islamophobes, Marc Uyttendaele n\u2019oublie pas de d\u00e9noncer ce \u00e0 quoi il vient pourtant de se livrer\u00a0: \u00ab\u00a0<em>Ces extr\u00e9mistes ont sali l\u2019image de tous les musulmans qui ne partagent pas leurs visions sectaires mais qui risquent d\u2019\u00eatre injustement assimil\u00e9s \u00e0 ces sinistres porteurs de cris<\/em>\u00a0\u00bb.<\/p>\n<p>Pourra-t-il un jour concevoir, pour autre que lui-m\u00eame, la pertinence de cette phrase avec laquelle il s\u2019\u00e9tait auto-congratul\u00e9\u00a0: \u00ab\u00a0<em>D\u2019une certaine mani\u00e8re, quand on d\u00e9range, c\u2019est qu\u2019on voit juste<\/em>\u00a0\u00bb (17)\u00a0?<\/p>\n<p><strong>Delvaux ou le degr\u00e9 z\u00e9ro du journalisme<\/strong><\/p>\n<p>Mais c\u2019est l\u2019\u00e9ditorialiste en chef du <em>Soir<\/em>, <strong>B\u00e9atrice Delvaux<\/strong> qui remporte la palme d\u2019or du naufrage journalistique. Titr\u00e9 \u00ab\u00a0<em>Un attentat contre la pens\u00e9e<\/em>\u00a0\u00bb (sic\u00a0!), son \u00e9dito du 9 f\u00e9vrier 2012 d\u00e9marre tout en nuances\u00a0: \u00ab\u00a0<em>Souhail Chichah d\u00e9shonore la d\u00e9mocratie belge\u00a0<\/em>\u00a0\u00bb. Puis, devient visionnaire\u00a0: \u00ab\u00a0<em>La forme talibanesque, le fond inexistant de son intervention ne donnent ni \u00e0 r\u00e9fl\u00e9chir ni mati\u00e8re \u00e0 d\u00e9bat<\/em>\u00a0(sic\u00a0!)\u00a0\u00bb \u2026<\/p>\n<p>Si personne n\u2019attend de Delvaux qu\u2019elle y comprenne quoi ce soit en subversion politique comme en physique nucl\u00e9aire, peut-on encore esp\u00e9rer qu\u2019elle se souvienne des fondements du journalisme\u00a0? A partir d\u2019une vid\u00e9o Youtube tronqu\u00e9e et de la haine x\u00e9nophobe des r\u00e9seaux la\u00efcistes et sionistes, Delvaux choisit de polir sa matraque pour \u00eatre \u00e0 l\u2019avant-plan d\u2019une \u00ab\u00a0chasse \u00e0 l\u2019arabe\u00a0\u00bb\u00a0: \u00ab\u00a0<em>M.\u00a0Chichah n\u2019a plus sa place dans un corps acad\u00e9mique, et l\u2019a d\u2019autant moins que ce corps-ci se fonde sur le libre examen\u00a0: il en a trahi tous les principes, il en a viol\u00e9 tous les codes.<\/em>\u00a0\u00bb (18).<\/p>\n<p>A l\u2019\u00e9vidence, Delvaux ne voit pas Chichah comme un \u00ab\u00a0<em>emmerdeur magnifique\u00a0<\/em>\u00a0\u00bb. Au contraire du d\u00e9put\u00e9 europ\u00e9en et ex-Premier ministre belge, <strong>Guy Verhofstadt<\/strong>, que \u00ab\u00a0B\u00e9a\u00a0\u00bb a longuement \u00ab\u00a0interview\u00e9\u00a0\u00bb (19). Titre\u00a0: \u00ab\u00a0<em>L\u2019emmerdeur magnifique\u00a0<\/em>\u00a0\u00bb\u00a0; intro\u00a0: \u00ab\u00a0<em>Guy Verhofstadt est un agitateur<\/em> (sic\u00a0!). <em>Emmerdeur flamboyant, indign\u00e9, il se bat f\u00e9rocement pour une id\u00e9e<\/em>\u00a0: \u2018Il faut plus d\u2019Europe.\u2019\u00a0\u00bb \u2026\u00a0Sur une double page, l\u2019entretien compte 22 questions dont plusieurs sont d\u2019une complaisance inou\u00efe (\u00ab\u00a0<em>Qu\u2019essayez vous de faire en vous agitant comme un beau diable dans les c\u00e9nacles europ\u00e9ens\u00a0?<\/em> <em>Verhofstadt au Parlement europ\u00e9en, c\u2019est une Porsche dans un garage\u00a0?<\/em> <em>Vous n\u2019\u00eates pas plus d\u00e9sesp\u00e9r\u00e9 qu\u2019il y a quelques mois<\/em>\u00a0? <em>Vous ne vous sentez pas un peu seul\u00a0<\/em>\u00a0?\u00a0\u00bb).<\/p>\n<p>Au cas o\u00f9 cette brosse \u00e0 reluire ne suffirait pas, six mini-interviews (de 4 eurod\u00e9put\u00e9s, 1 lobbyiste fran\u00e7ais et 1 journaliste espagnole) viennent tapisser le bas de la double page. Entre \u00ab\u00a0<em>impressionnant<\/em>\u00a0\u00bb, \u00ab\u00a0<em>efficace<\/em>\u00a0\u00bb, \u00ab\u00a0<em>cr\u00e9atif<\/em>\u00a0\u00bb, \u00ab\u00a0<em>vrai leader<\/em>\u00a0\u00bb et \u00ab\u00a0<em>figure importante<\/em>\u00a0\u00bb, l\u2019unique critique \u00e9mise contre l\u2019ex-premier ministre est d\u2019une violence atomique\u00a0: \u00ab\u00a0<em>Il ne va pas assez loin<\/em>\u00a0\u00bb\u2026\u00a0Ce n\u2019est pas demain la veille que Chichah verra la presse belge francophone, et plus particuli\u00e8rement l\u2019\u00e9ditorialiste en chef du <em>Soir<\/em>, interroger quatre de ses coll\u00e8gues universitaires qui le respectent et appr\u00e9cient son travail.<\/p>\n<p><strong>\u00ab\u00a0Deux poids deux mesures\u00a0\u00bb structurel<\/strong><\/p>\n<p>Vu les d\u00e9g\u00e2ts du discours m\u00e9diatique dominant chez certains intellectuels (20), il est utile de le r\u00e9\u00e9crire\u00a0: aucun int\u00e9griste musulman n\u2019\u00e9tait pr\u00e9sent le soir du 7 f\u00e9vrier \u00e0 l\u2019ULB\u00a0! Bigarr\u00e9, le collectif \u00e9tait compos\u00e9 de Belges de toute origine et de toute confession qui ne sont en rien li\u00e9s aux extr\u00eame-droites belge et fran\u00e7aise. En se focalisant sur les \u00ab\u00a0gueules d\u2019arabes\u00a0\u00bb, la majorit\u00e9 des m\u00e9dias, en osmose avec \u00ab\u00a0S\u0153ur Fourest\u00a0\u00bb, a encore d\u00e9montr\u00e9 la vivacit\u00e9 de ses r\u00e9flexes racistes.<\/p>\n<p><img decoding=\"async\" alt=\"\" src=\"http:\/\/i.agoravox.fr\/local\/cache-vignettes\/L320xH250\/Macolm_X_and_Newspapers-340a3.jpg\" width=\"320\" height=\"250\" \/>Flashback\u00a0: les sceptiques se souviennent-ils d\u2019une \u00ab\u00a0info\u00a0\u00bb diffus\u00e9e apr\u00e8s l\u2019assassinat de <strong>Joe Van Holsbeeck<\/strong> (2006)\u00a0? Film\u00e9s par une cam\u00e9ra de surveillance, les auteurs de ce meurtre crapuleux ont d\u2019embl\u00e9e \u00e9t\u00e9 d\u00e9sign\u00e9s par les m\u00e9dias comme des jeunes \u00ab\u00a0<em>d\u2019origine nord-africaine\u00a0<\/em>\u00a0\u00bb (21). A partir de la com\u2019 du porte-parole du parquet de Bruxelles et\u2026 de la couleur de cheveux (noire) des pr\u00e9sum\u00e9s coupables, visible sur les images. Une semaine plus tard, il s\u2019av\u00e9ra que les deux criminels \u00e9taient d\u2019origine polonaise \u2026 Ce coma de l\u2019esprit critique conjugu\u00e9 \u00e0 une extr\u00eame d\u00e9f\u00e9rence envers tout pouvoir institu\u00e9 sont devenus des crit\u00e8res d\u2019excellence dans les r\u00e9dactions comme au sein du corps acad\u00e9mique de l\u2019ULB.<\/p>\n<p>Car la Burqa pride ne vient pas de nulle part (22) ou d\u2019une fantasmatique \u00ab\u00a0<em>haine de notre soci\u00e9t\u00e9<\/em>\u00a0\u00bb. Mais trouve son origine dans l\u2019interminable \u00ab\u00a0deux poids deux mesures\u00a0\u00bb qu\u2019endurent notamment les Belges d\u2019origine maghr\u00e9bine et de confession musulmane. Dans cette raret\u00e9 ou impossibilit\u00e9 d\u2019\u00eatre partie prenante du d\u00e9bat public et intellectuel, surtout de fa\u00e7on critique, virulente ou iconoclaste.<\/p>\n<p>En septembre 2010 \u00e0 l\u2019ULB, Souhail Chichah et moi-m\u00eame participions \u00e0 une projection-d\u00e9bat autour de mon film \u00ab\u00a0<em>Est-il permis de d\u00e9battre avec Dieudonn\u00e9\u00a0?<\/em>\u00a0\u00bb et de la libert\u00e9 d\u2019expression. Obtenu de haute lutte, ce d\u00e9bat contradictoire avait \u00e9t\u00e9 pr\u00e9alablement censur\u00e9 par le Vice-Recteur <strong>Marc Van Damme<\/strong>. Pr\u00e9texte central\u00a0: la d\u00e9fection in extremis des sionistes <strong>Jo\u00ebl Kotek<\/strong> et (d\u00e9j\u00e0) Guy Haarscher (23). Sans contradiction \u00e0 la tribune, impensable que les indig\u00e8nes Chichah et Mukuna s\u2019expriment \u00e0 l\u2019ULB\u00a0! Par contre, les islamophobes Caroline Fourest et <strong>Philippe Val <\/strong>ont eu et auront tribunes libres dans la m\u00eame Universit\u00e9 \u2026<\/p>\n<p><img decoding=\"async\" alt=\"\" src=\"http:\/\/i.agoravox.fr\/local\/cache-vignettes\/L300xH203\/EIPDAD_small-9e9f8.jpg\" width=\"300\" height=\"203\" \/><\/p>\n<p>Le d\u00e9bat contradictoire du 20 septembre 2010 f\u00fbt \u00e9galement chahut\u00e9 \u00e0 l\u2019extr\u00eame. Selon l\u2019un des auteurs du livre \u00ab\u00a0<em>Quitter la r\u00e9serve, refuser l\u2019ar\u00e8ne<\/em>\u00a0\u00bb\u00a0: \u00ab\u00a0<em>La conf\u00e9rence se d\u00e9roulera dans un climat tr\u00e8s tendu et deviendra une vraie foire d\u2019empoigne\u00a0: l\u2019auditoire est majoritairement hostile \u00e0 Chichah et \u00e0 Mukuna\u00a0; les interventions de Jo\u00ebl Kotek, Viviane Teitelbaum <\/em>(24)<em> et Maurice Sosnowski <\/em>(25)<em> rel\u00e8vent de la pure provocation et cherchent syst\u00e9matiquement \u00e0 les interrompre. Pour ces personnes, il s\u2019agit en d\u00e9finitive de marquer \u00e0 jamais Chichah et Mukuna du sceau de l\u2019infamie en diffusant l\u2019id\u00e9e d\u2019un lien \u00e9troit entre ces orateurs, Dieudonn\u00e9 et l\u2019antis\u00e9mitisme\u00a0<\/em>\u00a0\u00bb (26).<\/p>\n<p>Plus inqui\u00e9tantes furent les violences physiques commises \u00e0 la sortie du d\u00e9bat. Le journaliste ind\u00e9pendant <strong>Mehmet Koksal<\/strong> et <strong>Manuel Abramowicz<\/strong> (resistances.be), ont \u00e9t\u00e9 brutalis\u00e9s et ont failli se faire tabass\u00e9\u00a0; <strong>Nordine Sa\u00efdi<\/strong>, militant du parti Egalit\u00e9, a \u00e9t\u00e9 menac\u00e9 de mort\u00a0! Les auteurs de ces \u00ab\u00a0<em>m\u00e9thodes fascisantes\u00a0<\/em>\u00a0\u00bb\u00a0? Des miliciens sionistes du BESC (Bureau Ex\u00e9cutif de Surveillance Communautaire), charg\u00e9s d\u2019assurer la protection de Maurice Sosnowski.<\/p>\n<p><img decoding=\"async\" alt=\"\" src=\"http:\/\/i.agoravox.fr\/local\/cache-vignettes\/L400xH288\/Karima_II-982f4.jpg\" width=\"400\" height=\"288\" \/><\/p>\n<p>Dans un premier temps, Manuel Abramowicz avait d\u00e9pos\u00e9 plainte. Apr\u00e8s une rencontre discr\u00e8te avec la d\u00e9put\u00e9 r\u00e9gionale Viviane Teitelbaum (MR), il retira sa plainte \u2026 La question qu\u2019on peut se poser sur ce charlatan qui accuse d\u2019\u00eatre \u00ab\u00a0<em>au service de l\u2019extr\u00eame-droite<\/em>\u00a0\u00bb ceux qui en combattent les th\u00e8ses o\u00f9 qu\u2019elles se trouvent (27)\u00a0: a-t-il retir\u00e9 sa plainte en solidarit\u00e9 avec l\u2019Etat raciste et colonialiste d\u2019Isra\u00ebl ou par communautarisme juif\u00a0?<\/p>\n<p>Mehmet Koksal, <strong>Arnaud Gr\u00e9goire<\/strong> d\u2019Alterechos (28) et moi-m\u00eame avons \u00e9t\u00e9 les seuls journalistes en Communaut\u00e9 fran\u00e7aise \u00e0 d\u00e9noncer ces faits perp\u00e9tr\u00e9s dans l\u2019enceinte de l\u2019ULB (29). Aujourd\u2019hui comme hier, ces violences n\u2019ont jamais int\u00e9ress\u00e9 les m\u00e9dias ni les Autorit\u00e9s acad\u00e9miques comme la majorit\u00e9 des professeurs de l\u2019ULB. Quel contraste au regard de l\u2019actuelle bronca contre la pacifique Burqa pride\u00a0!<\/p>\n<p><strong>Censure \u00e0 r\u00e9p\u00e9tition<\/strong><\/p>\n<p>Apr\u00e8s le 20 septembre 2010, Souhail Chichah a \u00e9t\u00e9 accus\u00e9 d\u2019antis\u00e9mitisme et de n\u00e9gationnisme par Sosnowski et Teitelbaum, a support\u00e9 des menaces de sanctions professionnelles, a re\u00e7u des menaces de mort et a subit une tentative d\u2019agression au couteau devant son domicile. Il attendra six mois d\u2019instruction pour se voir blanchir par le Conseil d\u2019administration de l\u2019ULB des accusations infond\u00e9es port\u00e9es contre lui. Bien s\u00fbr, son diffamateur et menteur confirm\u00e9, le professeur Sosnowski, n\u2019a \u00e9t\u00e9 ni inqui\u00e9t\u00e9 ni sanctionn\u00e9 \u2026<\/p>\n<p><img decoding=\"async\" alt=\"\" src=\"http:\/\/i.agoravox.fr\/local\/cache-vignettes\/L180xH223\/The_Lobby-a2dcb.jpg\" width=\"180\" height=\"223\" \/>En 2011, le recteur Didier Viviers a censur\u00e9 une conf\u00e9rence intitul\u00e9e \u00ab\u00a0<em>Le projet sioniste en Palestine\u00a0<\/em>\u00a0\u00bb \u00e0 laquelle devait participer Souhail Chichah. Pr\u00e9texte\u00a0: une proc\u00e9dure en cours concernant une plainte contre l\u2019assistant. L\u2019avocat de Chichah confirmera la violation de son droit \u00e0 la libert\u00e9 d\u2019expression comme le non-respect de la pr\u00e9somption d\u2019innocence.<\/p>\n<p>Plus tard, le pr\u00e9sident du Librex, <strong>Samuel Fuks<\/strong>, a d\u00e9programm\u00e9 in extremis le chercheur en \u00c9conomie de la discrimination d\u2019une conf\u00e9rence intitul\u00e9e \u00ab\u00a0<em>La\u00efcit\u00e9, nouveau moyen de discriminer\u00a0?<\/em>\u00a0\u00bb. Il devait y d\u00e9battre avec <strong>Alain Destexhe<\/strong> (MR), <strong>Pierre Galand <\/strong>(PS) et le sociologue <strong>Marc Jacquemain<\/strong>. Exc\u00e9d\u00e9, Chichah menace de tout r\u00e9v\u00e9ler. Par peur d\u2019un \u00e9ventuel scandale, Fuks annulera la conf\u00e9rence \u2026<\/p>\n<p>D\u2019un point de vue universitaire, m\u00e9diatique et politique, le \u00ab\u00a0deux poids deux mesure\u00a0\u00bb d\u2019inspiration racialiste et id\u00e9ologique ne rel\u00e8ve plus de la question. Il s\u2019agit d\u2019un fonctionnement structurel obstin\u00e9ment ni\u00e9 par les \u00e9lites de notre pays.<\/p>\n<p><strong>D\u2019\u00e9gal \u00e0 \u00e9gal\u00a0!<\/strong><\/p>\n<p>Une journaliste qui dispose de multiples tribunes m\u00e9diatiques (<em>Le Monde<\/em>, <em>France 24<\/em>, <em>France Inter<\/em>, <em>France Culture<\/em>) et politique (PS) depuis pr\u00e8s d\u2019une d\u00e9cennie peut-elle s\u00e9rieusement crier \u00e0 la censure pour une tribune bruxelloise interrompue\u00a0? Aujourd\u2019hui comme hier, sa libert\u00e9 d\u2019expression et surtout de mentir n\u2019est en rien atteinte. A cet \u00e9gard, son compte-rendu de la soir\u00e9e signale la pr\u00e9sence de trois \u00ab\u00a0dangereuses\u00a0\u00bb personnes le 7 f\u00e9vrier \u00e0 l\u2019ULB\u00a0: la militante <strong>Kaoutar Boustani<\/strong>, la journaliste <strong>Aurore Van Opstal<\/strong> et votre serviteur (30). Probl\u00e8me\u00a0: aucune de ces personnes n\u2019a particip\u00e9 \u00e0 la Burqa pride \u2026 Cet \u00e9ni\u00e8me exemple de probit\u00e9 intellectuelle conduira certainement Haarscher et Viviers \u00e0 proposer Caroline Fourest au prix <em>Honoris Causa<\/em>.<\/p>\n<p><img decoding=\"async\" alt=\"\" src=\"http:\/\/i.agoravox.fr\/local\/cache-vignettes\/L620xH413\/Abdellah_B_BQ-552c9.jpg\" width=\"620\" height=\"413\" \/><\/p>\n<p>En revanche, Souhail Chichah et d\u2019autres intellectuels d\u2019origine africaine ne b\u00e9n\u00e9ficient d\u2019aucune visibilit\u00e9 m\u00e9diatique. Malgr\u00e9 la pertinence et l\u2019honn\u00eatet\u00e9 intellectuelle de leurs travaux. Et lorsque Chichah participe d\u2019une action collective provocatrice, il faut cinq jours d\u2019hyst\u00e9rie finalis\u00e9 par un lynchage dans un tribunal m\u00e9diatique (31) pour qu\u2019il puisse d\u00e9velopper ses arguments. Ce qui n\u2019a pas eu lieu dans les m\u00e9dias audiovisuels. Mais via une initiative citoyenne du photographe-reporter <strong>Sergio Bianchini<\/strong>.<\/p>\n<p><img decoding=\"async\" alt=\"\" src=\"http:\/\/i.agoravox.fr\/local\/cache-vignettes\/L145xH150\/Sergio-ecea1.jpg\" width=\"145\" height=\"150\" \/>Celui-ci a longuement interrog\u00e9 Souhail Chichah face cam\u00e9ra. Pour en diffuser le r\u00e9sultat sur le net et les r\u00e9seaux sociaux (32). L\u2019argumentaire du chercheur dynamite la fiction m\u00e9diatique d\u2019inspiration coloniale d\u00e9peignant un \u00ab\u00a0<em>islamiste radical\u00a0<\/em>\u00a0\u00bb limit\u00e9 aux borborygmes et aux slogans. A tel point que Marc Metdepenningen, oubliant le stupide communiqu\u00e9 de l\u2019UAE, est revenu interview\u00e9 s\u00e9rieusement Chichah pour son journal (33).<\/p>\n<p>Finalement, de quoi la Burqa pride est-elle le nom\u00a0? De la mise en lumi\u00e8re d\u2019un racisme structurel occidental d\u00e9guis\u00e9 en d\u00e9fense de valeurs d\u00e9mocratiques. D\u2019une orf\u00e8vrerie de la mauvaise foi barricad\u00e9e de diversions alarmistes pour ne pas voir ce cancer du \u00ab\u00a0<em>vivre-ensemble\u00a0<\/em>\u00a0\u00bb. D\u2019un communautarisme blanc toujours plus exacerb\u00e9 et pr\u00eat \u00e0 toutes les d\u00e9rives autoritaires pour \u00ab\u00a0remettre les bougnoules \u00e0 leur place\u00a0\u00bb \u2026<\/p>\n<p><img decoding=\"async\" alt=\"\" src=\"http:\/\/i.agoravox.fr\/local\/cache-vignettes\/L620xH444\/BQ_III_7_fevrier_2012-8e4d5.jpg\" width=\"620\" height=\"444\" \/><\/p>\n<p>Mais la Burqa pride c\u2019est aussi le nom d\u2019une admirable r\u00e9sistance populaire et intellectuelle de celles et ceux qui refusent de tout leur \u00eatre l\u2019inf\u00e9riorisation et la victimisation sociales. Une \u00e9vasion salutaire de la \u00ab\u00a0seconde zone\u00a0\u00bb pour interpeller ceux qui font semblant de ne pas comprendre qu\u2019ils jouissent de privil\u00e8ges au sommet d\u2019une ind\u00e9fendable hi\u00e9rarchisation raciale. Une soif de justice pour enfin devenir, comme le disait C\u00e9saire, \u00ab\u00a0<em>des citoyens \u00e0 parts enti\u00e8res et non plus, enti\u00e8rement \u00e0 part<\/em>\u00a0\u00bb.<\/p>\n<p>Rev\u00eatir des foulards et des burqas \u2013 marqueurs symboliques d\u2019obscurantisme religieux et\/ou de fanatisme arabo-musulman \u2013 pour exprimer un message peut sembler contre-productif. Il s\u2019agit au contraire de forcer le d\u00e9bat par le renvoi du stigmate. Provoquer le choc, l\u2019arr\u00eat ou l\u2019effroi pour mieux imposer des questions cruciales comme le vrai d\u00e9bat. En cela, la Burqa pride demeure une r\u00e9ussite exemplaire et une \u00ab\u00a0raison\u00a0\u00bb de plus pour abattre l\u2019intellectuel embl\u00e9matique qui y participa \u2026<\/p>\n<p><img decoding=\"async\" alt=\"\" src=\"http:\/\/i.agoravox.fr\/local\/cache-vignettes\/L620xH412\/SC_in_the_ring-92b69.jpg\" width=\"620\" height=\"412\" \/><\/p>\n<p>S\u2019il faut encore l\u2019\u00e9crire pour les honn\u00eates gens, oublieux que l\u2019\u00e9galit\u00e9 de traitement comme la libert\u00e9 d\u2019expression s\u2019arrache et ne se demande pas poliment, voici une description du chercheur qui survivra aux barils de mensonges d\u00e9vers\u00e9s ces derni\u00e8res semaines\u00a0: \u00ab\u00a0<em>La subversion de Souhail Chichah r\u00e9side dans sa capacit\u00e9 \u00e0 briser des questions tabous et \u00e0 se positionner en \u00e9gal vis-\u00e0-vis de tous ceux qui veulent lui imposer, consciemment ou pas, un rapport d\u2019autorit\u00e9 et\/ou de pouvoir. Pour cela, il est devenu le symbole du combat pour l\u2019\u00e9galit\u00e9 que de nombreux descendants de l\u2019immigration ouvri\u00e8re tentent p\u00e9niblement de mener au quotidien.<\/em>\u00a0\u00bb (34).<\/p>\n<p>Si ceux qui exigent le licenciement de Souhail parviennent \u00e0 obtenir gain de cause, le signe d\u2019une grave d\u00e9rive autoritaire s\u2019inscrira en lettres de feu. Non seulement cette d\u00e9rive ne sera pas \u00ab\u00a0<em>d\u2019origine musulmane<\/em>\u00a0\u00bb mais elle en appellera d\u2019autres contre d\u2019autres groupes sociaux. Il est minuit moins cinq pour cesser de regarder le doigt de Chichah mais bien la lune que lui et ses camarades montrent depuis des ann\u00e9es \u2026<\/p>\n<p>Olivier Mukuna<\/p>\n<p>&nbsp;<\/p>\n<p>Notes\u00a0:<\/p>\n<ol>\n<li>Constat d\u00e9velopp\u00e9 par <strong>Abdellah Boudami<\/strong>, participant de la Burqa pride, \u00e9tudiant en Sciences Politiques (ULB) et co-auteur du livre <em>Isra\u00ebl parlons-en <\/em><em>\u00a0!<\/em>\u00a0: \u00ab\u00a0<em>Si le <\/em><em>glissement op\u00e9r\u00e9 par l\u2019extr\u00eame-droite en France et ailleurs pour d\u00e9shumaniser les musulmans et attiser la haine \u00e0 leur encontre s\u2019est op\u00e9r\u00e9 sur le mode de la d\u00e9fense de la la\u00efcit\u00e9, il faut noter que les principaux arguments qui ont permis ce glissement sont tr\u00e8s pr\u00e9cis\u00e9ment d\u00e9velopp\u00e9s dans les th\u00e8ses, les ouvrages et les prises de position de Caroline Fourest. On pourrait m\u00eame avancer qu\u2019une figure comme Caroline Fourest est plus dangereuse que Marine Le Pen, car alors que cette derni\u00e8re est situ\u00e9e et avance \u00e0 visage d\u00e9couvert, Fourest vernit d\u2019un voile de respectabilit\u00e9 ce qui constitue la m\u00eame trame raciste, les m\u00eames <\/em><em>g\u00e9n\u00e9ralisations musulmanophobes<\/em>\u00a0\u00bb (in \u00ab\u00a0<em>Quelques consid\u00e9rations \u00e9l\u00e9mentaires sur le chahutage de la conf\u00e9rence de Caroline Fourest \u00e0 l\u2019ULB\u00a0\u00bb<\/em>,\u00a0A. Boudami, Bruxelles, 9 f\u00e9vrier 2012 \u2013 <span style=\"text-decoration: underline;\"><a href=\"http:\/\/www.egalite.be\/?p=1708\">http:\/\/www.egalite.be\/?p=1708<\/a><\/span> ).<\/li>\n<li>Slogan faisant r\u00e9f\u00e9rence au titre comme au contenu d\u2019un article de <strong>Serge Halimi<\/strong>, r\u00e9dacteur en chef du <em>Monde Diplomatique<\/em> ( <span style=\"text-decoration: underline;\"><a href=\"http:\/\/www.monde-diplomatique.fr\/2010\/04\/HALIMI\/18990\">http:\/\/www.monde-diplomatique.fr\/2010\/04\/HALIMI\/18990<\/a><\/span> ).<\/li>\n<\/ol>\n<ol start=\"3\">\n<li>M\u00e9thode agressive digne des extr\u00e9mistes et qui ne rel\u00e8ve pas de l\u2019exception comme en t\u00e9moigne le dernier article de l\u2019enseignant <strong>Pierre T\u00e9vanian<\/strong>\u00a0: <span style=\"text-decoration: underline;\"><a href=\"http:\/\/lmsi.net\/Je-suis-tombe-par-terre-c-est-la\">http:\/\/lmsi.net\/Je-suis-tombe-par-terre-c-est-la<\/a><\/span><\/li>\n<\/ol>\n<ol start=\"4\">\n<li>La VO sur le site du WSJ\u00a0: <span style=\"text-decoration: underline;\"><a href=\"http:\/\/online.wsj.com\/article\/0,,SB110729559310242790,00.html\">http:\/\/online.wsj.com\/article\/0,,SB110729559310242790,00.html<\/a><\/span>\u00a0; la m\u00eame version en acc\u00e8s libre\u00a0: <span style=\"text-decoration: underline;\"><a href=\"http:\/\/www.jewishtoronto.com\/page.aspx?id=97015\">http:\/\/www.jewishtoronto.com\/page.aspx?id=97015<\/a><\/span> et sa traduction en fran\u00e7ais\u00a0:<span style=\"text-decoration: underline;\"><a href=\"http:\/\/xenismes.wordpress.com\/2012\/02\/25\/la-guerre-de-leurabie-par-caroline-fourest\/\">http:\/\/xenismes.wordpress.com\/2012\/02\/25\/la-guerre-de-leurabie-par-caroline-fourest\/<\/a><\/span><\/li>\n<\/ol>\n<ol start=\"5\">\n<li>Directeur de l\u2019Institut des Relations Internationales et Strat\u00e9giques (IRIS) et enseignant \u00e0 l\u2019Institut d\u2019\u00e9tudes europ\u00e9ennes de l\u2019Universit\u00e9 de Paris VIII. Auteur ou directeur d\u2019une quarantaine d\u2019ouvrages portant principalement sur les relations internationales.<\/li>\n<\/ol>\n<ol start=\"6\">\n<li>\u00a0<em>Les intellectuels faussaires \u2013 le triomphe m\u00e9diatique des experts en mensonge<\/em>\u00a0\u00bb, Pascal Boniface, Editions Jean-Claude Gauwsewitch, Paris, 2011, p. 121.<\/li>\n<\/ol>\n<ol start=\"7\">\n<li>Voici la vid\u00e9o sans coupure de l\u2019ensemble de cette description\u00a0: <span style=\"text-decoration: underline;\"><a href=\"http:\/\/www.youtube.com\/watch?v=-NjjkR1WFOc\">http:\/\/www.youtube.com\/watch?v=-NjjkR1WFOc<\/a><\/span> ainsi que le gros plan de l\u2019intervention de Souhail Chichah\u00a0: <span style=\"text-decoration: underline;\"><a href=\"http:\/\/www.youtube.com\/watch?v=9wJm_EKzLYQ&amp;feature=related\">http:\/\/www.youtube.com\/watch?v=9wJm_EKzLYQ&amp;feature=related<\/a><\/span><\/li>\n<\/ol>\n<ol start=\"8\">\n<li><span style=\"text-decoration: underline;\"><a href=\"http:\/\/www.reseau-uae.be\/netcursus\/news\/detail.asp?id=691&amp;backqs=L25ldGN1cnN1cy9uZXdzL2xpc3RlLmFzcA==\">http:\/\/www.reseau-uae.be\/netcursus\/news\/detail.asp?id=691&amp;backqs=L25ldGN1cnN1cy9uZXdzL2xpc3RlLmFzcA==<\/a><\/span><\/li>\n<\/ol>\n<ol start=\"9\">\n<li><strong>Samuel Fuks<\/strong>, \u00e9tudiant en Droit, pr\u00e9sident du Cercle du Libre Examen (Librex) et membre de l\u2019Union des Etudiants Juifs de Belgique (UEJB), <strong>Nicolas Pary<\/strong>, \u00e9tudiant \u00e0 Solvay Bussiness School, <strong>Maxime Campus<\/strong> et <strong>Claire Dufour<\/strong>, \u00e9tudiants en Sciences Politiques).<\/li>\n<\/ol>\n<ol start=\"10\">\n<li><span style=\"text-decoration: underline;\"><a href=\"http:\/\/www.lesoir.be\/actualite\/belgique\/2012-02-08\/l-ulb-denaturee-et-menacee-par-des-assassins-de-la-democratie-895845.php\">http:\/\/www.lesoir.be\/actualite\/belgique\/2012-02-08\/l-ulb-denaturee-et-menacee-par-des-assassins-de-la-democratie-895845.php<\/a><\/span><\/li>\n<\/ol>\n<ol start=\"11\">\n<li><span style=\"text-decoration: underline;\"><a href=\"http:\/\/www.lalibre.be\/actu\/belgique\/article\/718498\/debat-interrompu-a-l-ulb-le-mr-fdf-et-ps-condamnent.html\">http:\/\/www.lalibre.be\/actu\/belgique\/article\/718498\/debat-interrompu-a-l-ulb-le-mr-fdf-et-ps-condamnent.html<\/a><\/span><\/li>\n<\/ol>\n<ol start=\"12\">\n<li><span style=\"text-decoration: underline;\"><a href=\"http:\/\/www.youtube.com\/watch?v=bMSM2aCDQpU&amp;feature=player_embedded\">http:\/\/www.youtube.com\/watch?v=bMSM2aCDQpU&amp;feature=player_embedded<\/a><\/span><\/li>\n<\/ol>\n<ol start=\"13\">\n<li><span style=\"text-decoration: underline;\"><a href=\"http:\/\/www.dhnet.be\/dhjournal\/archives_det.phtml?id=1229547\">http:\/\/www.dhnet.be\/dhjournal\/archives_det.phtml?id=1229547<\/a><\/span><\/li>\n<\/ol>\n<ol start=\"14\">\n<li><span style=\"text-decoration: underline;\"><a href=\"http:\/\/www.pressdisplay.com\/pressdisplay\/fr\/viewer.aspx\">http:\/\/www.pressdisplay.com\/pressdisplay\/fr\/viewer.aspx<\/a><\/span><\/li>\n<li><span style=\"text-decoration: underline;\"><a href=\"http:\/\/www.lalibre.be\/debats\/opinions\/article\/718514\/excusez-nous-madame-fourest.html\">http:\/\/www.lalibre.be\/debats\/opinions\/article\/718514\/excusez-nous-madame-fourest.html<\/a><\/span><\/li>\n<\/ol>\n<ol start=\"16\">\n<li><span style=\"text-decoration: underline;\"><a href=\"http:\/\/www.lavenir.net\/article\/detail.aspx?articleid=DMF20120109_00102656\">http:\/\/www.lavenir.net\/article\/detail.aspx?articleid=DMF20120109_00102656<\/a><\/span><\/li>\n<\/ol>\n<ol start=\"17\">\n<li>Ibidem.<\/li>\n<\/ol>\n<ol start=\"18\">\n<li><span style=\"text-decoration: underline;\"><a href=\"http:\/\/www.lesoir.be\/debats\/editos\/2012-02-09\/ulb-un-attentat-contre-la-pensee-896152.phphttp:\/\/www.lesoir.be\/debats\/editos\/2012-02-09\/ulb-un-attentat-contre-la-pensee-896152.php\">http:\/\/www.lesoir.be\/debats\/editos\/2012-02-09\/ulb-un-attentat-contre-la-pensee-896152.phphttp:\/\/www.lesoir.be\/debats\/editos\/2012-02-09\/ulb-un-attentat-contre-la-pensee-896152.php<\/a><\/span><\/li>\n<\/ol>\n<ol start=\"19\">\n<li><span style=\"text-decoration: underline;\"><a href=\"http:\/\/archives.lesoir.be\/l-8217-emmerdeur-magnifique_t-20120204-01TG1X.html\">http:\/\/archives.lesoir.be\/l-8217-emmerdeur-magnifique_t-20120204-01TG1X.html<\/a><\/span><\/li>\n<\/ol>\n<ol start=\"20\">\n<li><span style=\"text-decoration: underline;\"><a href=\"http:\/\/www.lalibre.be\/debats\/opinions\/article\/721335\/faut-il-exclure-m-chichah-de-l-ulb.html\">http:\/\/www.lalibre.be\/debats\/opinions\/article\/721335\/faut-il-exclure-m-chichah-de-l-ulb.html<\/a><\/span><\/li>\n<\/ol>\n<ol start=\"21\">\n<li><span style=\"text-decoration: underline;\"><a href=\"http:\/\/www.iteco.be\/Derives-dans-la-presse-belge\">http:\/\/www.iteco.be\/Derives-dans-la-presse-belge<\/a><\/span><\/li>\n<\/ol>\n<ol start=\"22\">\n<li>A cet \u00e9gard, lire ceci\u00a0: <span style=\"text-decoration: underline;\"><a href=\"https:\/\/www.facebook.com\/note.php?note_id=228274393930415\">https:\/\/www.facebook.com\/note.php?note_id=228274393930415<\/a><\/span> et l\u2019article du professeur <strong>Pierre Piccinin<\/strong>\u00a0: <a href=\"http:\/\/www.pierrepiccinin.eu\/article-belgique-islamophobie-la-contradiction-s-invite-a-l-ulb-enfin-99152548.html\">http:\/\/www.pierrepiccinin.eu\/article-belgique-islamophobie-la-contradiction-s-invite-a-l-ulb-enfin-99152548.html<\/a><\/li>\n<\/ol>\n<ol start=\"23\">\n<li>Fervent partisan de la guerre coloniale US en Irak (2003) qui a fait plus d\u2019un million de morts, Guy Haarscher, le \u00ab\u00a0philosophe\u00a0\u00bb des puissants et de l\u00a0\u00bbordre \u00e9tabli, tente aujourd\u2019hui de nous faire croire qu\u2019il se soucie du sort des musulmans de Belgique\u00a0: <span style=\"text-decoration: underline;\"><a href=\"http:\/\/www.lalibre.be\/actu\/belgique\/article\/718701\/haarscher-entre-le-pen-et-chichah-c-est-dur-pour-les-musulmans.html\">http:\/\/www.lalibre.be\/actu\/belgique\/article\/718701\/haarscher-entre-le-pen-et-chichah-c-est-dur-pour-les-musulmans.html<\/a><\/span><\/li>\n<\/ol>\n<ol start=\"24\">\n<li>D\u00e9put\u00e9e r\u00e9gionale du MR (Mouvement R\u00e9formateur\u00a0; \u00e9quivalent de l\u2019UMP en France), Viviane Teitelbaum est l\u2019une des fers de lance du lobby pro-isra\u00e9lien belge. Ses prises de position comme sa prose rel\u00e8vent de l\u2019int\u00e9grisme o\u00f9 le \u00ab\u00a0bien\u00a0\u00bb et le \u00ab\u00a0mal\u00a0\u00bb tiennent lieu d\u2019\u00ab\u00a0arguments\u00a0\u00bb\u00a0: <span style=\"text-decoration: underline;\"><a href=\"http:\/\/www.vitelu.be\/?p=1229\">http:\/\/www.vitelu.be\/?p=1229<\/a><\/span><\/li>\n<\/ol>\n<ol start=\"25\">\n<li>Pr\u00e9sident du CCOJB (Comit\u00e9 de Coordination des Organisations Juives de Belgique\u00a0; \u00e9quivalent du CRIF en France) et professeur de m\u00e9decine \u00e0 l\u2019ULB, Maurice Sosnowski est l\u2019un des chefs de ce lobbying agressif et violent pr\u00e9cit\u00e9. Aucun journaliste francophone n\u2019ose la moindre critique publique \u00e0 son encontre\u00a0; ce qui n\u2019est pas le cas dans la presse flamande (<span style=\"text-decoration: underline;\"><a href=\"http:\/\/xenismes.wordpress.com\/2012\/02\/18\/burqa-bla-bla-chahut-a-lulb-par-eric-hulsens\/\">http:\/\/xenismes.wordpress.com\/2012\/02\/18\/burqa-bla-bla-chahut-a-lulb-par-eric-hulsens\/<\/a><\/span>). Depuis pr\u00e8s de deux ans, il s\u2019est donn\u00e9 pour \u00ab\u00a0mission isra\u00e9lienne\u00a0\u00bb d\u2019exclure Souhail Chichah de l\u2019ULB. Sans succ\u00e8s, jusqu\u2019\u00e0 pr\u00e9sent\u2026<\/li>\n<\/ol>\n<ol start=\"26\">\n<li>\u00ab\u00a0<em>La communaut\u00e9 universitaire et la pens\u00e9e critique\u00a0<\/em>\u00a0\u00bb, Chikago.be, in\u00a0<em>Quitter la r\u00e9serve, refuser l\u2019ar\u00e8ne<\/em>, Editions du Souffle, Bruxelles, 2012, p. 74 et 75.<\/li>\n<\/ol>\n<ol start=\"27\">\n<li><span style=\"text-decoration: underline;\"><a href=\"http:\/\/resistances.be\/chichah01.html\">http:\/\/resistances.be\/chichah01.html<\/a><\/span><\/li>\n<\/ol>\n<ol start=\"28\">\n<li><span style=\"text-decoration: underline;\"><a href=\"http:\/\/www.alterechos.be\/?p=breves&amp;d=i&amp;c=a&amp;art_id=20590&amp;listby=day&amp;art_date=2010_09_22\">http:\/\/www.alterechos.be\/p=breves&amp;d=i&amp;c=a&amp;art_id=20590&amp;listby=day&amp;art_date=2010_09_22<\/a><\/span><\/li>\n<\/ol>\n<ol start=\"29\">\n<li><span style=\"text-decoration: underline;\"><a href=\"http:\/\/www.agoravox.fr\/tribune-libre\/article\/cabale-sioniste-contre-souhail-82898\">http:\/\/www.agoravox.fr\/tribune-libre\/article\/cabale-sioniste-contre-souhail-82898<\/a><\/span><\/li>\n<\/ol>\n<ol start=\"30\">\n<li><span style=\"text-decoration: underline;\"><a href=\"http:\/\/carolinefourest.wordpress.com\/2012\/02\/11\/debat-tragique-a-bruxelles-tariq-ramadan-ment-comme-toujours\/\">http:\/\/carolinefourest.wordpress.com\/2012\/02\/11\/debat-tragique-a-bruxelles-tariq-ramadan-ment-comme-toujours\/<\/a><\/span><\/li>\n<\/ol>\n<ol start=\"31\">\n<li>Le \u00ab\u00a0d\u00e9bat \u00e9quilibr\u00e9\u00a0\u00bb selon <strong>Dominique Demoulin<\/strong>, animatrice de Controverse (RTL-TVI)\u00a0: <span style=\"text-decoration: underline;\"><a href=\"http:\/\/www.rtl.be\/info\/magazinesdelaredaction\/Controverse\/855900\/l-islamophobie-fantasme-ou-realite-\">http:\/\/www.rtl.be\/info\/magazinesdelaredaction\/Controverse\/855900\/l-islamophobie-fantasme-ou-realite-<\/a><\/span> et la fin de non-recevoir de Souhail Chichah\u00a0: <span style=\"text-decoration: underline;\"><a href=\"http:\/\/www.lalibre.be\/culture\/mediastele\/article\/719495\/le-chahuteur-fait-faux-bond.html\">http:\/\/www.lalibre.be\/culture\/mediastele\/article\/719495\/le-chahuteur-fait-faux-bond.html<\/a><\/span><\/li>\n<\/ol>\n<ol start=\"32\">\n<li><span style=\"text-decoration: underline;\"><a href=\"http:\/\/www.ustream.tv\/recorded\/20441830\">http:\/\/www.ustream.tv\/recorded\/20441830<\/a><\/span> et la reprise de cet entretien dans La Capitale\u00a0:\u00a0<span style=\"text-decoration: underline;\"><a href=\"http:\/\/www.lacapitale.be\/284171\/article\/regions\/bruxelles\/actualite\/2012-02-13\/div\/div-divfont-size3-facetimes-new-roman\/font\/div-divulb-souhail-chichah-\">http:\/\/www.lacapitale.be\/284171\/article\/regions\/bruxelles\/actualite\/2012-02-13\/div\/div-divfont-size3-facetimes-new-roman\/font\/div-divulb-souhail-chichah-<\/a><\/span><\/li>\n<\/ol>\n<ol start=\"33\">\n<li><span style=\"text-decoration: underline;\"><a href=\"http:\/\/archives.lesoir.be\/souhail-chichah-apres-le-bla-bla_t-20120218-01U4WL.html\">http:\/\/archives.lesoir.be\/souhail-chichah-apres-le-bla-bla_t-20120218-01U4WL.html<\/a><\/span><\/li>\n<\/ol>\n<p>34. \u00ab\u00a0<em>La communaut\u00e9 universitaire et la pens\u00e9e critique\u00a0<\/em>\u00a0\u00bb, op. cit., p. 73. Lire \u00e9galement le communiqu\u00e9 des Editions du Souffle suite \u00e0 \u00ab\u00a0l\u2019affaire\u00a0\u00bb de la Burqa pride\u00a0:\u00a0<a href=\"http:\/\/www.egalite.be\/?p=1694\">http:\/\/www.egalite.be\/?p=1694\u00a0 <\/a><\/p>\n<p><a href=\"http:\/\/www.agoravox.fr\/actualites\/citoyennete\/article\/de-quoi-la-burqa-pride-est-elle-le-111241\">Source<\/a><a href=\"http:\/\/www.egalite.be\/?p=1694\"><br \/>\n<\/a><\/p>\n<\/div>\n","protected":false},"excerpt":{"rendered":"<p>De quoi la Burqa pride est-elle le nom\u00a0? Une hyst\u00e9rie politico-m\u00e9diatique aux relents racistes et islamophobes vient de secouer la Belgique francophone. En cause\u00a0: une \u00ab\u00a0Burqa pride\u00a0\u00bb organis\u00e9e par un collectif de militants \u00e0 l\u2019Universit\u00e9 Libre de Bruxelles (ULB). Fallacieusement d\u00e9crits comme des \u00ab\u00a0int\u00e9gristes islamistes\u00a0\u00bb, ces \u00ab\u00a0\u00a0assassins de la d\u00e9mocratie\u00a0\u00a0\u00bb ont commis un abominable crime\u00a0: &#8230; <a title=\"De quoi la Burqa pride est-elle le nom ?\" class=\"read-more\" href=\"https:\/\/bruxelles-pantheres.be\/?p=1351\" aria-label=\"En savoir plus sur De quoi la Burqa pride est-elle le nom ?\">Lire la suite<\/a><\/p>\n","protected":false},"author":1,"featured_media":576,"comment_status":"open","ping_status":"open","sticky":false,"template":"","format":"standard","meta":{"footnotes":""},"categories":[25,4,18,28],"tags":[31,14,13,62,15],"class_list":["post-1351","post","type-post","status-publish","format-standard","has-post-thumbnail","hentry","category-enseignement","category-islamophobie","category-resistance-bruxelles","category-racismes","tag-belgique","tag-bruxelles","tag-nordine-saidi","tag-olivier-mukuna","tag-resistance"],"_links":{"self":[{"href":"https:\/\/bruxelles-pantheres.be\/index.php?rest_route=\/wp\/v2\/posts\/1351","targetHints":{"allow":["GET"]}}],"collection":[{"href":"https:\/\/bruxelles-pantheres.be\/index.php?rest_route=\/wp\/v2\/posts"}],"about":[{"href":"https:\/\/bruxelles-pantheres.be\/index.php?rest_route=\/wp\/v2\/types\/post"}],"author":[{"embeddable":true,"href":"https:\/\/bruxelles-pantheres.be\/index.php?rest_route=\/wp\/v2\/users\/1"}],"replies":[{"embeddable":true,"href":"https:\/\/bruxelles-pantheres.be\/index.php?rest_route=%2Fwp%2Fv2%2Fcomments&post=1351"}],"version-history":[{"count":1,"href":"https:\/\/bruxelles-pantheres.be\/index.php?rest_route=\/wp\/v2\/posts\/1351\/revisions"}],"predecessor-version":[{"id":1352,"href":"https:\/\/bruxelles-pantheres.be\/index.php?rest_route=\/wp\/v2\/posts\/1351\/revisions\/1352"}],"wp:featuredmedia":[{"embeddable":true,"href":"https:\/\/bruxelles-pantheres.be\/index.php?rest_route=\/wp\/v2\/media\/576"}],"wp:attachment":[{"href":"https:\/\/bruxelles-pantheres.be\/index.php?rest_route=%2Fwp%2Fv2%2Fmedia&parent=1351"}],"wp:term":[{"taxonomy":"category","embeddable":true,"href":"https:\/\/bruxelles-pantheres.be\/index.php?rest_route=%2Fwp%2Fv2%2Fcategories&post=1351"},{"taxonomy":"post_tag","embeddable":true,"href":"https:\/\/bruxelles-pantheres.be\/index.php?rest_route=%2Fwp%2Fv2%2Ftags&post=1351"}],"curies":[{"name":"wp","href":"https:\/\/api.w.org\/{rel}","templated":true}]}}