{"id":1355,"date":"2012-02-22T21:52:50","date_gmt":"2012-02-22T20:52:50","guid":{"rendered":"https:\/\/bruxelles-pantheres.be\/?p=1355"},"modified":"2013-11-25T21:54:42","modified_gmt":"2013-11-25T20:54:42","slug":"etat-des-lieux-des-droits-de-lhomme-au-maroc","status":"publish","type":"post","link":"https:\/\/bruxelles-pantheres.be\/?p=1355","title":{"rendered":"Etat des lieux des droits de l\u2019Homme au Maroc"},"content":{"rendered":"<p style=\"text-align: center;\"><strong><br clear=\"all\" \/> <\/strong><strong>\u0627\u0644\u062c\u0645\u0639\u0640\u064a\u0629 \u0627\u0644\u0640\u0645\u063a\u0631\u0628\u064a\u0629 \u0644\u062d\u0640\u0640\u0642\u0640\u0648\u0642 \u0627\u0644\u0625\u0646\u0640\u0640\u0640\u0640\u0633\u0627\u0646 <\/strong><strong><\/strong><\/p>\n<p dir=\"RTL\" style=\"text-align: center;\" align=\"center\"><strong>Association Marocaine des Droits Humains <\/strong><\/p>\n<p dir=\"RTL\" style=\"text-align: center;\" align=\"center\"><strong>\u2013 <em>Section Bruxelles <\/em>\u2013<\/strong><strong><\/strong><\/p>\n<p dir=\"LTR\" align=\"center\"><img decoding=\"async\" alt=\"http:\/\/asdhom.org\/wp-content\/uploads\/2011\/03\/logo_amdh21.jpg\" src=\"http:\/\/asdhom.org\/wp-content\/uploads\/2011\/03\/logo_amdh21.jpg\" width=\"552\" height=\"288\" \/><\/p>\n<p dir=\"LTR\" style=\"text-align: center;\" align=\"center\"><strong>(Commission Pr\u00e9paratoire Provisoire)<\/strong><\/p>\n<p dir=\"RTL\" style=\"text-align: center;\" align=\"center\"><strong>&#8211; Section de\u00a0 l\u2019AMDH en construction &#8211;<br \/>\n<\/strong><\/p>\n<div style=\"text-align: center;\" align=\"right\">\n<table dir=\"rtl\" width=\"81\" border=\"1\" cellspacing=\"0\" cellpadding=\"0\" align=\"right\">\n<tbody>\n<tr>\n<td width=\"637\"><!--more--><\/td>\n<td valign=\"top\" width=\"106\"><\/td>\n<\/tr>\n<\/tbody>\n<\/table>\n<\/div>\n<p align=\"center\"><strong>\u00a0\u00a0\u00a0\u00a0\u00a0\u00a0\u00a0\u00a0\u00a0\u00a0\u00a0\u00a0\u00a0\u00a0\u00a0\u00a0\u00a0\u00a0\u00a0\u00a0\u00a0\u00a0\u00a0\u00a0\u00a0\u00a0\u00a0\u00a0 (<\/strong><strong>Etat des lieux des droits de l\u2019Homme au Maroc<\/strong><strong>)<\/strong><\/p>\n<p><strong>En d\u00e9pit de l\u2019Instance Equit\u00e9 et R\u00e9conciliation et de ses recommandations, rest\u00e9es d\u2019ailleurs inappliqu\u00e9es, une chape de plomb savamment orchestr\u00e9e emp\u00eache l\u2019instauration d\u2019un v\u00e9ritable Etat de Droit au Maroc. Nombre de litiges, \u00e0 ce sujet, voient le jour sans discontinuer. Le point culminant de ces violations, les plus r\u00e9centes, on l\u2019a vu, entre autres, dans la descente punitive sur Taza\u00a0! Cette incursion r\u00e9pressive ressemble goutte pour goutte \u00e0 l\u2019offensive des forces de police sur la ville d\u2019Ifni en juin 2008\u00a0: tabassage\u00a0; torture; arrestations\u00a0; portes des maisons d\u00e9fonc\u00e9es\u00a0; biens mobiliers saccag\u00e9s\u00a0; attouchements et langage ordurier envers les femmes. A Taza, m\u00eame le Hammam et l\u2019intimit\u00e9 des femmes n\u2019ont pas \u00e9t\u00e9 \u00e9pargn\u00e9s par les Forces de la S\u00e9curit\u00e9! <\/strong><\/p>\n<p><strong>\u00a0<\/strong><\/p>\n<p><strong>Les arrestations arbitraires sont le lot quotidien au sein des \u00e9tudiants et le Mouvement du 20 f\u00e9vrier. Les autorit\u00e9s se refusent \u00e0 venir en aide \u00e0 personne en danger, lorsqu\u2019il s\u2019agit de ces jeunes en prison pour d\u00e9lit d\u2019opinion, en gr\u00e8ve de la faim, mena\u00e7ant leur vie. <\/strong><\/p>\n<p><strong>\u00a0<\/strong><\/p>\n<p><strong>La torture au Maroc ne s\u2019arr\u00eate pas. Une liste de t\u00e9moignages reste \u00e0 disposition. Aux\u00a0 martyres tomb\u00e9s sous des coups meurtriers, durant l\u2019ann\u00e9e des protestations du Mouvement du 20 f\u00e9vrier, s\u2019ajoute le d\u00e9c\u00e8s sous la torture d\u2019<\/strong><strong>un homme <strong>El Asri Cherkaoui<\/strong> \u00e2g\u00e9 de 26 ans, au cours d\u2019une garde-\u00e0-vue \u00e0 <em>T\u00e9mara<\/em>, le 6 f\u00e9vrier 2012\u2026<\/strong><strong><\/strong><\/p>\n<p><strong>\u00a0<\/strong><\/p>\n<p><strong>Le moins que l\u2019on puisse dire, c\u2019est que ces agissements condamnables et condamn\u00e9s, rel\u00e8vent des caract\u00e9ristiques d\u2019un Etat-de-Non-Droit, et que le dossier des violations des Droits Humains au Maroc, n\u2019a jamais \u00e9t\u00e9 clos. L\u2019impunit\u00e9 sur tous les plans r\u00e8gne inlassablement et de mani\u00e8re scandaleuse. Les tortionnaires et les assassins durant les ann\u00e9es de plomb, occupent encore les hauts rangs de l\u2019Etat. Et le syst\u00e8me perdure sur les ruines de graves contentieux des violations des droits de l\u2019Homme.<\/strong><\/p>\n<p><strong>\u00a0<\/strong><\/p>\n<p><strong>Quant aux Marocains R\u00e9sidents \u00e0 l\u2019Etranger, ils ne voient ni leurs droits ni leurs rapports s\u2019am\u00e9liorer avec les autorit\u00e9s consulaires et l\u2019Etat de leur pays d\u2019origine. Marginalis\u00e9s de la participation \u00e0 la politique de leur pays, les MRE ne sont trait\u00e9s que comme une vache \u00e0 traire. Leurs droits \u00e0 la citoyennet\u00e9 bafou\u00e9s, ils s\u2019exposent constamment \u00e0 la maltraitance aux fronti\u00e8res douani\u00e8res lors des vacances d\u2019\u00e9t\u00e9.<\/strong><\/p>\n<p><strong>\u00a0<\/strong><\/p>\n<p><strong>Aujourd\u2019hui l\u2019immigration clandestine des jeunes mineurs marocains suscite l\u2019indignation de la communaut\u00e9 des MRE. Un jeune de ces clandestins vient de d\u00e9c\u00e9der dans le froid meurtrier, alors que les autorit\u00e9s consulaires semblent indiff\u00e9rentes \u00e0 ce drame qui rel\u00e8ve du droit \u00e0 la vie digne et \u00e0 la justice sociale.<\/strong><\/p>\n<p><strong>\u00a0<\/strong><\/p>\n<p><strong>Nous exhortons les institutions europ\u00e9ennes de faire pression sur l\u2019Etat marocain pour respecter ses engagements, et les chartes universelles des Droits de l\u2019Homme. Ses violations emp\u00eachent r\u00e9solument le Maroc de faire partie des pays prosp\u00e8res et moderne.<\/strong><\/p>\n<p><strong>\u00a0<\/strong><\/p>\n<p><strong>22\/02\/2012<\/strong><\/p>\n<p>23 personnes sans papiers en gr\u00e9ve de la faim illimit\u00e9e depuis le14\/01\/2012 \u00e0 Bruxelles.<iframe src=\"\/\/www.youtube.com\/embed\/b2oqGogwY_w\" height=\"315\" width=\"420\" allowfullscreen=\"\" frameborder=\"0\"><\/iframe><\/p>\n","protected":false},"excerpt":{"rendered":"<p>\u0627\u0644\u062c\u0645\u0639\u0640\u064a\u0629 \u0627\u0644\u0640\u0645\u063a\u0631\u0628\u064a\u0629 \u0644\u062d\u0640\u0640\u0642\u0640\u0648\u0642 \u0627\u0644\u0625\u0646\u0640\u0640\u0640\u0640\u0633\u0627\u0646 Association Marocaine des Droits Humains \u2013 Section Bruxelles \u2013 (Commission Pr\u00e9paratoire Provisoire) &#8211; Section de\u00a0 l\u2019AMDH en construction &#8211;<\/p>\n","protected":false},"author":1,"featured_media":564,"comment_status":"open","ping_status":"open","sticky":false,"template":"","format":"standard","meta":{"footnotes":""},"categories":[24],"tags":[31,30,29],"class_list":["post-1355","post","type-post","status-publish","format-standard","has-post-thumbnail","hentry","category-belgique-maroc","tag-belgique","tag-maroc","tag-torture"],"_links":{"self":[{"href":"https:\/\/bruxelles-pantheres.be\/index.php?rest_route=\/wp\/v2\/posts\/1355","targetHints":{"allow":["GET"]}}],"collection":[{"href":"https:\/\/bruxelles-pantheres.be\/index.php?rest_route=\/wp\/v2\/posts"}],"about":[{"href":"https:\/\/bruxelles-pantheres.be\/index.php?rest_route=\/wp\/v2\/types\/post"}],"author":[{"embeddable":true,"href":"https:\/\/bruxelles-pantheres.be\/index.php?rest_route=\/wp\/v2\/users\/1"}],"replies":[{"embeddable":true,"href":"https:\/\/bruxelles-pantheres.be\/index.php?rest_route=%2Fwp%2Fv2%2Fcomments&post=1355"}],"version-history":[{"count":1,"href":"https:\/\/bruxelles-pantheres.be\/index.php?rest_route=\/wp\/v2\/posts\/1355\/revisions"}],"predecessor-version":[{"id":1356,"href":"https:\/\/bruxelles-pantheres.be\/index.php?rest_route=\/wp\/v2\/posts\/1355\/revisions\/1356"}],"wp:featuredmedia":[{"embeddable":true,"href":"https:\/\/bruxelles-pantheres.be\/index.php?rest_route=\/wp\/v2\/media\/564"}],"wp:attachment":[{"href":"https:\/\/bruxelles-pantheres.be\/index.php?rest_route=%2Fwp%2Fv2%2Fmedia&parent=1355"}],"wp:term":[{"taxonomy":"category","embeddable":true,"href":"https:\/\/bruxelles-pantheres.be\/index.php?rest_route=%2Fwp%2Fv2%2Fcategories&post=1355"},{"taxonomy":"post_tag","embeddable":true,"href":"https:\/\/bruxelles-pantheres.be\/index.php?rest_route=%2Fwp%2Fv2%2Ftags&post=1355"}],"curies":[{"name":"wp","href":"https:\/\/api.w.org\/{rel}","templated":true}]}}