{"id":1359,"date":"2012-02-22T21:58:59","date_gmt":"2012-02-22T20:58:59","guid":{"rendered":"https:\/\/bruxelles-pantheres.be\/?p=1359"},"modified":"2013-11-25T22:02:34","modified_gmt":"2013-11-25T21:02:34","slug":"chahutage-a-lulb-une-defourestation-reussie","status":"publish","type":"post","link":"https:\/\/bruxelles-pantheres.be\/?p=1359","title":{"rendered":"\u00ab Chahutage \u00bb \u00e0 l\u2019ULB : une d\u00e9fourestation r\u00e9ussie !"},"content":{"rendered":"<div class=\"entry-content\"><span style=\"color: #ce1126; font-family: Verdana; font-size: x-small;\"><strong>par Houria Bouteldja, Porte-parole du PIR (Parti des Indig\u00e8nes de la R\u00e9publique)<\/strong><\/span><\/p>\n<p align=\"justify\">Caroline Fourest est lamentable\u00a0: elle s\u2019est fait une sp\u00e9cialit\u00e9 de r\u00e9activer toutes les vieilles ficelles utilis\u00e9es par tous les fachos et autres colonialistes qui hantent l\u2019histoire de France. C\u2019est \u00e0 une vieille tradition qu\u2019appartient en effet la journaliste multicarte\u00a0: celle par exemple des pr\u00e9tendus \u00ab\u00a0anarchistes de droite\u00a0\u00bb \u2013 entit\u00e9 insens\u00e9e et extravagante consistant en r\u00e9alit\u00e9 \u00e0 pouvoir \u00eatre pleinement, sans culpabilit\u00e9 aucune, \u00ab\u00a0de droite\u00a0\u00bb, sans jamais avoir \u00e0 en assumer aucune cons\u00e9quence \u2013 donc en jouissant du capital symbolique des amoureux de la libert\u00e9. Ou encore celle du fameux colon pilleur-massacreur arguant d\u2019une mission civilisatrice g\u00e9n\u00e9reuse et humaniste, n\u2019emp\u00eachant pas accessoirement, pour le bien des barbares, de voler, torturer et jeter des corps dans la Seine.<!--more--><\/p>\n<p align=\"justify\">En un mot, ces id\u00e9ologues r\u00e9actionnaires qui ont la particularit\u00e9 de ne pas assumer ce qu\u2019ils sont, de d\u00e9guiser leur pens\u00e9e en permanence derri\u00e8re des \u00e9nonc\u00e9s signifiant exactement l\u2019inverse de ce qu\u2019ils font r\u00e9ellement, recherchent et obtiennent dans les faits, depuis trop longtemps, le beurre et l\u2019argent du beurre.<\/p>\n<p align=\"justify\">Le d\u00e9voilement de ce que sont vraiment ces agents des forces contre-r\u00e9volutionnaires colonialistes comme Caroline Fourest, doit reposer sur une d\u00e9nonciation de leur m\u00e9thode ignoble, extr\u00eamement simpliste, mais d\u2019une efficacit\u00e9 redoutable en cette p\u00e9riode qui se caract\u00e9rise par un certain d\u00e9chainement g\u00e9n\u00e9ralis\u00e9 \u2013 sorte d\u2019immense \u00e9meute raciste compl\u00e8tement d\u00e9complex\u00e9e \u00e0 laquelle participent certains responsables politiques, intellectuels m\u00e9diatiques et autres id\u00e9ologues-petits-soldats d\u00e9fenseurs des privil\u00e8ges blancs.<\/p>\n<p align=\"justify\">La premi\u00e8re arme de ces petits soldats est bien s\u00fbr la calomnie. Ils insultent, mentent, accusent le plus souvent les autres de crimes qu\u2019ils n\u2019ont bien s\u00fbr jamais commis (mais qu\u2019eux-m\u00eames en revanche commettent quotidiennement\u00a0: \u00ab\u00a0c\u2019est celui qui le dit qui y est\u00a0!\u00a0\u00bb).<\/p>\n<p align=\"justify\">Caroline Fourest pr\u00e9tend aujourd\u2019hui que ceux qui ont os\u00e9 interrompre sa mascarade \u00e0 l\u2019ULB sont d\u2019extr\u00eame droite.<\/p>\n<p align=\"justify\">C\u2019est une manie chez elle\u00a0: dans un hors-s\u00e9rie du journal anti-musulman, Charlie Hebdo, datant de l\u2019ann\u00e9e derni\u00e8re, elle n\u2019a pas h\u00e9sit\u00e9 \u00e0 dire de la grande intellectuelle et militante f\u00e9ministe, Christine Delphy, qu\u2019elle aussi \u00e9videmment avait rejoint l\u2019extr\u00eame droite. Si nous n\u2019\u00e9tions pas dans une p\u00e9riode si violente, il y aurait s\u00fbrement de quoi rire\u00a0: celle que tous les historiens honn\u00eates du f\u00e9minisme pr\u00e9sentent comme une actrice majeure de la lutte pour l\u2019\u00e9galit\u00e9, reconnue mondialement, et qui depuis des d\u00e9cennies se bat encore contre toutes les formes de sexisme et de racisme, se voit assimil\u00e9e \u00e0 ses pires ennemis\u2026par qui au juste\u00a0? Une \u00ab\u00a0f\u00e9ministe\u00a0\u00bb qui milite activement contre le droit des musulmanes qui portent un foulard.<\/p>\n<p align=\"justify\">Et si l\u2019on entre un peu plus dans les d\u00e9tails et qu\u2019on s\u2019int\u00e9resse concr\u00e8tement \u00e0 ce qu\u2019elle dit et \u00e9crit au-del\u00e0 de sa r\u00e9putation de f\u00e9ministe de gauche, que constate-t-on\u00a0? Qu\u2019elle milite par exemple pour que les joueurs de l\u2019\u00e9quipe de France de foot se mettent \u00e0 chanter de bon coeur la Marseillaise (<a href=\"http:\/\/lmsi.net\/Le-collectif-Les-mots-sont,1063\">http:\/\/lmsi.net\/Le-collectif-Les-mots-sont,1063<\/a>). En voil\u00e0 un combat\u00a0! Qui, \u00e0 part l\u2019extr\u00eame-droite, les partis de pouvoir ou les \u00ab\u00a0nouveaux chiens de garde\u00a0\u00bb osent aujourd\u2019hui se battre pour une telle probl\u00e9matique d\u2019arri\u00e8re-garde nationaliste\u00a0? Des escrocs qui parviennent encore \u00e0 passer parfois pour des progressistes aux yeux des na\u00effs, alors m\u00eame que presque jamais ils ne consacrent une de leurs chroniques dans les grands journaux qui les emploient, \u00e0 une v\u00e9ritable critique du racisme \u2013 mais \u00e7a, c\u2019est presque normal. Le pire \u2013 et du coup on se demande en quoi ces gens sont encore \u00ab\u00a0de gauche\u00a0\u00bb, ils ne critiquent jamais la d\u00e9r\u00e9glementation et la pr\u00e9carisation, la discrimination \u00e0 l\u2019embauche, le harc\u00e8lement policier ou l\u2019incarc\u00e9ration massive. Jamais aucune croisade aussi violente que celle qui a \u00e9t\u00e9 men\u00e9e contre \u00ab\u00a0fr\u00e8re Tariq\u00a0\u00bb, consacr\u00e9e par exemple \u00e0 une v\u00e9ritable critique du MEDEF, du Gouvernement, des March\u00e9s financiers, des policiers violents, des patrons qui discriminent, des arm\u00e9es colonialistes, des politiciens v\u00e9reux, ou des responsables politiques corrompus. Et \u00e0 en croire ses cibles, on dirait que la France n\u2019est pas domin\u00e9e par des grands bourgeois blancs, que son \u00e9conomie n\u2019est pas lib\u00e9rale et financiaris\u00e9e, et que seuls des Musulmans peuvent \u00eatre sexistes. Qu\u2019est-ce que cette vision revenant \u00e0 nier tous les rapports de domination qui structurent l\u2019ordre social fran\u00e7ais pour ne se focaliser que sur les d\u00e9fauts grossis ou fantasm\u00e9s d\u2019une minorit\u00e9\u00a0?<\/p>\n<p align=\"justify\">Derni\u00e8rement, tenez-vous bien, contre quoi Caroline Fourest a tenu \u00e0 se battre\u00a0? Contre le droit de vote des immigr\u00e9s aux \u00e9lections locales\u00a0! (<a href=\"http:\/\/lmsi.net\/Retour-de-flamme\">http:\/\/lmsi.net\/Retour-de-flamme<\/a>). Avec des arguments qui la situent au minimum \u00e0 la droite du PS. Cela ajout\u00e9 \u00e0 ses prises de positions pro-Marseillaise, anti-musulmanes, et encore plus r\u00e9cemment, contre la d\u00e9mocratie chez les Arabes (<a href=\"http:\/\/www.slateafrique.com\/81779\/tunisie-revolution-islamisme-croisade-caroline-fourest\">http:\/\/www.slateafrique.com\/81779\/tunisie-revolution-islamisme-croisade-caroline-fourest<\/a>), franchement, qu\u2019est-ce qui distingue encore Caroline Fourest de la droite\u00a0?<\/p>\n<p align=\"justify\">\u00ab\u00a0Comment d\u00e9masquer un masque\u00a0? \u00a0\u00bb s\u2019est demand\u00e9 Sadri Khiari dans son livre qui met un point final \u00e0 Caroline Fourest (<a href=\"http:\/\/www.indigenes-republique.fr\/article.php3?id_article=1211\">http:\/\/www.indigenes-republique.fr\/article.php3\u00a0?id_article=1211<\/a>).<\/p>\n<p align=\"justify\">Une personne aux id\u00e9es clairement extr\u00e9mistes qui qualifie syst\u00e9matiquement ses contradicteurs d\u2019extr\u00e9mistes\u2026comme nous l\u2019avons dit au d\u00e9but de ce texte, \u00e7a n\u2019a rien de neuf en France\u00a0: on qualifiait bien les r\u00e9sistants alg\u00e9riens qui lutt\u00e8rent contre l\u2019hydre colonialiste de \u00ab\u00a0terroristes\u00a0\u00bb, tout comme d\u2019autres occupants le firent avec les r\u00e9sistants des F.T.P- M.O.I.<\/p>\n<p align=\"justify\">Mais l\u00e0 comme ailleurs, \u00ab\u00a0c\u2019est celui qui le dit qui y est\u00a0\u00bb. La d\u00e9fourestation des esprits est une n\u00e9cessit\u00e9. Mieux, c\u2019est un devoir.<\/p>\n<p align=\"justify\">Houria Bouteldja, Porte-parole du PIR (Parti des Indig\u00e8nes de la R\u00e9publique)<\/p>\n<\/div>\n","protected":false},"excerpt":{"rendered":"<p>par Houria Bouteldja, Porte-parole du PIR (Parti des Indig\u00e8nes de la R\u00e9publique) Caroline Fourest est lamentable\u00a0: elle s\u2019est fait une sp\u00e9cialit\u00e9 de r\u00e9activer toutes les vieilles ficelles utilis\u00e9es par tous les fachos et autres colonialistes qui hantent l\u2019histoire de France. C\u2019est \u00e0 une vieille tradition qu\u2019appartient en effet la journaliste multicarte\u00a0: celle par exemple des &#8230; <a title=\"\u00ab Chahutage \u00bb \u00e0 l\u2019ULB : une d\u00e9fourestation r\u00e9ussie !\" class=\"read-more\" href=\"https:\/\/bruxelles-pantheres.be\/?p=1359\" aria-label=\"En savoir plus sur \u00ab Chahutage \u00bb \u00e0 l\u2019ULB : une d\u00e9fourestation r\u00e9ussie !\">Lire la suite<\/a><\/p>\n","protected":false},"author":1,"featured_media":576,"comment_status":"open","ping_status":"open","sticky":false,"template":"","format":"standard","meta":{"footnotes":""},"categories":[4,18,28],"tags":[14,13,15],"class_list":["post-1359","post","type-post","status-publish","format-standard","has-post-thumbnail","hentry","category-islamophobie","category-resistance-bruxelles","category-racismes","tag-bruxelles","tag-nordine-saidi","tag-resistance"],"_links":{"self":[{"href":"https:\/\/bruxelles-pantheres.be\/index.php?rest_route=\/wp\/v2\/posts\/1359","targetHints":{"allow":["GET"]}}],"collection":[{"href":"https:\/\/bruxelles-pantheres.be\/index.php?rest_route=\/wp\/v2\/posts"}],"about":[{"href":"https:\/\/bruxelles-pantheres.be\/index.php?rest_route=\/wp\/v2\/types\/post"}],"author":[{"embeddable":true,"href":"https:\/\/bruxelles-pantheres.be\/index.php?rest_route=\/wp\/v2\/users\/1"}],"replies":[{"embeddable":true,"href":"https:\/\/bruxelles-pantheres.be\/index.php?rest_route=%2Fwp%2Fv2%2Fcomments&post=1359"}],"version-history":[{"count":1,"href":"https:\/\/bruxelles-pantheres.be\/index.php?rest_route=\/wp\/v2\/posts\/1359\/revisions"}],"predecessor-version":[{"id":1360,"href":"https:\/\/bruxelles-pantheres.be\/index.php?rest_route=\/wp\/v2\/posts\/1359\/revisions\/1360"}],"wp:featuredmedia":[{"embeddable":true,"href":"https:\/\/bruxelles-pantheres.be\/index.php?rest_route=\/wp\/v2\/media\/576"}],"wp:attachment":[{"href":"https:\/\/bruxelles-pantheres.be\/index.php?rest_route=%2Fwp%2Fv2%2Fmedia&parent=1359"}],"wp:term":[{"taxonomy":"category","embeddable":true,"href":"https:\/\/bruxelles-pantheres.be\/index.php?rest_route=%2Fwp%2Fv2%2Fcategories&post=1359"},{"taxonomy":"post_tag","embeddable":true,"href":"https:\/\/bruxelles-pantheres.be\/index.php?rest_route=%2Fwp%2Fv2%2Ftags&post=1359"}],"curies":[{"name":"wp","href":"https:\/\/api.w.org\/{rel}","templated":true}]}}