{"id":1361,"date":"2012-02-22T22:03:02","date_gmt":"2012-02-22T21:03:02","guid":{"rendered":"https:\/\/bruxelles-pantheres.be\/?p=1361"},"modified":"2013-11-25T22:04:14","modified_gmt":"2013-11-25T21:04:14","slug":"les-mamans-portant-le-foulard-la-gauche-et-le-bon-sens","status":"publish","type":"post","link":"https:\/\/bruxelles-pantheres.be\/?p=1361","title":{"rendered":"Les mamans portant le foulard, la gauche et le bon sens"},"content":{"rendered":"<div class=\"entry-content\">\n<p>R\u00e9flexions sur la la\u00efcit\u00e9 et son d\u00e9voiement<\/p>\n<p>PAR\u00a0<a href=\"http:\/\/lmsi.net\/Les-mamans-portant-le-foulard-la#auteur455\" target=\"_blank\">JO\u00cbL ROMAN<\/a>,\u00a0<abbr title=\"mardi 21 f\u00e9vrier 2012\">21 F\u00c9VRIER<\/abbr><\/p>\n<div>\n<div>\n<p>On aurait pu croire que la gauche, apr\u00e8s avoir obtenu la majorit\u00e9 au S\u00e9nat, s\u2019emploierait \u00e0 pr\u00e9figurer ce qu\u2019elle compte faire quand elle sera au pouvoir, que les urgences politiques et sociales commanderaient qu\u2019elle examine en priorit\u00e9 des proposition de lois de r\u00e9formes structurelles touchant \u00e0 l\u2019imp\u00f4t, au budget de l\u2019Etat, aux conditions de la n\u00e9gociation sociale. Ou bien que la question des institutions retiendrait son attention, celle des modalit\u00e9s de la d\u00e9centralisation, de l\u2019instauration du conseiller territorial ou de la modification souhait\u00e9e par la majorit\u00e9 parlementaire actuelle de la clause de comp\u00e9tence g\u00e9n\u00e9rale des collectivit\u00e9s territoriales. Le S\u00e9nat est attendu sur ce terrain et ces questions ont pes\u00e9 dans le basculement \u00e0 gauche de la Haute assembl\u00e9e\u2026<!--more--><\/p>\n<\/div>\n<div>\n<p><img decoding=\"async\" alt=\"\" src=\"http:\/\/lmsi.net\/local\/cache-vignettes\/L500xH375\/mte-38b0d.jpg\" width=\"500\" height=\"375\" \/><\/p>\n<p>Ou alors, on peut estimer que s\u00fbre de sa prochaine victoire \u00e0 l\u2019\u00e9lection pr\u00e9sidentielle, et respectueuse des traditions, elle ne voulait pas trop marquer le nouveau quinquennat par des initiatives trop audacieuses, et souhaitait laisser la primeur des annonces sur ces sujets au candidat puis au Pr\u00e9sident, sans les d\u00e9fricher . Dans ce cas, il lui restait le champ consid\u00e9rable de r\u00e9formes visant \u00e0 un peu plus lib\u00e9raliser nos institutions et nos m\u0153urs\u00a0: la contestation de la loi Hadopi, l\u2019\u00e9ventualit\u00e9 du mariage homosexuel, ou encore le statut p\u00e9nal du Chef de l\u2019Etat, auraient pu lui fournir d\u2019utiles th\u00e8mes de r\u00e9flexion pour d\u00e9ployer une activit\u00e9 l\u00e9gislative.<\/p>\n<p>Et bien non\u00a0: la gauche n\u2019a trouv\u00e9 rien de plus urgent, rien de plus symbolique, rien de plus identitaire que de mettre en discussion et d\u2019adopter le 17 janvier un projet de loi visant \u00e0 interdire le port du foulard aux personnes charg\u00e9es de l\u2019accueil de la petite enfance, notamment les assistantes maternelles \u00e0 domicile. Autrement dit, alors m\u00eame que le S\u00e9nat se pr\u00e9sente traditionnellement comme le bastion de la d\u00e9fense des libert\u00e9s individuelles, il a vot\u00e9 une loi d\u2019interdiction et d\u2019intrusion dans la sph\u00e8re priv\u00e9e. Car comment une telle loi pourrait-elle entrer en application, sauf \u00e0 pr\u00e9voir une batterie de contr\u00f4leurs habilit\u00e9s \u00e0 constater, \u00e0 domicile, que la future nounou ou l\u2019assistante maternelle en exercice a bien retir\u00e9 son foulard\u00a0?<\/p>\n<p>A l\u2019unisson d\u2019autres d\u00e9cisions, comme la d\u00e9cision r\u00e9cente du tribunal administratif de Montreuil qui valide l\u2019interdiction faite dans le r\u00e8glement d\u2019une \u00e9cole primaire d\u2019accompagnement des sorties scolaires par des mamans portant le foulard, une telle orientation signe un engagement r\u00e9solu contre la pratique ordinaire de l\u2019islam dans les milieux populaires issus de l\u2019immigration. Il est vrai comme le dit le tribunal de Montreuil qu\u2019<\/p>\n<p><em>\u00ab\u00a0il ne r\u00e9sulte d\u2019aucune disposition l\u00e9gislative ou r\u00e9glementaire que le r\u00e8glement int\u00e9rieur d\u2019un \u00e9tablissement scolaire soit tenu de respecter ou de contribuer \u00e0 la coh\u00e9sion sociale\u00a0\u00bb.<\/em><\/p>\n<p>La garde de jeunes enfants non plus, sans doute.<\/p>\n<p>Une telle obsession est tout \u00e0 fois grotesque et ridicule\u00a0: Croit-on qu\u2019agir ainsi limitera l\u2019influence politique d\u2019Ennadha en Tunisie puisque ce p\u00e9ril a \u00e9t\u00e9 vivement d\u00e9nonc\u00e9\u00a0? Cherche-t-on \u00e0 tenir \u00e0 distance de la vie commune les musulmans pratiquants\u00a0? Assiste-t-on en mati\u00e8re d\u2019islamophobie \u00e0 une s\u00e9v\u00e8re concurrence entre la gauche, l\u2019UMP et le Front national\u00a0?<\/p>\n<p>Il faut rappeler que les assistantes maternelles, agr\u00e9\u00e9es par les services de la protection maternelle et infantile (PMI), accueillent \u00e0 leur domicile, dans leur cadre de vie habituel, les enfants qui ne sont pas encore d\u2019\u00e2ge scolaire, dont les deux parents travaillent et qui n\u2019ont pas pu, ou pas souhait\u00e9 b\u00e9n\u00e9ficier d\u2019un accueil collectif dans une structure d\u00e9di\u00e9e (cr\u00e8che). Il s\u2019est m\u00eame trouv\u00e9 des p\u00e9dagogues et des psychologues pour juger que cette premi\u00e8re sorite hors du cocon familial pouvait avoir des vertus de socialisation, mais ce devaient \u00eatre de dangereux irresponsables. Comment veut-on dans certains d\u00e9partements \u00e0 forte population issue de l\u2019immigration, recruter des assistantes maternelles offrant toutes les garanties du non port du foulard\u00a0? Estime-t-on que la nounou qui accueille l\u2019enfant \u00e0 son domicile, lui fournit quelques jouets d\u2019\u00e9veil, le nourrit et lui permet de faire la sieste repr\u00e9sente un danger de pros\u00e9lytisme\u00a0?<\/p>\n<p>Surtout, il s\u2019agit l\u00e0 d\u2019une ing\u00e9rence inadmissible de la puissance publique dans la vie priv\u00e9e\u00a0: faudra-t-il demain traiter le domicile des assistantes familiales comme des institutions publiques, en bannir tous les objets qui pourraient avoir une r\u00e9sonance religieuse (crucifix aux murs, chandeliers, mezouzahs sur la porte d\u2019entr\u00e9e, etc.)\u00a0? En la mati\u00e8re c\u2019est l\u2019int\u00e9r\u00eat de l\u2019enfant qui doit primer\u00a0: faisons confiance aux services de la PMI pour se m\u00e9fier des familles o\u00f9 r\u00e9gnerait une ambiance sectaire et confin\u00e9e, tout comme, et c\u2019est sans doute le danger le plus pressant, de celles ou l\u2019enfant serait en permanence plac\u00e9 devant un poste de t\u00e9l\u00e9vision allum\u00e9.<\/p>\n<p>En revanche, faut-il disqualifier une assistante maternelle chaleureuse et enjou\u00e9e, qui mitonne aux enfants de bons petits plats et se montre attentive \u00e0 leur d\u00e9veloppement au seul motif qu\u2019elle porte un foulard quand elle sort de chez elle, comme c\u2019est son habitude\u00a0? De m\u00eame faut- il d\u00e9courager des m\u00e8res de famille, souvent de mieux tr\u00e8s populaires, qui, faisant taire leur appr\u00e9hension devant l\u2019institution scolaire franchissent le pas et se proposent d\u2019accompagner leur enfant et ses camarades lors de sorties scolaires\u00a0? Que pensera l\u2019enfant en voyant sa m\u00e8re ainsi refoul\u00e9e comme une personne dangereuse\u00a0?<\/p>\n<p>Cette initiative malheureuse est symptomatique d\u2019une grave d\u00e9rive. Impuls\u00e9e par de pr\u00e9tendus d\u00e9fenseurs de la la\u00efcit\u00e9 qui n\u2019ont en r\u00e9alit\u00e9 pour seul but, que de pourfendre toute visibilit\u00e9 de l\u2019islam, au m\u00e9pris de l\u2019esprit et de la lettre de la loi de 1905 qui est d\u2019abord une loi de libert\u00e9 et garantit la libert\u00e9 de conscience et la libert\u00e9 d\u2019exercice du culte, cette proposition a \u00e9t\u00e9 inconsid\u00e9r\u00e9ment suivie par une majorit\u00e9 de s\u00e9nateurs de gauche (gr\u00e2ce \u00e0 la vigilance d\u2019Esther Benbassa, les \u00e9lus Europe \u00e9cologie-Les Verts ne sont pas tomb\u00e9s dans ce pi\u00e8ge grossier, tandis que les communistes s\u2019abstenaient), prompts \u00e0 croire d\u00e8s qu\u2019on le leur affirme que la la\u00efcit\u00e9 est aujourd\u2019hui profond\u00e9ment menac\u00e9e en France par les pratiques ordinaires des musulmans ordinaires. Ce qui t\u00e9moigne d\u2019une ignorance profonde de la mani\u00e8re dont vivent les gens dans les milieux o\u00f9 de fait la pratique de l\u2019islam est effectivement r\u00e9pandue, des valeurs de libert\u00e9 auxquelles ils sont attach\u00e9s et d\u2019un empressement \u00e0 se rallier \u00e0 une lecture culturaliste de la question sociale.<\/p>\n<p>La Pression du Front national est bien \u00e9videmment particuli\u00e8rement sensible dans ce genre de d\u00e9rive. Est-il donc si difficile d\u2019y r\u00e9pondre en invoquant le v\u00e9ritable principe de la la\u00efcit\u00e9, les valeurs de libert\u00e9\u00a0? N\u2019est-il plus possible de consid\u00e9rer les musulmans sans suspicion\u00a0? Au-del\u00e0 est-il encore possible de tenter une appr\u00e9ciation positive de l\u2019immigration en France\u00a0? La gauche croit-elle que s\u2019est en se reniant qu\u2019elle gagnera les \u00e9lections\u00a0? Ce n\u2019est d\u00e9sormais plus une question politique, mais une question morale. Cette gauche-l\u00e0, nous n\u2019en avons jamais \u00e9t\u00e9 et nous n\u2019en serons jamais.<\/p>\n<\/div>\n<\/div>\n<h2>P.-S.<\/h2>\n<p>Paru initialement dans la revue\u00a0<em>Esprit<\/em>, ce texte est repris avec l\u2019amicale autorisation de son auteur.<\/p>\n<\/div>\n","protected":false},"excerpt":{"rendered":"<p>R\u00e9flexions sur la la\u00efcit\u00e9 et son d\u00e9voiement PAR\u00a0JO\u00cbL ROMAN,\u00a021 F\u00c9VRIER On aurait pu croire que la gauche, apr\u00e8s avoir obtenu la majorit\u00e9 au S\u00e9nat, s\u2019emploierait \u00e0 pr\u00e9figurer ce qu\u2019elle compte faire quand elle sera au pouvoir, que les urgences politiques et sociales commanderaient qu\u2019elle examine en priorit\u00e9 des proposition de lois de r\u00e9formes structurelles touchant &#8230; <a title=\"Les mamans portant le foulard, la gauche et le bon sens\" class=\"read-more\" href=\"https:\/\/bruxelles-pantheres.be\/?p=1361\" aria-label=\"En savoir plus sur Les mamans portant le foulard, la gauche et le bon sens\">Lire la suite<\/a><\/p>\n","protected":false},"author":1,"featured_media":205,"comment_status":"open","ping_status":"open","sticky":false,"template":"","format":"standard","meta":{"footnotes":""},"categories":[22,4],"tags":[23],"class_list":["post-1361","post","type-post","status-publish","format-standard","has-post-thumbnail","hentry","category-emploi","category-islamophobie","tag-discrimination"],"_links":{"self":[{"href":"https:\/\/bruxelles-pantheres.be\/index.php?rest_route=\/wp\/v2\/posts\/1361","targetHints":{"allow":["GET"]}}],"collection":[{"href":"https:\/\/bruxelles-pantheres.be\/index.php?rest_route=\/wp\/v2\/posts"}],"about":[{"href":"https:\/\/bruxelles-pantheres.be\/index.php?rest_route=\/wp\/v2\/types\/post"}],"author":[{"embeddable":true,"href":"https:\/\/bruxelles-pantheres.be\/index.php?rest_route=\/wp\/v2\/users\/1"}],"replies":[{"embeddable":true,"href":"https:\/\/bruxelles-pantheres.be\/index.php?rest_route=%2Fwp%2Fv2%2Fcomments&post=1361"}],"version-history":[{"count":1,"href":"https:\/\/bruxelles-pantheres.be\/index.php?rest_route=\/wp\/v2\/posts\/1361\/revisions"}],"predecessor-version":[{"id":1362,"href":"https:\/\/bruxelles-pantheres.be\/index.php?rest_route=\/wp\/v2\/posts\/1361\/revisions\/1362"}],"wp:featuredmedia":[{"embeddable":true,"href":"https:\/\/bruxelles-pantheres.be\/index.php?rest_route=\/wp\/v2\/media\/205"}],"wp:attachment":[{"href":"https:\/\/bruxelles-pantheres.be\/index.php?rest_route=%2Fwp%2Fv2%2Fmedia&parent=1361"}],"wp:term":[{"taxonomy":"category","embeddable":true,"href":"https:\/\/bruxelles-pantheres.be\/index.php?rest_route=%2Fwp%2Fv2%2Fcategories&post=1361"},{"taxonomy":"post_tag","embeddable":true,"href":"https:\/\/bruxelles-pantheres.be\/index.php?rest_route=%2Fwp%2Fv2%2Ftags&post=1361"}],"curies":[{"name":"wp","href":"https:\/\/api.w.org\/{rel}","templated":true}]}}