{"id":1370,"date":"2012-02-17T22:14:53","date_gmt":"2012-02-17T21:14:53","guid":{"rendered":"https:\/\/bruxelles-pantheres.be\/?p=1370"},"modified":"2013-11-25T22:16:38","modified_gmt":"2013-11-25T21:16:38","slug":"intervention-daziz-saidi-sur-la-repression-des-militants-marocains-en-belgique","status":"publish","type":"post","link":"https:\/\/bruxelles-pantheres.be\/?p=1370","title":{"rendered":"Intervention d\u2019Aziz Sa\u00efdi sur la r\u00e9pression des militants marocains en Belgique"},"content":{"rendered":"<h3 id=\"watch-headline-title\">Conf\u00e9rence sur l\u2019immigration marocaine de Belgique et le Mouvement du 20 f\u00e9vrier<\/h3>\n<p>Organis\u00e9e par : Le mouvement des jeunes du 20 f\u00e9vrier Belgique , La coordination de soutien au 20 f\u00e9vrier et Le 20 f\u00e9vrier Flandre<\/p>\n<p>Intervention d\u2019Aziz Sa\u00efdi : Exil\u00e9 politique, militant.<!--more--><iframe src=\"\/\/www.youtube.com\/embed\/FbUXC3XhBWc\" height=\"315\" width=\"560\" allowfullscreen=\"\" frameborder=\"0\"><\/iframe><\/p>\n","protected":false},"excerpt":{"rendered":"<p>Conf\u00e9rence sur l\u2019immigration marocaine de Belgique et le Mouvement du 20 f\u00e9vrier Organis\u00e9e par : Le mouvement des jeunes du 20 f\u00e9vrier Belgique , La coordination de soutien au 20 f\u00e9vrier et Le 20 f\u00e9vrier Flandre Intervention d\u2019Aziz Sa\u00efdi : Exil\u00e9 politique, militant.<\/p>\n","protected":false},"author":1,"featured_media":764,"comment_status":"open","ping_status":"open","sticky":false,"template":"","format":"standard","meta":{"footnotes":""},"categories":[24,8,18,17],"tags":[31,30],"class_list":["post-1370","post","type-post","status-publish","format-standard","has-post-thumbnail","hentry","category-belgique-maroc","category-prisons","category-resistance-bruxelles","category-video","tag-belgique","tag-maroc"],"_links":{"self":[{"href":"https:\/\/bruxelles-pantheres.be\/index.php?rest_route=\/wp\/v2\/posts\/1370","targetHints":{"allow":["GET"]}}],"collection":[{"href":"https:\/\/bruxelles-pantheres.be\/index.php?rest_route=\/wp\/v2\/posts"}],"about":[{"href":"https:\/\/bruxelles-pantheres.be\/index.php?rest_route=\/wp\/v2\/types\/post"}],"author":[{"embeddable":true,"href":"https:\/\/bruxelles-pantheres.be\/index.php?rest_route=\/wp\/v2\/users\/1"}],"replies":[{"embeddable":true,"href":"https:\/\/bruxelles-pantheres.be\/index.php?rest_route=%2Fwp%2Fv2%2Fcomments&post=1370"}],"version-history":[{"count":1,"href":"https:\/\/bruxelles-pantheres.be\/index.php?rest_route=\/wp\/v2\/posts\/1370\/revisions"}],"predecessor-version":[{"id":1371,"href":"https:\/\/bruxelles-pantheres.be\/index.php?rest_route=\/wp\/v2\/posts\/1370\/revisions\/1371"}],"wp:featuredmedia":[{"embeddable":true,"href":"https:\/\/bruxelles-pantheres.be\/index.php?rest_route=\/wp\/v2\/media\/764"}],"wp:attachment":[{"href":"https:\/\/bruxelles-pantheres.be\/index.php?rest_route=%2Fwp%2Fv2%2Fmedia&parent=1370"}],"wp:term":[{"taxonomy":"category","embeddable":true,"href":"https:\/\/bruxelles-pantheres.be\/index.php?rest_route=%2Fwp%2Fv2%2Fcategories&post=1370"},{"taxonomy":"post_tag","embeddable":true,"href":"https:\/\/bruxelles-pantheres.be\/index.php?rest_route=%2Fwp%2Fv2%2Ftags&post=1370"}],"curies":[{"name":"wp","href":"https:\/\/api.w.org\/{rel}","templated":true}]}}