{"id":1374,"date":"2012-02-17T22:19:47","date_gmt":"2012-02-17T21:19:47","guid":{"rendered":"https:\/\/bruxelles-pantheres.be\/?p=1374"},"modified":"2013-11-25T22:24:25","modified_gmt":"2013-11-25T21:24:25","slug":"bruxelles-sdf-axe-nord-sud","status":"publish","type":"post","link":"https:\/\/bruxelles-pantheres.be\/?p=1374","title":{"rendered":"Bruxelles SDF \u2013 Axe Nord Sud"},"content":{"rendered":"<p><a href=\"https:\/\/bruxelles-pantheres.be\/wp-content\/uploads\/2013\/11\/6244_546596545356876_569747192_n.jpg\"><img decoding=\"async\" class=\"wp-image-878 alignleft\" alt=\"6244_546596545356876_569747192_n\" src=\"https:\/\/bruxelles-pantheres.be\/wp-content\/uploads\/2013\/11\/6244_546596545356876_569747192_n.jpg\" width=\"357\" height=\"253\" srcset=\"https:\/\/bruxelles-pantheres.be\/wp-content\/uploads\/2013\/11\/6244_546596545356876_569747192_n.jpg 595w, https:\/\/bruxelles-pantheres.be\/wp-content\/uploads\/2013\/11\/6244_546596545356876_569747192_n-300x212.jpg 300w\" sizes=\"(max-width: 357px) 100vw, 357px\" \/><\/a>50.000 personnes sans-abri en Belgique, quelle est belle cette d\u00e9mocratie.<\/p>\n<p>Mais au fond, la hi\u00e9rarchisation des classes sociales, et plus particuli\u00e8rement les personnes dites \u00ab pauvres \u00bb ne remplissent-elles pas une fonction dans la soci\u00e9t\u00e9, qui est de faire peur \u00e0 ceux qui ont un emploi s\u00fbr, un emploi \u00e0 statut ;<\/p>\n<p>le message est-il de faire comprendre dans un champ social \u00e9largi \u00ab si vous ne restez pas tranquilles, vous risquez de perdre votre emploi et de devenir un SDF \u00bb.<\/p>\n<p>Ainsi, la figure du \u00ab SDF \u00bb est-elle une figure fondamentale, dans notre soci\u00e9t\u00e9, celle de la crainte de d\u00e9choir ?<!--more--><br \/>\n<iframe src=\"\/\/www.youtube.com\/embed\/Nr4KBDVOKoM\" height=\"315\" width=\"420\" allowfullscreen=\"\" frameborder=\"0\"><\/iframe><\/p>\n","protected":false},"excerpt":{"rendered":"<p>50.000 personnes sans-abri en Belgique, quelle est belle cette d\u00e9mocratie. Mais au fond, la hi\u00e9rarchisation des classes sociales, et plus particuli\u00e8rement les personnes dites \u00ab pauvres \u00bb ne remplissent-elles pas une fonction dans la soci\u00e9t\u00e9, qui est de faire peur \u00e0 ceux qui ont un emploi s\u00fbr, un emploi \u00e0 statut ; le message est-il &#8230; <a title=\"Bruxelles SDF \u2013 Axe Nord Sud\" class=\"read-more\" href=\"https:\/\/bruxelles-pantheres.be\/?p=1374\" aria-label=\"En savoir plus sur Bruxelles SDF \u2013 Axe Nord Sud\">Lire la suite<\/a><\/p>\n","protected":false},"author":1,"featured_media":1375,"comment_status":"open","ping_status":"open","sticky":false,"template":"","format":"standard","meta":{"footnotes":""},"categories":[22,20,18,28,17],"tags":[31,14,19],"class_list":["post-1374","post","type-post","status-publish","format-standard","has-post-thumbnail","hentry","category-emploi","category-logement","category-resistance-bruxelles","category-racismes","category-video","tag-belgique","tag-bruxelles","tag-pauvrete"],"_links":{"self":[{"href":"https:\/\/bruxelles-pantheres.be\/index.php?rest_route=\/wp\/v2\/posts\/1374","targetHints":{"allow":["GET"]}}],"collection":[{"href":"https:\/\/bruxelles-pantheres.be\/index.php?rest_route=\/wp\/v2\/posts"}],"about":[{"href":"https:\/\/bruxelles-pantheres.be\/index.php?rest_route=\/wp\/v2\/types\/post"}],"author":[{"embeddable":true,"href":"https:\/\/bruxelles-pantheres.be\/index.php?rest_route=\/wp\/v2\/users\/1"}],"replies":[{"embeddable":true,"href":"https:\/\/bruxelles-pantheres.be\/index.php?rest_route=%2Fwp%2Fv2%2Fcomments&post=1374"}],"version-history":[{"count":1,"href":"https:\/\/bruxelles-pantheres.be\/index.php?rest_route=\/wp\/v2\/posts\/1374\/revisions"}],"predecessor-version":[{"id":1376,"href":"https:\/\/bruxelles-pantheres.be\/index.php?rest_route=\/wp\/v2\/posts\/1374\/revisions\/1376"}],"wp:featuredmedia":[{"embeddable":true,"href":"https:\/\/bruxelles-pantheres.be\/index.php?rest_route=\/wp\/v2\/media\/1375"}],"wp:attachment":[{"href":"https:\/\/bruxelles-pantheres.be\/index.php?rest_route=%2Fwp%2Fv2%2Fmedia&parent=1374"}],"wp:term":[{"taxonomy":"category","embeddable":true,"href":"https:\/\/bruxelles-pantheres.be\/index.php?rest_route=%2Fwp%2Fv2%2Fcategories&post=1374"},{"taxonomy":"post_tag","embeddable":true,"href":"https:\/\/bruxelles-pantheres.be\/index.php?rest_route=%2Fwp%2Fv2%2Ftags&post=1374"}],"curies":[{"name":"wp","href":"https:\/\/api.w.org\/{rel}","templated":true}]}}