{"id":1377,"date":"2012-02-16T22:25:01","date_gmt":"2012-02-16T21:25:01","guid":{"rendered":"https:\/\/bruxelles-pantheres.be\/?p=1377"},"modified":"2013-11-25T22:29:15","modified_gmt":"2013-11-25T21:29:15","slug":"solidarite-avec-khader-adnane-en-danger-de-mort-petition","status":"publish","type":"post","link":"https:\/\/bruxelles-pantheres.be\/?p=1377","title":{"rendered":"Solidarit\u00e9 avec Khader Adnane \u2013 en danger de mort \u2013 P\u00e9tition"},"content":{"rendered":"<h3><a href=\"http:\/\/www.egalite.be\/wp-content\/uploads\/2012\/02\/khader-adnan.jpg\"><img decoding=\"async\" class=\"aligncenter\" title=\"khader adnan\" alt=\"\" src=\"http:\/\/www.egalite.be\/wp-content\/uploads\/2012\/02\/khader-adnan.jpg\" width=\"679\" height=\"960\" \/><\/a><\/h3>\n<p><!--more--><\/p>\n<p>D\u00e9tenu sans inculpation, Khader Adnane, 34 ans, a \u00e9t\u00e9 arr\u00eat\u00e9 en d\u00e9cembre par l\u2019arm\u00e9e isra\u00e9lienne pr\u00e8s de J\u00e9nine, dans le nord de la Cisjordanie, o\u00f9 il \u00e9tait porte-parole du Jihad islamique. Il est en gr\u00e8ve de la faim depuis le 18 d\u00e9cembre.<\/p>\n<p><strong>Euronews\u00a0:<\/strong><iframe src=\"\/\/www.youtube.com\/embed\/azxKrNy4zlk\" height=\"315\" width=\"560\" allowfullscreen=\"\" frameborder=\"0\"><\/iframe><\/p>\n<p>Selon le Club des prisonniers palestiniens, il s\u2019agit de la plus longue gr\u00e8ve de la faim d\u2019un d\u00e9tenu palestinien. M.\u00a0Adnane affirme qu\u2019Isra\u00ebl n\u2019a aucune preuve contre lui et accuse ses interrogateurs de l\u2019avoir maltrait\u00e9. Des associations de d\u00e9fense des droits de l\u2019homme, dont Amnesty International, Human Rights Watch (HRW) et l\u2019Association pour les droits civiques en Isra\u00ebl (ACRI), ont d\u00e9nonc\u00e9 son sort, exhortant les autorit\u00e9s isra\u00e9liennes \u00e0 le juger ou \u00e0 le rel\u00e2cher.<\/p>\n<p>L\u2019ONU a appel\u00e9 Isra\u00ebl \u00e0 \u00ab\u00a0faire tout ce qui est en son pouvoir pour pr\u00e9server la sant\u00e9\u00a0\u00bb de Khader Adnane, d\u00e9plorant plus g\u00e9n\u00e9ralement \u00ab\u00a0le recours \u00e0 la d\u00e9tention administrative, qui ne devrait \u00eatre utilis\u00e9e que dans des circonstances exceptionnelles, pour une p\u00e9riode aussi courte que possible et sans pr\u00e9judice aux droits garantis aux prisonniers\u00a0\u00bb.<\/p>\n<p>Selon la loi isra\u00e9lienne, h\u00e9rit\u00e9e du mandat britannique, un suspect peut \u00eatre maintenu jusqu\u2019\u00e0 six mois sans inculpation en d\u00e9tention administrative, renouvelable ind\u00e9finiment.<\/p>\n<h3>Texte de la p\u00e9tition internationale\u00a0:<\/h3>\n<p><em>Nous vous \u00e9crivons pour protester contre votre inaction devant la situation de Mr.\u00a0Adnan Khader, en gr\u00e8ve de la faim depuis le 17 D\u00e9cembre 2011. Mr.\u00a0Khader proteste contre sa d\u00e9tention administrative par les autorit\u00e9s d\u2019occupation isra\u00e9lienne. La d\u00e9tention d\u2019Adnan est bas\u00e9e sur un ordre militaire secret dont ni lui, ni son avocat ne peut conna\u00eetre la teneur. D\u2019apr\u00e8s cet ordre, il doit rester en prison pour six mois, p\u00e9riode qui peut \u00eatre renouvel\u00e9e sans limitation. Sa d\u00e9tention continue, sans proc\u00e8s, ni charges. Selon les lois humanitaires internationales, c\u2019est de la responsabilit\u00e9 de la Croix Rouge internationale d\u2019intervenir pour sauver sa vie en exer\u00e7ant des pressions sur le gouvernement Isra\u00e9lien pour qu\u2019il le rel\u00e2che. [traduction collectif69]<\/em><\/p>\n<p><a href=\"http:\/\/signon.org\/sign\/khader-adnans-life-at-1?source=c.fwd&amp;r_by=2447156\"> <img decoding=\"async\" title=\"Logo p\u00e9tition\" alt=\"Logo p\u00e9tition\" src=\"http:\/\/collectif69palestine.free.fr\/IMG\/jpg\/petition1-60x60.jpg\" width=\"60\" height=\"60\" \/>Signer la p\u00e9tition <\/a><\/p>\n<hr \/>\n<p><a href=\"http:\/\/samidoun.ca\/2012\/02\/take-action-for-hunger-striking-palestinian-prisoner-khader-adnan\/#letter\"> <img decoding=\"async\" title=\"Logo p\u00e9tition\" alt=\"Logo p\u00e9tition\" src=\"http:\/\/collectif69palestine.free.fr\/IMG\/jpg\/petition1-60x60.jpg\" width=\"60\" height=\"60\" \/>Adresser une lettre aux autorit\u00e9s isra\u00e9liennes <\/a><\/p>\n<p><strong>Mercredi 15 f\u00e9vrier <\/strong><\/p>\n<p>Des manifestations se d\u00e9roulaient mercredi en Cisjordanie et \u00e0 Gaza en solidarit\u00e9 avec Khodre Adnane emprisonn\u00e9 en Isra\u00ebl, en danger de mort apr\u00e8s 60 jours de gr\u00e8ve de la faim.<\/p>\n<p>Khodre Adnane, 34 ans, a \u00e9t\u00e9 autoris\u00e9 \u00e0 recevoir mercredi la visite de sa famille dans un h\u00f4pital de Safed, dans le nord d\u2019Isra\u00ebl, o\u00f9 il est en d\u00e9tention administrative, a-t-on appris aupr\u00e8s de son \u00e9pouse et de l\u2019administration p\u00e9nitentiaire. D\u00e9tenu sans inculpation, il a \u00e9t\u00e9 arr\u00eat\u00e9 en d\u00e9cembre par l\u2019arm\u00e9e isra\u00e9lienne pr\u00e8s de J\u00e9nine dans le nord de la Cisjordanie occup\u00e9e, o\u00f9 il \u00e9tait porte-parole du Jihad islamique. Il est en gr\u00e8ve de la faim depuis le 18 d\u00e9cembre.<\/p>\n<p>Des rassemblements de solidarit\u00e9 sont organis\u00e9s devant la prison militaire isra\u00e9lienne d\u2019Ofer en Cisjordanie et les si\u00e8ges du Croissant-Rouge dans toutes les villes palestiniennes, ainsi que des gr\u00e8ves de la faim ponctuelles, selon le pr\u00e9sident de la commission pour la d\u00e9fense des prisonniers, Amine Chomane.<\/p>\n<p>Pr\u00e8s d\u2019un millier de personnes, essentiellement des jeunes, se sont rassembl\u00e9es devant la prison d\u2019Ofer, pr\u00e8s de Ramallah. Des heurts ont \u00e9clat\u00e9, les manifestants lan\u00e7ant des pierres et les forces isra\u00e9liennes tirant des gaz lacrymog\u00e8nes et des balles caoutchout\u00e9es, selon un photographe de l\u2019AFP et des t\u00e9moins. A H\u00e9bron, dans le sud de la Cisjordanie, des centaines de personnes observaient un sit-in en pr\u00e9sence de responsables, dont le ministre palestinien des Prisonniers, Issa Qaraqa\u00eb.<\/p>\n<p>Les manifestants brandissaient des photos du d\u00e9tenu et des banderoles sur lesquelles on pouvait lire \u00ab\u00a0Non \u00e0 la d\u00e9tention administrative arbitraire\u00a0\u00bb.<\/p>\n<p>\u00ab\u00a0Khodre Adnane est devenu un symbole national, arabe et international, de d\u00e9fense de la dignit\u00e9 des hommes libres dans le monde entier\u00a0\u00bb, a d\u00e9clar\u00e9 le ministre \u00e0 l\u2019AFP.<\/p>\n<p>\u00ab\u00a0Le monde doit forcer Isra\u00ebl \u00e0 rendre leurs droits aux prisonniers palestiniens et \u00e0 les traiter comme des prisonniers de guerre et non pas comme des criminels\u00a0\u00bb, a-t-il ajout\u00e9. Des rassemblements similaires se tenaient dans l\u2019ensemble des territoires palestiniens, notamment \u00e0 Gaza, o\u00f9 un appel \u00e0 une gr\u00e8ve de la faim en solidarit\u00e9 avec le d\u00e9tenu de 08H00 \u00e0 18H00 locales a \u00e9t\u00e9 lanc\u00e9.<\/p>\n<p>L\u2019avocat de Khodre Adnane, Jawad Boulos, a annonc\u00e9 \u00e0 l\u2019AFP son intention de saisir la Cour supr\u00eame isra\u00e9lienne en raison de la d\u00e9gradation de l\u2019\u00e9tat de sant\u00e9 du d\u00e9tenu, dont la demande de remise en libert\u00e9 a \u00e9t\u00e9 rejet\u00e9e lundi par un tribunal militaire. L\u2019avocat, qui lui a rendu visite mardi, a affirm\u00e9 que le d\u00e9tenu avait les mains et les pieds menott\u00e9s \u00e0 son lit d\u2019h\u00f4pital dans des \u00ab\u00a0conditions inhumaines\u00a0\u00bb.<\/p>\n<p>L\u2019association M\u00e9decins pour les droits de l\u2019Homme-Isra\u00ebl (PHR-Israel) a soulign\u00e9 dans un communiqu\u00e9 que \u00ab\u00a0ces derniers jours, M.\u00a0Adnane avait \u00e9t\u00e9 examin\u00e9 par un m\u00e9decin ind\u00e9pendant, un b\u00e9n\u00e9vole de PHR-Israel, qui a affirm\u00e9\u00a0: \u2019L\u2019heure tourne\u2019\u00a0\u00bb.<\/p>\n<p>\u00ab\u00a0M.\u00a0Adnane est toujours encha\u00een\u00e9 \u00e0 son lit d\u2019h\u00f4pital, en violation de l\u2019\u00e9thique m\u00e9dicale, des r\u00e9glementations du minist\u00e8re de la Sant\u00e9 et m\u00eame de celles de l\u2019administration p\u00e9nitentiaire isra\u00e9lienne\u00a0\u00bb, selon le texte.<\/p>\n<p><strong>Selon la loi isra\u00e9lienne, h\u00e9rit\u00e9e du mandat britannique, un suspect peut \u00eatre maintenu jusqu\u2019\u00e0 six mois sans inculpation en d\u00e9tention administrative, renouvelable ind\u00e9finiment.<\/strong><\/p>\n<hr \/>\n<h3>Les organisations euro-m\u00e9diterran\u00e9ennes des droits de l\u2019homme expriment leurs profonde pr\u00e9occupation quant \u00e0 l\u2019incessante arrestation et d\u00e9tention d\u2019intellectuels palestiniens par les autorit\u00e9s isra\u00e9liennes.<\/h3>\n<p>L\u2019organisation Euro-Med Observer a report\u00e9 que les autorit\u00e9s isra\u00e9liennes ont proc\u00e9d\u00e9 ces derni\u00e8res ann\u00e9es \u00e0 de nombreuses arrestations d\u2019intellectuels et universitaires palestiniens. Ces arrestations, fr\u00e9quentes et sans chefs d\u2019accusation l\u00e9gitimes, ont conduit, sous l\u2019ordre du gouverneur militaire isra\u00e9lien, \u00e0 la \u00ab\u00a0d\u00e9tention administrative\u00a0\u00bb des personnes arr\u00eat\u00e9es.<\/p>\n<p>\u00ab\u00a0Sur la base des informations collect\u00e9es sur le terrain par les enqu\u00eateurs de l\u2019Observatoire, il appara\u00eet que les autorit\u00e9s isra\u00e9liennes ont proc\u00e9d\u00e9 \u00e0 l\u2019arrestation de 41 professeurs et ma\u00eetres de conf\u00e9rence palestiniens et mis la plupart en \u2019d\u00e9tention administrative\u2019.\u00a0\u00bb Parmi eux, des professeurs de l\u2019universit\u00e9 d\u2019An-Najah \u00e0 Naplouse \u2013 Mohammed Ghazal, professeur d\u2019ing\u00e9nierie civile, Youssef Abdel Haq et Omar Abdel Razek, professeurs d\u2019\u00e9conomie \u2013 et de l\u2019Universit\u00e9 ouverte de J\u00e9rusalem, Adnan Abu Tbana et Nayef Abu Saud.<\/p>\n<p>Le rapport souligne que l\u2019ann\u00e9e 2007 a connu la plus grande vague d\u2019arrestations d\u2019intellectuels palestiniens, avec 15 professeurs d\u2019universit\u00e9 plac\u00e9s en d\u00e9tention administrative par Isra\u00ebl. Au total, au cours des dix derni\u00e8res ann\u00e9es, Isra\u00ebl a mis en d\u00e9tention administrative 430 universitaires palestiniens.<\/p>\n<p>L\u2019organisation Euro-Med Observer a par ailleurs document\u00e9 de nombreux exemples de r\u00e9pression \u00e0 l\u2019encontre d\u2019universitaires palestiniens, dont des tentatives de manipulation visant \u00e0 les inciter \u00e0 coop\u00e9rer avec les services de renseignement isra\u00e9liens en \u00e9change de leur lib\u00e9ration et des menaces de d\u00e9portation. Les autorit\u00e9s isra\u00e9liennes ont m\u00eame confisqu\u00e9 les travaux scientifiques des chercheurs palestiniens durant leur d\u00e9tention. C\u2019est le cas du professeur Issam Al-Ashqar, dont les recherches dans le champ de la physique ont \u00e9t\u00e9 d\u00e9truites par l\u2019administration p\u00e9nitentiaire.<\/p>\n<p>Melle Amany Al-Senwar, directrice r\u00e9gionale d\u2019Euro-Med Observer, a d\u00e9clar\u00e9 que l\u2019ONG soumettra ce probl\u00e8me \u00e0 l\u2019attention de la communaut\u00e9 internationale et des organisations de d\u00e9fense des droits de l\u2019homme afin d\u2019initier un mouvement de mobilisation contre ces pratiques. Elle a pr\u00e9cis\u00e9 que ces attaques d\u00e9lib\u00e9r\u00e9es contre les intellectuels palestiniens n\u2019ont pas de fondements l\u00e9gaux, d\u2019autant plus que les autorit\u00e9s isra\u00e9liennes n\u2019autorisent pas l\u2019acc\u00e8s des d\u00e9tenus et de leurs avocats aux d\u00e9tails de leurs dossiers.<\/p>\n<p>Al-Senwar a expliqu\u00e9 que le Comit\u00e9 contre la torture des Nations unies a condamn\u00e9 \u00e0 plusieurs reprises la pratique par Isra\u00ebl de la d\u00e9tention administrative, qu\u2019elle consid\u00e8re comme une forme de \u00ab\u00a0punition collective\u00a0\u00bb des Palestiniens d\u00e9pourvue de l\u00e9galit\u00e9. Elle a ajout\u00e9 que le droit international en mati\u00e8re de droits de l\u2019homme, en particulier la quatri\u00e8me Convention de Gen\u00e8ve, stipule que toute personne priv\u00e9e de libert\u00e9 doit \u00eatre inform\u00e9e des faits qui lui sont reproch\u00e9s et avoir la possibilit\u00e9 de se d\u00e9fendre.<\/p>\n<p>Le rapport d\u2019Euro-Med Observer se conclue par une condamnation de l\u2019usage de la d\u00e9tention administrative \u00e0 l\u2019encontre des intellectuels palestiniens. L\u2019ONG s\u2019engage \u00e0 travailler \u00e0 la criminalisation de la politique de d\u00e9tention administrative \u00e0 l\u2019\u00e9chelle mondiale. Les professeurs Yousef Abdul Haq et Khader Adnan, d\u00e9tenus par Isra\u00ebl, m\u00e8nent depuis plus de cinquante jours une gr\u00e8ve de la faim.<\/p>\n<p><strong>Bande annonce du film \u00ab\u00a0Libres dans la prison de Gaza\u00a0\u00bb de Chris Den Hond et Mireille Court (25 min.), janvier 2012.<\/strong><\/p>\n<p><iframe src=\"\/\/www.youtube.com\/embed\/D2YXkDfNUBM\" height=\"315\" width=\"560\" allowfullscreen=\"\" frameborder=\"0\"><\/iframe><\/p>\n<p>Fin 2011, 1028 prisonniers palestiniens ont \u00e9t\u00e9 rel\u00e2ch\u00e9s en \u00e9change du soldat isra\u00e9lien Gilad Shalit. Nous avons voulu donner un visage \u00e0 ces r\u00e9sistants, inconnus dans le monde. Pour les rencontrer, nous avons d\u00fb passer par un des tunnels \u00e0 Rafah. Les ex-prisonniers nous ont racont\u00e9 leur vie en prison\u00a0: l\u2019interrogatoire, l\u2019isolement, le manque de soins m\u00e9dicaux, la brutalit\u00e9 des ge\u00f4liers, l\u2019interdiction de visites familiales, les gr\u00e8ves de la faim et aussi la joie de la lib\u00e9ration.<\/p>\n<p>Obeid\u00a0: On m\u2019a fait du chantage en arr\u00eatant ma m\u00e8re, ma femme, tous mes fr\u00e8res. Tout cela pour que je passe aux aveux. Ils ont arr\u00eat\u00e9 ma m\u00e8re, \u00e2g\u00e9e de 70 ans.<br \/>\nWafa: Il y avait des moments qui m\u2019affaiblissaient, par exemple quand mon ge\u00f4lier isra\u00e9lien a assassin\u00e9 le chat que j\u2019\u00e9levais dans la prison.<br \/>\nBassim: J\u2019ai \u00e9t\u00e9 en isolement plusieurs fois: en 1993 pendant trois ans. En 2004 pendant 3 ans. \u00c9galement de 2007 \u00e0 2010.<br \/>\nHamza: Ils te font des douches d\u2019eau froide en hiver.<br \/>\nSamir Abou-Zeir : En interrogatoire, le \u00ab\u00a0chabeh\u00a0\u00bb consiste \u00e0 mettre un sac sur la t\u00eate pour isoler le prisonnier.<br \/>\nLoay Mohammad Odeh\u00a0: Le prisonnier doit constamment s\u2019encourager lui-m\u00eame et se r\u00e9p\u00e9ter qu\u2019il doit r\u00e9sister face \u00e0 l\u2019ennemi sioniste.<br \/>\nOum-Jaber Wechah\u00a0: J\u2019ai allait\u00e9 mes enfants. Tant qu\u2019il y aura des femmes palestiniennes qui donneront naissance \u00e0 des enfants, elles les allaiteront du lait de la patrie, le lait de la t\u00e9nacit\u00e9, le lait de la r\u00e9sistance.<\/p>\n","protected":false},"excerpt":{"rendered":"","protected":false},"author":1,"featured_media":1129,"comment_status":"open","ping_status":"open","sticky":false,"template":"","format":"standard","meta":{"footnotes":""},"categories":[21,6,8],"tags":[12,15,29],"class_list":["post-1377","post","type-post","status-publish","format-standard","has-post-thumbnail","hentry","category-anti-imperialisme","category-palestine-moyen-orient","category-prisons","tag-gaza","tag-resistance","tag-torture"],"_links":{"self":[{"href":"https:\/\/bruxelles-pantheres.be\/index.php?rest_route=\/wp\/v2\/posts\/1377","targetHints":{"allow":["GET"]}}],"collection":[{"href":"https:\/\/bruxelles-pantheres.be\/index.php?rest_route=\/wp\/v2\/posts"}],"about":[{"href":"https:\/\/bruxelles-pantheres.be\/index.php?rest_route=\/wp\/v2\/types\/post"}],"author":[{"embeddable":true,"href":"https:\/\/bruxelles-pantheres.be\/index.php?rest_route=\/wp\/v2\/users\/1"}],"replies":[{"embeddable":true,"href":"https:\/\/bruxelles-pantheres.be\/index.php?rest_route=%2Fwp%2Fv2%2Fcomments&post=1377"}],"version-history":[{"count":2,"href":"https:\/\/bruxelles-pantheres.be\/index.php?rest_route=\/wp\/v2\/posts\/1377\/revisions"}],"predecessor-version":[{"id":1379,"href":"https:\/\/bruxelles-pantheres.be\/index.php?rest_route=\/wp\/v2\/posts\/1377\/revisions\/1379"}],"wp:featuredmedia":[{"embeddable":true,"href":"https:\/\/bruxelles-pantheres.be\/index.php?rest_route=\/wp\/v2\/media\/1129"}],"wp:attachment":[{"href":"https:\/\/bruxelles-pantheres.be\/index.php?rest_route=%2Fwp%2Fv2%2Fmedia&parent=1377"}],"wp:term":[{"taxonomy":"category","embeddable":true,"href":"https:\/\/bruxelles-pantheres.be\/index.php?rest_route=%2Fwp%2Fv2%2Fcategories&post=1377"},{"taxonomy":"post_tag","embeddable":true,"href":"https:\/\/bruxelles-pantheres.be\/index.php?rest_route=%2Fwp%2Fv2%2Ftags&post=1377"}],"curies":[{"name":"wp","href":"https:\/\/api.w.org\/{rel}","templated":true}]}}