{"id":1406,"date":"2012-02-05T23:17:31","date_gmt":"2012-02-05T22:17:31","guid":{"rendered":"https:\/\/bruxelles-pantheres.be\/?p=1406"},"modified":"2013-11-25T23:19:03","modified_gmt":"2013-11-25T22:19:03","slug":"cela-ne-sinvente-pas","status":"publish","type":"post","link":"https:\/\/bruxelles-pantheres.be\/?p=1406","title":{"rendered":"CELA NE S\u2019INVENTE PAS !!!"},"content":{"rendered":"<p>&nbsp;<\/p>\n<div class=\"entry-content\">\n<p style=\"text-align: center;\">RASSEMBLEMENT de soutien \u00e0 deux activistes du camp No Border \u00e0 Bruxelles<\/p>\n<p>MERCREDI 8 FEVRIER 2012 ( voir ci bas ) <a href=\"http:\/\/www.egalite.be\/wp-content\/uploads\/2012\/02\/manif_centre_ferme_16octobre2011-medium.jpg\"><img decoding=\"async\" class=\"aligncenter size-full wp-image-1650\" title=\"manif_centre_ferme_16octobre2011-medium\" alt=\"\" src=\"http:\/\/www.egalite.be\/wp-content\/uploads\/2012\/02\/manif_centre_ferme_16octobre2011-medium.jpg\" width=\"480\" height=\"429\" \/><\/a><\/p>\n<p>en fran\u00e7ais plus bas<br \/>\nTheo Francken: \u2018Rekenhof moet gesloten centum Caricole doorlichten\u2019<!--more--><\/p>\n<p>vrijdag 03 februari 2012, 15u17<\/p>\n<p>Bron: belga<\/p>\n<p>Auteur: rvs<br \/>\nTheo Francken (N-VA) wil dat het Rekenhof het dossier van het nieuwe gesloten asielcentrum Caricole in Steenokkerzeel onderzoekt. Dat verklaarde hij vrijdag. Een maand nadat bleek dat de celdeuren in het centrum werden geleverd met de klinken aan de binnenkant, is dat probleem nog steeds niet opgelost.<br \/>\nBegin januari raakte bekend dat de celdeuren van het nieuwe complex geleverd werden met klinken aan de binnenzijde in plaats van de buitenzijde. De problemen zouden in enkele dagen verholpen zijn, maar dat blijkt een maand later nog steeds niet het geval te zijn.<br \/>\nFrancken stelt dat dit de zoveelste blunder is in het dossier-Caricole. Het centrum zou oorspronkelijk de deuren openen begin 2010 en moest twee centra vervangen, INAD, het centrum voor ongewenste personen op de luchthaven en de prefabgebouwen van het transitcentrum 127.<br \/>\nHet N-VA-kamerlid contacteerde vrijdag de directrice van Caricole om naar de stand van zaken te informeren. Hij interpelleert staatssecretaris Maggie De Block volgende week over het dossier en dringt er ook op aan dat het Rekenhof het dossier onderzoekt<\/p>\n<p>Caricole screening<br \/>\nF\u00e9vrier 3, 2012, 15:17<br \/>\nSource: Belga<br \/>\nAuteur: rvs<br \/>\nVendredi dernier Theo Francken (N-VA) a d\u00e9clar\u00e9 qu\u2019il veut que la Cour des comptes enqu\u00eate dans le dossier sur le centre ferm\u00e9 \u00e0 Steenokkerzeel le nouveau Caricole. Un mois apr\u00e8s qu\u2019il est apparu que les portes des cellules du centre aient \u00e9t\u00e9 fournies avec les clinches \u00e0 l\u2019int\u00e9rieur, ce probl\u00e8me est encore irr\u00e9solu.<br \/>\nD\u00e8s d\u00e9but janvier il \u00e9tait bien connu que les portes des cellules du nouveau centre ont \u00e9t\u00e9 livr\u00e9es avec les clinches \u00e0 l\u2019int\u00e9rieur au lieu de l\u2019ext\u00e9rieur. Les probl\u00e8mes devaient \u00eatre r\u00e9solus en quelques jours, mais apparemment un mois plus tard ce n\u2019est toujours pas le cas.<\/p>\n<p>Francken sugg\u00e8re qu\u2019il s\u2019agit ici d\u2019une nouvelle gaffe dans le dossier Caricole. Le centre devait au d\u00e9part ouvrir ses portes d\u00e9but de 2010 et ainsi remplacer, l\u2019INAD, (centre pour les personnes inadmissibles \u00e0 l\u2019a\u00e9roport) et les b\u00e2timents pr\u00e9fabriqu\u00e9s du centre de transit 127 \u00e0 l\u2019a\u00e9roport.<\/p>\n<p>Le d\u00e9put\u00e9 N-VA a contact\u00e9 vendredi, le directeur du Caricole pour conna\u00eetre la situation actuelle.<br \/>\nIl interpellera la Secr\u00e9taire d\u2019\u00c9tat Maggie De Block la semaine prochaine sur le dossier et insiste pour que la cour examine le dossier.<\/p>\n<p>L\u2019enfer, c\u2019est les centres<br \/>\n<a href=\"http:\/\/www.egalite.be\/?p=1532\">Vid\u00e9o <\/a><\/p>\n<p><strong>L\u2019enfer, c\u2019est les centres<\/strong> par coup2pouce<br \/>\nEn travaillant sur les impressions des participants \u00e0 propos des centres ferm\u00e9s, nous avons brod\u00e9 une \u00e9mission subjective sur les conditions qui s\u2019y vivent. Plusieurs t\u00e9moignages entrelac\u00e9s de moments plus cr\u00e9atifs permettent de rentrer dans l\u2019exp\u00e9rience en centre ferm\u00e9.<\/p>\n<p>RASSEMBLEMENT de soutien \u00e0 deux activistes du camp No Border \u00e0 Bruxelles<\/p>\n<p>MERCREDI 8 FEVRIER 2012<\/p>\n<p>Audience de deux inculp\u00e9s militants solidaires en correctionnelle<\/p>\n<p>Au cours de la semaine du 26 septembre au 1 octobre 2010 s\u2019\u00e9tait tenu un camp No Border \u00e0 Bruxelles.\u00a0 Ce camp s\u2019inscrivait dans la tradition des camps No Border organis\u00e9s \u00e0 travers le monde depuis les ann\u00e9es 90. Ni cadre normatif, ni organisation il s\u2019agissait avant tout d\u2019une rencontre, d\u2019une convergence de luttes visant \u00e0 obtenir la fin du syst\u00e8me des fronti\u00e8res qui divise tous et toutes.<\/p>\n<p>Les revendications de base \u00e9taient les suivantes<br \/>\n\u00b7\u00a0\u00a0\u00a0\u00a0\u00a0\u00a0\u00a0\u00a0\u00a0\u00a0\u00a0\u00a0\u00a0\u00a0\u00a0\u00a0 Personne n\u2019est ill\u00e9gal !<br \/>\n\u00b7\u00a0\u00a0\u00a0\u00a0\u00a0\u00a0\u00a0\u00a0\u00a0\u00a0\u00a0\u00a0\u00a0\u00a0\u00a0\u00a0 Ni fronti\u00e8res ni nations !<br \/>\n\u00b7\u00a0\u00a0\u00a0\u00a0\u00a0\u00a0\u00a0\u00a0\u00a0\u00a0\u00a0\u00a0\u00a0\u00a0\u00a0\u00a0 Les m\u00eames droits pour toutes et tous !<br \/>\n\u00b7\u00a0\u00a0\u00a0\u00a0\u00a0\u00a0\u00a0\u00a0\u00a0\u00a0\u00a0\u00a0\u00a0\u00a0\u00a0\u00a0 La libert\u00e9 de circulation et d\u2019installation !<br \/>\n\u00b7\u00a0\u00a0\u00a0\u00a0\u00a0\u00a0\u00a0\u00a0\u00a0\u00a0\u00a0\u00a0\u00a0\u00a0\u00a0\u00a0 Contre les syst\u00e8mes capitalistes et autoritaires qui entra\u00eenent exil forc\u00e9, guerres et mis\u00e8res<\/p>\n<p>Mais c\u2019\u00e9tait sans compter sur la r\u00e9pression massive et violente qu\u2019allaient subir les personnes qui souhaitaient y participer d\u2019une quelconque mani\u00e8re.\u00a0 Pas moins de 400 arrestations dites pr\u00e9ventives et des violences polici\u00e8res inou\u00efes ont perturb\u00e9 l\u2019expression libre de ces id\u00e9es.<\/p>\n<p>Voici que maintenant l\u2019Etat se met \u00e0 poursuivre devant la justice deux participants de ce camp en les accusant du chef de \u00ab\u00a0r\u00e9bellion\u00a0\u00bb.<br \/>\nCoquilles vides que ces dossiers de plaintes qui permettent de les tra\u00eener devant le tribunal correctionnel et ce malgr\u00e9 de nombreux propos contradictoires qu\u2019ils contiennent !<\/p>\n<p>SOYONS SOLIDAIRES ET EN NOMBRE<\/p>\n<p>RENDEZ-VOUS \u00e0 8.30 heures devant le Palais de Justice de Bruxelles (Place Poelaert)<\/p>\n<p>\u2014\u2014\u2014\u2014\u2014\u2014\u2014\u2014\u2014\u2014\u2014\u2014\u2014\u2014\u2014\u2014\u2014\u2014\u2014<\/p>\n<p>PROTESTBIJEENKOMST ter ondersteuning van 2 activisten van het Noborderkamp in Brussel<br \/>\nWOENSDAG 8 FEBRUARI 2012<br \/>\nTwee solidaire activsten zijn beschuldigd en komen voor de correctionele rechtbank<br \/>\nwoensdag 8 februari 2012<br \/>\nIn de week van 26 september tot 1 oktober 2010 ging in Brussel een NoBorderkamp door. Dit kamp kaderde in een traditie van NoBorderkampen die sinds de jaren \u201990 over de hele wereld doorgaan. Zonder normenkader of organisatie, is het vooral een ontmoeting, een convergentie van de strijd voor de afschaffing van het systeem van de grenzen die ons allen verdelen.<br \/>\nDe basiseisen waren de volgende<\/p>\n<p>\u00b7Niemand is illegaal !<\/p>\n<p>\u00b7Geen grenzen geen naties !<\/p>\n<p>\u00b7Dezelfde rechten voor iedereen !<\/p>\n<p>\u00b7Vrijheid van verkeer en vestiging !<\/p>\n<p>\u00b7Tegen de kapitalistische en autoritaire systemen die gedwongen verbanning, oorlog en ellende veroorzaken !<\/p>\n<p>Maar de mensen die op een of andere wilden deelnemen kregen te maken met een massale en gewelddadige repressie. Niet minder dan 400 zogezegd \u00ab preventieve \u00bb aanhoudingen en ongehoord politiegeweld hebben de vrije meningsuiting onmogelijk gemaakt.<br \/>\nVandaag heeft de Staat zich voorgenomen om twee deelnemers aan het kamp te vervolgen wegens \u00ab weerspannigheid \u00bb.<br \/>\nDe klachtendossiers die blijkbaar volstaan om hen voor de correctionele rechtbank te dagen zijn een lege doos en staan vol tegenstrijdigheden !<br \/>\nWEES SOLIDAIR EN KOM TALRIJK<br \/>\nAFSPRAAK om 8u30 voor het Brusselse Justitiepaleis, Place Poelaert Plaats<br \/>\nwoensdag 8 februari 2012<\/p>\n<p>Ci dessous d\u00e9claration FR et EN<\/p>\n<p>Rassemblement de solidarit\u00e9 pour les camarades du camp<br \/>\nNo Border en proc\u00e8s<\/p>\n<p>Le 8 f\u00e9vrier 2012 de l\u2019Etat belge tient son premier proc\u00e8s politique contre des personnes accus\u00e9es de \u00abcrimes\u00bb pendant le camp No Border de Bruxelles en 2010.<\/p>\n<p>Deux camarades sont poursuivis pour des faits qualifi\u00e9s de \u00abr\u00e9bellion arm\u00e9e\u00bb et de \u00abr\u00e9bellion\u00bb li\u00e9s aux manifestations et arrestations de masse durant la semaine du camp No Border.<\/p>\n<p>Le 26 septembre 2010 environ 150 personnes se sont rendues pour manifester devant la prison des migrants, le centre ferm\u00e9 127bis \u00e0 Steenokkerzeel, t\u00e9moignant ainsi leur solidarit\u00e9 avec les migrants enferm\u00e9s uniquement parce qu\u2019ils sont d\u00e9pourvus des documents n\u00e9cessaires pour un s\u00e9jour parmi nous.<br \/>\nLa police a devant le centre, attaqu\u00e9 la foule avec des chevaux et des matraques, certains manifestants ont \u00e9t\u00e9 frapp\u00e9s sont tomb\u00e9s inconscients et\/ou ont \u00e9t\u00e9 hospitalis\u00e9s. Mais alors que la police agit avec impunit\u00e9, deux manifestants, dont l\u2019unE a m\u00eame fait un s\u00e9jour \u00e0 l\u2019h\u00f4pital avec un traumatisme cr\u00e2nien, sont actuellement menac\u00e9s de peines de prison pour \u00abr\u00e9bellion\u00bb, accus\u00e9Es d\u2019\u00eatre responsables d\u2019une mani\u00e8re ou d\u2019une autre de blessure \u00e0 un agent de police qui a \u00e9t\u00e9 bott\u00e9 par un cheval de police.<\/p>\n<p>Le 29 septembre \u00e0 Bruxelles on se rappelle que la police a arr\u00eat\u00e9 pr\u00e9ventivement plus de 300 personnes en route vers une manifestation syndicale. Les personnes ont \u00e9t\u00e9 arr\u00eat\u00e9es, tra\u00een\u00e9es dans la rue, le m\u00e9tro et les bus, et ensuite enferm\u00e9es pendant 8 heures sans inculpation.\u00a0 Elles ont \u00e9t\u00e9 ensuite photographi\u00e9es de force avant d\u2019\u00eatre lib\u00e9r\u00e9es. Certaines ont \u00e9t\u00e9 battues, agress\u00e9es sexuellement, encha\u00een\u00e9es \u00e0 des radiateurs, et menac\u00e9es de viol. Un de nos camarades est \u00e9galement accus\u00e9 d\u2019un second fait de \u00abr\u00e9bellion\u00bb pour avoir pr\u00e9tendument r\u00e9sist\u00e9 lorsqu\u2019il a \u00e9t\u00e9 pouss\u00e9 contre un mur par six policiers, photographi\u00e9 de force, puis battu et envoy\u00e9 \u00e0 l\u2019h\u00f4pital.<\/p>\n<p>La v\u00e9rit\u00e9 concernant la \u00abviolence\u00bb au camp No Border, c\u2019est que ce sont les forces de l\u2019ordre qui ont brutalement attaqu\u00e9 les gens pour avoir os\u00e9 s\u2019exprimer. Bien s\u00fbr, pas un de ces policiers ou sup\u00e9rieurs ne sont confront\u00e9s \u00e0 un proc\u00e8s!<\/p>\n<p>L\u2019Etat essaye de dissimuler ses agissements en trouvant des boucs \u00e9missaires qu\u2019il tente de d\u00e9peindre comme de dangereux \u00ab\u00a0rebelles\u00a0\u00bb.\u00a0 Ils ont \u00e9t\u00e9 \u00e9pingl\u00e9s comme de suppos\u00e9s \u00ab\u00a0organisateurs\u00a0\u00bb du camp No Border ; en fait, cela aurait pu \u00eatre n\u2019importe lequel d\u2019entre nous qui aurait pu se retrouver accus\u00e9 de ces charges fabriqu\u00e9es.\u00a0 En r\u00e9alit\u00e9, c\u2019est la police et les autorit\u00e9s qui doivent r\u00e9pondre de leurs actes perp\u00e9tr\u00e9s au cours de la semaine \u00e0 Bruxelles. Tout comme elles doivent r\u00e9pondre de leurs attaques quotidiennes contre des sans-papiers.<br \/>\nNous n\u2019accepterons pas la criminalisation de la protestation en Belgique. La r\u00e9pression ne fait que nous renforcer.\u00a0 Nous n\u2019accepterons pas la brutalit\u00e9 des politiques d\u2019immigration racistes et meurtri\u00e8res.\u00a0 Nous resterons solidaires avec nos camarades pendant leur proc\u00e8s, comme avec tous les migrants, les prisonniers et autres personnes confront\u00e9es \u00e0 la violence d\u2019Etat.\u00a0 La solidarit\u00e9 est notre arme. La libert\u00e9 est notre cri.<\/p>\n<p>Rejoignez-nous au Palais de Justice de Bruxelles, Place Poelaert \u00e0 8h30 le 8 f\u00e9vrier 2012 pour montrer notre solidarit\u00e9 et exigeons des comptes au forces de \u00ab\u00a0l\u2019ordre\u00a0\u00bb.<br \/>\nNo Borders<\/p>\n<p>Statement<\/p>\n<p>Solidarity gathering for the No Border Camp comrades on trial<\/p>\n<p>On 8 February 2012 the Belgian State holds its first political trials of those accused of \u00ab\u00a0crimes\u00a0\u00bb during the 2010 Brussels No Border Camp.<\/p>\n<p>Two comrades are in court facing charges of \u00ab\u00a0Armed Rebellion\u00a0\u00bb and \u00ab\u00a0Rebellion\u00a0\u00bb relating to the demonstrations and mass arrests during the week of the No Border Camp.<\/p>\n<p>On 26 September 2010 around 150 demonstrated at the migration prison 127bis in Steenokkerzeel (close to Brussels airport), showing solidarity with migrants locked up just for not having the right identity documents. The police attacked the crowd with horses and batons, demonstrators were beaten unconscious and hospitalised.\u00a0 But while the police act with impunity, two demonstrators, one of whom was in hospital with head injuries, are now threatened with prison for \u00ab\u00a0rebellion\u00a0\u00bb, accused of somehow being responsible for injuries to a police officer who was kicked by a police horse.<br \/>\nOn 29 September Brussels Police preventively arrested over 300 people on their way to a trade union march. Demonstrators were dragged off the streets and buses, held for 8 hours without charge, and then forcibly photographed before being released. Some were beaten, sexually assaulted, chained to radiators, and threatened with rape. One of our comrades is also charged with a second count of \u00ab\u00a0rebellion\u00a0\u00bb for supposedly resisting being pushed against a wall by six police, photographed by force, then beaten and sent to hospital.<\/p>\n<p>The truth about \u00ab\u00a0violence\u00a0\u00bb at the No Border Camp is that it was the forces of law and order who brutally attacked people for daring to speak up. Of course, not one of these police thugs or their commanders is facing trial.<br \/>\nNow the State tries to cover up its actions by finding scapegoats it can paint as dangerous \u00ab\u00a0rebels\u00a0\u00bb. They have been singled out as supposed No Borders \u00ab\u00a0organisers\u00a0\u00bb: in fact it could be any of us facing these made-up charges.\u00a0 The truth is that it is the police and authorities who need to answer for their actions that week in Brussels. Just as they need to answer for<br \/>\ntheir attacks every day against sans-papiers.<br \/>\nWe will not accept the criminalisation of protest in Belgium. Their repression only makes us stronger. We will not accept the brutality of the racist and murderous immigration regime. We will stand by our comrades on trial, as we stand by all migrants, prisoners, and others facing state violence. Solidarity is our weapon. Freedom is our cry.<\/p>\n<p>Come to the Palais de Justice of Brussels, Place Poelaert at 8h30 on 8 February 2012<br \/>\nto stand in solidarity with our comrades, and hold the forces of \u00ab\u00a0order\u00a0\u00bb to account.<br \/>\nNo Borders.<\/p>\n<\/div>\n","protected":false},"excerpt":{"rendered":"<p>&nbsp; RASSEMBLEMENT de soutien \u00e0 deux activistes du camp No Border \u00e0 Bruxelles MERCREDI 8 FEVRIER 2012 ( voir ci bas ) en fran\u00e7ais plus bas Theo Francken: \u2018Rekenhof moet gesloten centum Caricole doorlichten\u2019<\/p>\n","protected":false},"author":1,"featured_media":446,"comment_status":"open","ping_status":"open","sticky":false,"template":"","format":"standard","meta":{"footnotes":""},"categories":[36,8,28,39],"tags":[31,14,13,15],"class_list":["post-1406","post","type-post","status-publish","format-standard","has-post-thumbnail","hentry","category-europe","category-prisons","category-racismes","category-sans-papier","tag-belgique","tag-bruxelles","tag-nordine-saidi","tag-resistance"],"_links":{"self":[{"href":"https:\/\/bruxelles-pantheres.be\/index.php?rest_route=\/wp\/v2\/posts\/1406","targetHints":{"allow":["GET"]}}],"collection":[{"href":"https:\/\/bruxelles-pantheres.be\/index.php?rest_route=\/wp\/v2\/posts"}],"about":[{"href":"https:\/\/bruxelles-pantheres.be\/index.php?rest_route=\/wp\/v2\/types\/post"}],"author":[{"embeddable":true,"href":"https:\/\/bruxelles-pantheres.be\/index.php?rest_route=\/wp\/v2\/users\/1"}],"replies":[{"embeddable":true,"href":"https:\/\/bruxelles-pantheres.be\/index.php?rest_route=%2Fwp%2Fv2%2Fcomments&post=1406"}],"version-history":[{"count":1,"href":"https:\/\/bruxelles-pantheres.be\/index.php?rest_route=\/wp\/v2\/posts\/1406\/revisions"}],"predecessor-version":[{"id":1407,"href":"https:\/\/bruxelles-pantheres.be\/index.php?rest_route=\/wp\/v2\/posts\/1406\/revisions\/1407"}],"wp:featuredmedia":[{"embeddable":true,"href":"https:\/\/bruxelles-pantheres.be\/index.php?rest_route=\/wp\/v2\/media\/446"}],"wp:attachment":[{"href":"https:\/\/bruxelles-pantheres.be\/index.php?rest_route=%2Fwp%2Fv2%2Fmedia&parent=1406"}],"wp:term":[{"taxonomy":"category","embeddable":true,"href":"https:\/\/bruxelles-pantheres.be\/index.php?rest_route=%2Fwp%2Fv2%2Fcategories&post=1406"},{"taxonomy":"post_tag","embeddable":true,"href":"https:\/\/bruxelles-pantheres.be\/index.php?rest_route=%2Fwp%2Fv2%2Ftags&post=1406"}],"curies":[{"name":"wp","href":"https:\/\/api.w.org\/{rel}","templated":true}]}}