{"id":1409,"date":"2012-02-01T21:35:10","date_gmt":"2012-02-01T20:35:10","guid":{"rendered":"https:\/\/bruxelles-pantheres.be\/?p=1409"},"modified":"2013-11-26T21:38:48","modified_gmt":"2013-11-26T20:38:48","slug":"des-exclusions-des-la-maternelle","status":"publish","type":"post","link":"https:\/\/bruxelles-pantheres.be\/?p=1409","title":{"rendered":"Des exclusions d\u00e8s la maternelle"},"content":{"rendered":"<div class=\"entry-content\">\n<h3 style=\"text-align: center;\"><a href=\"http:\/\/www.egalite.be\/wp-content\/uploads\/2012\/02\/droits_de_l_enfant.jpg\"><img decoding=\"async\" class=\"size-full wp-image-1605 alignleft\" title=\"droits_de_l_enfant\" alt=\"\" src=\"http:\/\/www.egalite.be\/wp-content\/uploads\/2012\/02\/droits_de_l_enfant.jpg\" width=\"452\" height=\"491\" \/><\/a><\/h3>\n<p>Des exclusions d\u00e8s la maternelle<\/p>\n<div>Publi\u00e9 le <a title=\"18 h 10 min\" href=\"http:\/\/blog.lesoir.be\/salledesprofs\/2012\/02\/01\/des-exclusions-des-la-maternelle\/\" rel=\"bookmark\">1 f\u00e9vrier 2012<\/a> par <a title=\"Afficher tous les articles par Pierre Bouillon\" href=\"http:\/\/blog.lesoir.be\/salledesprofs\/author\/pierrebouillon\/\">Pierre Bouillon<\/a><\/div>\n<div>\n<p><a href=\"http:\/\/blog.lesoir.be\/salledesprofs\/files\/2012\/02\/bernarddevos.jpg\"><img decoding=\"async\" title=\"bernarddevos\" alt=\"\" src=\"http:\/\/blog.lesoir.be\/salledesprofs\/files\/2012\/02\/bernarddevos-150x150.jpg\" width=\"150\" height=\"150\" \/><\/a><\/p>\n<p>Bernard De Vos, le D\u00e9l\u00e9gu\u00e9 g\u00e9n\u00e9ral aux droits de l\u2019enfant, pr\u00e9sentait mercredi son rapport annuel. Il a signal\u00e9 que ses services \u00e9taient de plus en plus sollicit\u00e9 pour des questions relatives \u00e0 l\u2019enseignement. \u201cLes exclusions scolaires et les refus d\u2019inscription se constatent d\u00e8s la maternelle, a-t-il notamment expliqu\u00e9. Aujourd\u2019hui, les services qui y sont confront\u00e9s sont d\u00e9bord\u00e9s, principalement dans les grandes villes.\u201d<br \/>\nCes exclusions sont notamment dues \u00e0 l\u2019impossibilit\u00e9 de mener un dialogue entre certaines \u00e9coles et les familles, ainsi qu\u2019\u00e0 une dramatisation de certaines situations, selon lui.<!--more--><br \/>\nLe d\u00e9l\u00e9gu\u00e9 g\u00e9n\u00e9ral aux droits de l\u2019enfant d\u00e9nonce les contrats p\u00e9dagogiques et de comportement, par lesquels certaines directions \u201crejettent sur le jeune et sa famille la responsabilit\u00e9 de l\u2019exclusion\u201d en imposant des conditions souvent impossibles \u00e0 respecter par le jeune.<br \/>\nC\u2019est le cas par exemple des conditions li\u00e9es au retard aux cours, alors que les causes de ces retards sont souvent complexes et n\u00e9cessitent un dialogue avec la famille.<br \/>\nBernard De Vos stigmatise en outre l\u2019insuffisance de la politique d\u2019enseignement diff\u00e9renci\u00e9 au premier degr\u00e9 du secondaire.<br \/>\nConcernant l\u2019enseignement sp\u00e9cialis\u00e9, qui accueille un taux \u201c\u00e9norme\u201d de 4 % de la population scolaire, le d\u00e9l\u00e9gu\u00e9 g\u00e9n\u00e9ral d\u00e9nonce le manque d\u2019int\u00e9gration des \u00e9l\u00e8ves handicap\u00e9s dans l\u2019enseignement ordinaire : \u201cCela concerne \u00e0 peine un enfant sur 30 en Communaut\u00e9 fran\u00e7aise, alors que ce taux est de un sur quatre en Flandre\u201d.<\/p>\n<p><strong>Rapport annuel 2010-2011 du D\u00e9l\u00e9gu\u00e9 g\u00e9n\u00e9ral aux droits de l\u2019enfant<\/strong><\/p>\n<p><a href=\"http:\/\/www.dgde.cfwb.be\/index.php?id=3617\">Rapport annuel 2010-2011<\/a><\/p>\n<p>Le 20 novembre marque l\u2019anniversaire de l\u2019adoption par l\u2019Assembl\u00e9e g\u00e9n\u00e9rale des Nations Unies de la D\u00e9claration des droits de l\u2019enfant en 1959 et de la Convention internationale relative aux droits de l\u2019enfant (CIDE) de 1989. C\u2019est \u00e0 cette date symbolique que le D\u00e9l\u00e9gu\u00e9 g\u00e9n\u00e9ral de la Communaut\u00e9 fran\u00e7aise aux droits de l\u2019enfant remet officiellement son rapport annuel d\u2019activit\u00e9 au Pr\u00e9sident du Parlement de la Communaut\u00e9 fran\u00e7aise et au Ministre-Pr\u00e9sident du gouvernement de la Communaut\u00e9 fran\u00e7aise.\u00a0 Pour cette ann\u00e9e 2010-2011, on constate que les questions relatives \u00e0 l\u2019enseignement deviennent la premi\u00e8re th\u00e9matique pour laquelle on s\u2019adresse \u00e0 notre institution, devant les questions de maltraitance ou de divorce et de s\u00e9paration. Tous les d\u00e9tails se trouvent dans <a href=\"http:\/\/www.dgde.cfwb.be\/index.php?id=3617\">le rapport que vous pouvez consulter en ligne. Bonne lecture !<\/a><\/p>\n<\/div>\n<\/div>\n","protected":false},"excerpt":{"rendered":"<p>Des exclusions d\u00e8s la maternelle Publi\u00e9 le 1 f\u00e9vrier 2012 par Pierre Bouillon Bernard De Vos, le D\u00e9l\u00e9gu\u00e9 g\u00e9n\u00e9ral aux droits de l\u2019enfant, pr\u00e9sentait mercredi son rapport annuel. Il a signal\u00e9 que ses services \u00e9taient de plus en plus sollicit\u00e9 pour des questions relatives \u00e0 l\u2019enseignement. \u201cLes exclusions scolaires et les refus d\u2019inscription se constatent &#8230; <a title=\"Des exclusions d\u00e8s la maternelle\" class=\"read-more\" href=\"https:\/\/bruxelles-pantheres.be\/?p=1409\" aria-label=\"En savoir plus sur Des exclusions d\u00e8s la maternelle\">Lire la suite<\/a><\/p>\n","protected":false},"author":1,"featured_media":1267,"comment_status":"open","ping_status":"open","sticky":false,"template":"","format":"standard","meta":{"footnotes":""},"categories":[25,18],"tags":[31,14,23,70,71,19],"class_list":["post-1409","post","type-post","status-publish","format-standard","has-post-thumbnail","hentry","category-enseignement","category-resistance-bruxelles","tag-belgique","tag-bruxelles","tag-discrimination","tag-enfants","tag-handicapes","tag-pauvrete"],"_links":{"self":[{"href":"https:\/\/bruxelles-pantheres.be\/index.php?rest_route=\/wp\/v2\/posts\/1409","targetHints":{"allow":["GET"]}}],"collection":[{"href":"https:\/\/bruxelles-pantheres.be\/index.php?rest_route=\/wp\/v2\/posts"}],"about":[{"href":"https:\/\/bruxelles-pantheres.be\/index.php?rest_route=\/wp\/v2\/types\/post"}],"author":[{"embeddable":true,"href":"https:\/\/bruxelles-pantheres.be\/index.php?rest_route=\/wp\/v2\/users\/1"}],"replies":[{"embeddable":true,"href":"https:\/\/bruxelles-pantheres.be\/index.php?rest_route=%2Fwp%2Fv2%2Fcomments&post=1409"}],"version-history":[{"count":1,"href":"https:\/\/bruxelles-pantheres.be\/index.php?rest_route=\/wp\/v2\/posts\/1409\/revisions"}],"predecessor-version":[{"id":1410,"href":"https:\/\/bruxelles-pantheres.be\/index.php?rest_route=\/wp\/v2\/posts\/1409\/revisions\/1410"}],"wp:featuredmedia":[{"embeddable":true,"href":"https:\/\/bruxelles-pantheres.be\/index.php?rest_route=\/wp\/v2\/media\/1267"}],"wp:attachment":[{"href":"https:\/\/bruxelles-pantheres.be\/index.php?rest_route=%2Fwp%2Fv2%2Fmedia&parent=1409"}],"wp:term":[{"taxonomy":"category","embeddable":true,"href":"https:\/\/bruxelles-pantheres.be\/index.php?rest_route=%2Fwp%2Fv2%2Fcategories&post=1409"},{"taxonomy":"post_tag","embeddable":true,"href":"https:\/\/bruxelles-pantheres.be\/index.php?rest_route=%2Fwp%2Fv2%2Ftags&post=1409"}],"curies":[{"name":"wp","href":"https:\/\/api.w.org\/{rel}","templated":true}]}}