{"id":1418,"date":"2012-01-26T21:47:14","date_gmt":"2012-01-26T20:47:14","guid":{"rendered":"https:\/\/bruxelles-pantheres.be\/?p=1418"},"modified":"2013-11-26T21:49:30","modified_gmt":"2013-11-26T20:49:30","slug":"oui-a-la-laicite-non-a-lislamophobie","status":"publish","type":"post","link":"https:\/\/bruxelles-pantheres.be\/?p=1418","title":{"rendered":"Oui \u00e0 la la\u00efcit\u00e9, Non \u00e0 l\u2019islamophobie !"},"content":{"rendered":"<p>&nbsp;<\/p>\n<div class=\"entry-content\">\n<h6 style=\"text-align: center;\"><span style=\"font-size: x-large;\"><a href=\"http:\/\/www.egalite.be\/wp-content\/uploads\/2012\/01\/femme-voilee.jpg\"><img decoding=\"async\" class=\"size-full wp-image-1560\" title=\"femme-voilee\" alt=\"\" src=\"http:\/\/www.egalite.be\/wp-content\/uploads\/2012\/01\/femme-voilee.jpg\" width=\"246\" height=\"317\" \/><\/a><\/span><\/h6>\n<h6 style=\"text-align: center;\"><span style=\"font-size: x-large;\">Oui \u00e0 la la\u00efcit\u00e9, Non \u00e0 l\u2019islamophobie !<\/span><\/h6>\n<div style=\"text-align: justify;\">L\u2019adoption par le S\u00e9nat de la proposition de loi Laborde visant \u00e0 \u00e9tendre l\u2019obligation de neutralit\u00e9 aux\u00a0structures priv\u00e9es en charge de la petite enfance et aux assistantes maternelles \u00e0 domicile marque une\u00a0escalade insupportable dans l\u2019islamophobie. Ce projet remet en cause l\u2019\u00e9galit\u00e9 devant le travail : il introduit une\u00a0discrimination ignoble en fonction de la religion. Il rappelle certains des moments les plus sombres de l\u2019histoire\u00a0de ce pays, l\u2019interdiction de certaines professions aux Juifs sous le r\u00e9gime de Vichy et le statut de sous-citoyens\u00a0des Musulmans sous la colonisation. Il constitue une atteinte aux libert\u00e9s individuelles car les assistantes\u00a0maternelles seront poursuivies et contr\u00f4l\u00e9es jusque dans leur domicile. La chasse aux musulmanes est ainsi totale\u00a0: espace public et espace priv\u00e9, aucun r\u00e9pit ne leur est laiss\u00e9. L\u2019Assembl\u00e9e nationale ne doit pas voter ce texte. Il\u00a0faut mettre un terme \u00e0 l\u2019ignominie.<!--more--><\/div>\n<div style=\"text-align: justify;\">Depuis la loi du 15 mars 2004 interdisant l\u2019\u00e9cole publique aux \u00e9l\u00e8ves musulmanes portant le foulard, les\u00a0exclusions se sont multipli\u00e9es, non seulement \u00e0 l\u2019encontre des \u00e9l\u00e8ves mais aussi \u00e0 l\u2019encontre des m\u00e8res d\u2019\u00e9l\u00e8ves,\u00a0que ce soit pour l\u2019accompagnement des sorties scolaires ou pour la participation \u00e0 des activit\u00e9s au sein de l\u2019\u00e9cole.<\/div>\n<div style=\"text-align: justify;\">Malgr\u00e9 un avis de la HALDE (Haute Autorit\u00e9 de Lutte contre les Discriminations et pour l\u2019\u00c9galit\u00e9), rappelant que\u00a0l\u2019interdiction du foulard ne s\u2019applique pas aux parents d\u2019\u00e9l\u00e8ves, le ministre Luc Chatel a annonc\u00e9 au printemps\u00a0dernier son intention d\u2019instaurer par d\u00e9cret cette nouvelle discrimination. La proposition fut reprise dans le\u00a0programme de l\u2019UMP pour 2012 \u2013 parmi 26 propositions tout aussi inqui\u00e9tantes, l\u00e9galisant notamment la\u00a0discrimination \u00e0 l\u2019embauche contre les femmes portant le foulard, y compris dans le secteur priv\u00e9.<\/div>\n<div style=\"text-align: justify;\">Ces mesures ob\u00e9issent \u00e0 une m\u00eame logique de stigmatisation et d\u2019exclusion, en rupture compl\u00e8te avec les\u00a0principes la\u00efques tels qu\u2019ils ont \u00e9t\u00e9 fix\u00e9s par la loi de 1905 et les lois Ferry-Goblet sur l\u2019\u00e9cole. Nous refusons ce\u00a0d\u00e9tournement de la la\u00efcit\u00e9, qui s\u2019inscrit dans une s\u00e9rie interminable d\u2019offensives : loi anti-foulard, loi anti-niqab,\u00a0d\u00e9bat sur l\u2019identit\u00e9 nationale, stigmatisation des \u00ab\u00a0pri\u00e8res de rue\u00a0\u00bb, des minarets et des menus \u00ab\u00a0halal\u00a0\u00bb, invectives\u00a0de Nicolas Sarkozy sur \u00ab\u00a0l\u2019\u00e9gorgement du mouton\u00a0\u00bb et de Claude Gu\u00e9ant sur le \u00ab\u00a0trop grand nombre\u00a0\u00bb de\u00a0musulmans, \u00ab\u00a0d\u00e9bat sur l\u2019islam\u00a0\u00bb rebaptis\u00e9 \u00ab\u00a0d\u00e9bat sur la la\u00efcit\u00e9\u00a0\u00bb, appels \u00e0 g\u00e9n\u00e9raliser l\u2019interdiction du foulard aux\u00a0usag\u00e8res des services publics.<\/div>\n<div style=\"text-align: justify;\">Nous refusons cette logique de guerre et de mise au ban, qui d\u00e9signe les femmes portant le foulard comme des\u00a0pestif\u00e9r\u00e9es et les disqualifient aux yeux de leurs propres enfants,<\/div>\n<div style=\"text-align: justify;\">&#8211; Parce que l\u2019\u00e9cole publique ne doit pas choisir son public, parce qu\u2019elle doit \u00eatre un lieu de rencontre et non\u00a0d\u2019exclusion, parce qu\u2019elle doit promouvoir le droit \u00e0 la diff\u00e9rence et non le m\u00e9pris de l\u2019autre ;<\/div>\n<div style=\"text-align: justify;\">&#8211; Parce que nous tenons au principe de la\u00efcit\u00e9, aux libert\u00e9s individuelles, \u00e0 l\u2019\u00e9galit\u00e9 de traitement ;<\/div>\n<div style=\"text-align: justify;\">&#8211; Parce qu\u2019un \u00c9tat d\u00e9mocratique n\u2019a pas \u00e0 imposer \u00e0 ses citoyennes leur mani\u00e8re de s\u2019habiller ;<\/div>\n<div style=\"text-align: justify;\">&#8211; Parce que ce sont une fois de plus des musulmans, et une fois de plus des femmes, qui sont discrimin\u00e9es.<\/div>\n<div style=\"text-align: justify;\">\n<div id=\":17q\" data-tooltip=\"Masquer le contenu abr\u00e9g\u00e9\"><img decoding=\"async\" alt=\"\" src=\"https:\/\/mail.google.com\/mail\/images\/cleardot.gif\" \/><\/div>\n<\/div>\n<p style=\"text-align: justify;\"><span style=\"color: #888888;\"><span style=\"color: #888888;\">\u2013<br \/>\n<span style=\"color: #003300; font-family: georgia,serif;\">MTE \u2013 Mamans Toutes Egales<br \/>\nFacebook : <a href=\"https:\/\/www.facebook.com\/groups\/MamansEgalesSorties\/\" target=\"_blank\">https:\/\/www.facebook.com\/<wbr \/>groups\/MamansEgalesSorties\/<\/a><\/span><\/span><\/span><\/p>\n<div style=\"text-align: justify;\"><span style=\"color: #003300; font-family: georgia,serif;\">Site : <a href=\"http:\/\/www.mamans-toutes-egales.com\/\" target=\"_blank\">www.mamans-toutes-egales.com<\/a><\/span><\/div>\n<\/div>\n","protected":false},"excerpt":{"rendered":"<p>&nbsp; Oui \u00e0 la la\u00efcit\u00e9, Non \u00e0 l\u2019islamophobie ! L\u2019adoption par le S\u00e9nat de la proposition de loi Laborde visant \u00e0 \u00e9tendre l\u2019obligation de neutralit\u00e9 aux\u00a0structures priv\u00e9es en charge de la petite enfance et aux assistantes maternelles \u00e0 domicile marque une\u00a0escalade insupportable dans l\u2019islamophobie. Ce projet remet en cause l\u2019\u00e9galit\u00e9 devant le travail : il &#8230; <a title=\"Oui \u00e0 la la\u00efcit\u00e9, Non \u00e0 l\u2019islamophobie !\" class=\"read-more\" href=\"https:\/\/bruxelles-pantheres.be\/?p=1418\" aria-label=\"En savoir plus sur Oui \u00e0 la la\u00efcit\u00e9, Non \u00e0 l\u2019islamophobie !\">Lire la suite<\/a><\/p>\n","protected":false},"author":1,"featured_media":19,"comment_status":"open","ping_status":"open","sticky":false,"template":"","format":"standard","meta":{"footnotes":""},"categories":[22,25,36,4,28],"tags":[10,31,14,23,9],"class_list":["post-1418","post","type-post","status-publish","format-standard","has-post-thumbnail","hentry","category-emploi","category-enseignement","category-europe","category-islamophobie","category-racismes","tag-ecole","tag-belgique","tag-bruxelles","tag-discrimination","tag-voile"],"_links":{"self":[{"href":"https:\/\/bruxelles-pantheres.be\/index.php?rest_route=\/wp\/v2\/posts\/1418","targetHints":{"allow":["GET"]}}],"collection":[{"href":"https:\/\/bruxelles-pantheres.be\/index.php?rest_route=\/wp\/v2\/posts"}],"about":[{"href":"https:\/\/bruxelles-pantheres.be\/index.php?rest_route=\/wp\/v2\/types\/post"}],"author":[{"embeddable":true,"href":"https:\/\/bruxelles-pantheres.be\/index.php?rest_route=\/wp\/v2\/users\/1"}],"replies":[{"embeddable":true,"href":"https:\/\/bruxelles-pantheres.be\/index.php?rest_route=%2Fwp%2Fv2%2Fcomments&post=1418"}],"version-history":[{"count":1,"href":"https:\/\/bruxelles-pantheres.be\/index.php?rest_route=\/wp\/v2\/posts\/1418\/revisions"}],"predecessor-version":[{"id":1419,"href":"https:\/\/bruxelles-pantheres.be\/index.php?rest_route=\/wp\/v2\/posts\/1418\/revisions\/1419"}],"wp:featuredmedia":[{"embeddable":true,"href":"https:\/\/bruxelles-pantheres.be\/index.php?rest_route=\/wp\/v2\/media\/19"}],"wp:attachment":[{"href":"https:\/\/bruxelles-pantheres.be\/index.php?rest_route=%2Fwp%2Fv2%2Fmedia&parent=1418"}],"wp:term":[{"taxonomy":"category","embeddable":true,"href":"https:\/\/bruxelles-pantheres.be\/index.php?rest_route=%2Fwp%2Fv2%2Fcategories&post=1418"},{"taxonomy":"post_tag","embeddable":true,"href":"https:\/\/bruxelles-pantheres.be\/index.php?rest_route=%2Fwp%2Fv2%2Ftags&post=1418"}],"curies":[{"name":"wp","href":"https:\/\/api.w.org\/{rel}","templated":true}]}}