{"id":1426,"date":"2012-01-16T21:59:49","date_gmt":"2012-01-16T20:59:49","guid":{"rendered":"https:\/\/bruxelles-pantheres.be\/?p=1426"},"modified":"2013-11-26T22:00:48","modified_gmt":"2013-11-26T21:00:48","slug":"des-parlementaires-sont-menaces-dans-de-nombreux-pays","status":"publish","type":"post","link":"https:\/\/bruxelles-pantheres.be\/?p=1426","title":{"rendered":"Des parlementaires sont menac\u00e9s dans de nombreux pays"},"content":{"rendered":"<div class=\"entry-content\">\n<p>mercredi 18 janvier 2012 \u2013 Union interparlementaire<\/p>\n<div>\n<div>\n<p><strong>Communiqu\u00e9 de presse<\/strong><\/p>\n<p>N\u00b0356, Gen\u00e8ve, le 16 janvier 2012<\/p>\n<p>Vingt-cinq parlementaires sont port\u00e9s disparus ou ont \u00e9t\u00e9 assassin\u00e9s dans des pays d\u2019Afrique, d\u2019Asie, d\u2019Am\u00e9rique latine et d\u2019Europe ces derni\u00e8res ann\u00e9es, et nombre d\u2019autres ont \u00e9t\u00e9 gri\u00e8vement bless\u00e9s. Aujourd\u2019hui encore, de nombreux parlementaires re\u00e7oivent r\u00e9guli\u00e8rement des menaces de mort. Ils sont bien plus nombreux encore \u00e0 \u00eatre victimes de harc\u00e8lement ou \u00e0 ne pas pouvoir s\u2019acquitter sans encombre de leur mandat parlementaire.<!--more--><\/p>\n<p>Le Comit\u00e9 UIP des droits de l\u2019homme des parlementaires s\u2019est r\u00e9uni ce week-end \u00e0 Gen\u00e8ve pour se pencher sur ces cas. En tout, il a examin\u00e9 70 dossiers, qui concernent 198 parlementaires ou anciens parlementaires de 37 pays.<\/p>\n<p>L\u2019UIP s\u2019efforce de r\u00e9gler ces cas en dialoguant avec les autorit\u00e9s. Il envoie des missions sur place, va rencontrer les parlementaires d\u00e9tenus, observe les proc\u00e8s, discute des solutions possibles avec les autorit\u00e9s et \u0153uvre pour le respect des droits de l\u2019homme et la protection du mandat parlementaire.<\/p>\n<p>\u00ab\u00a0<em>Pratiquement toutes les personnes concern\u00e9es appartiennent \u00e0 l\u2019opposition de leur pays et se sont mis leurs adversaires politiques ou les autorit\u00e9s de leur pays \u00e0 dos. Notre r\u00f4le est d\u2019appeler l\u2019attention sur leur situation et de faire tout notre possible pour qu\u2019ils puissent exercer librement leur mandat parlementaire et le faire en toute s\u00e9curit\u00e9 et sans ing\u00e9rence ext\u00e9rieure<\/em>\u00a0\u00bb, a d\u00e9clar\u00e9 M.\u00a0Mahoux, s\u00e9nateur belge qui pr\u00e9side le Comit\u00e9.<\/p>\n<p>A sa r\u00e9union de Gen\u00e8ve, le Comit\u00e9 a \u00e9t\u00e9 inform\u00e9 de plusieurs avanc\u00e9es. Il s\u2019est f\u00e9licit\u00e9 de la d\u00e9cision prise par le tribunal malaisien d\u2019acquitter Anwar Ibrahim. L\u2019UIP a suivi de pr\u00e8s la proc\u00e9dure engag\u00e9e contre ce parlementaire, notamment en envoyant un observateur au proc\u00e8s, et avait \u00e9mis de vives pr\u00e9occupations \u00e0 ce sujet.<\/p>\n<p>Le Comit\u00e9 a aussi not\u00e9 avec satisfaction qu\u2019un tribunal du Bangladesh avait ordonn\u00e9 quelques jours plus t\u00f4t un suppl\u00e9ment d\u2019enqu\u00eate sur le meurtre de Shah Ams Kibria, afin que les commanditaires du crime puissent \u00eatre identifi\u00e9s. M.\u00a0Kibria, ancien haut fonctionnaire de l\u2019ONU et membre en vue de l\u2019opposition parlementaire, a \u00e9t\u00e9 tu\u00e9 en janvier 2005 dans un attentat, lors d\u2019un rassemblement politique. D\u2019apr\u00e8s les informations communiqu\u00e9es \u00e0 l\u2019UIP, ce meurtre, de nature politique, faisait partie d\u2019une strat\u00e9gie visant \u00e0 museler l\u2019opposition.<\/p>\n<p>C\u2019est avec une satisfaction particuli\u00e8re que le Comit\u00e9 de l\u2019UIP a appris la lib\u00e9ration, toute r\u00e9cente, de prisonniers politiques au Myanmar. Il s\u2019emploie \u00e0 obtenir la lib\u00e9ration des membres d\u00e9tenus de la pr\u00e9c\u00e9dente l\u00e9gislature, depuis la premi\u00e8re vague de r\u00e9pression qui a fait suite aux \u00e9lections de 1990 au Myanmar. Le Comit\u00e9 a exprim\u00e9 l\u2019espoir que les deux parlementaires encore emprisonn\u00e9s seraient lib\u00e9r\u00e9s prochainement et que l\u2019UIP pourrait apporter son appui au nouveau parlement birman.<\/p>\n<p>Le Comit\u00e9 de l\u2019UIP a \u00e9tudi\u00e9 les cas de parlementaires palestiniens d\u00e9tenus dans des prisons isra\u00e9liennes. Il s\u2019agit notamment de 20 membres du Conseil l\u00e9gislatif palestinien \u00e9lus en 2006 sur la liste Changement et r\u00e9forme. Ils ont tous \u00e9t\u00e9 plac\u00e9s en d\u00e9tention administrative pour des p\u00e9riodes de six mois, que renouvellent les autorit\u00e9s isra\u00e9liennes.<\/p>\n<p>Le Comit\u00e9 a exprim\u00e9 \u00e0 maintes reprises sa pr\u00e9occupation face \u00e0 ces m\u00e9thodes qui emp\u00eachent les parlementaires concern\u00e9s de repr\u00e9senter les citoyens qui les ont \u00e9lus et d\u2019exercer le mandat qu\u2019ils tiennent du peuple.<\/p>\n<p>Globalement, cela signifie que le Parlement palestinien est dans l\u2019incapacit\u00e9 de s\u2019acquitter de ses fonctions l\u00e9gislatives et de contr\u00f4le. Le Comit\u00e9 a par cons\u00e9quent appel\u00e9 les autorit\u00e9s isra\u00e9liennes \u00e0 renoncer \u00e0 cette pratique. Selon lui, toute affaire portant sur des comportements criminels devrait \u00eatre soumise \u00e0 la proc\u00e9dure p\u00e9nale normale.<\/p>\n<p>(Voir notamment\u00a0: <a href=\"http:\/\/www.info-palestine.net\/article.php3?id_article=11660\">Plus de 40 d\u00e9put\u00e9s et ministres palestiniens enlev\u00e9s depuis 2006, 23 toujours en prison<\/a>)<\/p>\n<p>Enfin, le Comit\u00e9 a examin\u00e9 les rapports de deux missions qu\u2019il a men\u00e9es r\u00e9cemment au Burundi et au Rwanda. Il poursuit son dialogue avec les autorit\u00e9s nationales en vue de r\u00e9gler des affaires dans lesquelles plusieurs parlementaires ont \u00e9t\u00e9 assassin\u00e9s, victimes d\u2019attentats ou font l\u2019objet de poursuites.<\/p>\n<p>Fond\u00e9e en 1889 et bas\u00e9e \u00e0 Gen\u00e8ve, l\u2019UIP, doyenne des organisations politiques internationales, compte 159 parlements affili\u00e9s et neuf assembl\u00e9es parlementaires r\u00e9gionales comme membres associ\u00e9s. L\u2019organisation mondiale des parlements dispose d\u2019un Bureau \u00e0 New York en tant qu\u2019Observateur permanent aupr\u00e8s de l\u2019ONU.<\/p>\n<\/div>\n<div>16 janvier 2012 \u2013 <a href=\"http:\/\/www.ipu.org\/press-f\/gen356.htm\">UIP<\/a><\/div>\n<\/div>\n<\/div>\n","protected":false},"excerpt":{"rendered":"<p>mercredi 18 janvier 2012 \u2013 Union interparlementaire Communiqu\u00e9 de presse N\u00b0356, Gen\u00e8ve, le 16 janvier 2012 Vingt-cinq parlementaires sont port\u00e9s disparus ou ont \u00e9t\u00e9 assassin\u00e9s dans des pays d\u2019Afrique, d\u2019Asie, d\u2019Am\u00e9rique latine et d\u2019Europe ces derni\u00e8res ann\u00e9es, et nombre d\u2019autres ont \u00e9t\u00e9 gri\u00e8vement bless\u00e9s. Aujourd\u2019hui encore, de nombreux parlementaires re\u00e7oivent r\u00e9guli\u00e8rement des menaces de mort. &#8230; <a title=\"Des parlementaires sont menac\u00e9s dans de nombreux pays\" class=\"read-more\" href=\"https:\/\/bruxelles-pantheres.be\/?p=1426\" aria-label=\"En savoir plus sur Des parlementaires sont menac\u00e9s dans de nombreux pays\">Lire la suite<\/a><\/p>\n","protected":false},"author":1,"featured_media":1129,"comment_status":"open","ping_status":"open","sticky":false,"template":"","format":"standard","meta":{"footnotes":""},"categories":[21,36,6],"tags":[23],"class_list":["post-1426","post","type-post","status-publish","format-standard","has-post-thumbnail","hentry","category-anti-imperialisme","category-europe","category-palestine-moyen-orient","tag-discrimination"],"_links":{"self":[{"href":"https:\/\/bruxelles-pantheres.be\/index.php?rest_route=\/wp\/v2\/posts\/1426","targetHints":{"allow":["GET"]}}],"collection":[{"href":"https:\/\/bruxelles-pantheres.be\/index.php?rest_route=\/wp\/v2\/posts"}],"about":[{"href":"https:\/\/bruxelles-pantheres.be\/index.php?rest_route=\/wp\/v2\/types\/post"}],"author":[{"embeddable":true,"href":"https:\/\/bruxelles-pantheres.be\/index.php?rest_route=\/wp\/v2\/users\/1"}],"replies":[{"embeddable":true,"href":"https:\/\/bruxelles-pantheres.be\/index.php?rest_route=%2Fwp%2Fv2%2Fcomments&post=1426"}],"version-history":[{"count":1,"href":"https:\/\/bruxelles-pantheres.be\/index.php?rest_route=\/wp\/v2\/posts\/1426\/revisions"}],"predecessor-version":[{"id":1427,"href":"https:\/\/bruxelles-pantheres.be\/index.php?rest_route=\/wp\/v2\/posts\/1426\/revisions\/1427"}],"wp:featuredmedia":[{"embeddable":true,"href":"https:\/\/bruxelles-pantheres.be\/index.php?rest_route=\/wp\/v2\/media\/1129"}],"wp:attachment":[{"href":"https:\/\/bruxelles-pantheres.be\/index.php?rest_route=%2Fwp%2Fv2%2Fmedia&parent=1426"}],"wp:term":[{"taxonomy":"category","embeddable":true,"href":"https:\/\/bruxelles-pantheres.be\/index.php?rest_route=%2Fwp%2Fv2%2Fcategories&post=1426"},{"taxonomy":"post_tag","embeddable":true,"href":"https:\/\/bruxelles-pantheres.be\/index.php?rest_route=%2Fwp%2Fv2%2Ftags&post=1426"}],"curies":[{"name":"wp","href":"https:\/\/api.w.org\/{rel}","templated":true}]}}