{"id":1430,"date":"2012-01-19T22:04:59","date_gmt":"2012-01-19T21:04:59","guid":{"rendered":"https:\/\/bruxelles-pantheres.be\/?p=1430"},"modified":"2013-11-26T22:07:01","modified_gmt":"2013-11-26T21:07:01","slug":"assez-dimpunites-policieres","status":"publish","type":"post","link":"https:\/\/bruxelles-pantheres.be\/?p=1430","title":{"rendered":"ASSEZ D\u2019IMPUNITES POLICIERES !"},"content":{"rendered":"<div class=\"entry-content\">\n<div>\n<div>\n<h4 style=\"text-align: center;\">ASSEZ D\u2019INTERPELLATIONS MORTELLES\u00a0!<\/h4>\n<h4 style=\"text-align: center;\">ASSEZ D\u2019IMPUNITES POLICIERES\u00a0! ASSEZ DE MASCARADE JUDICIAIRE\u00a0!<\/h4>\n<p>IL FAUT QU\u2019CA CESSE\u00a0!<\/p>\n<\/div>\n<div>\n<div>\n<p>Un climat de rage gronde dans nos quartiers et dans nos c\u0153urs\u2026et la question qui tourne dans nos t\u00eates\u00a0: A QUAND LE PROCHAIN EMBRASEMENT DES BANLIEUES\u00a0?<\/p>\n<\/div>\n<div>\n<p><strong>Pour celles et ceux qui se sentent concern\u00e9es et qui vivent les injustices en banlieues dans une indiff\u00e9rence politique g\u00e9n\u00e9rale, c\u2019est l\u2019indignation et la r\u00e9volte qui hantent nos esprits et qui se transmet de mani\u00e8re irr\u00e9versible\u2026<!--more--><\/strong><\/p>\n<p>Alors qu\u2019en d\u00e9but de semaine on apprenait la mort de Wissam El Yamni(30 ans) \u00e0 Clermont-Ferrand, survenue une semaine apr\u00e8s son hospitalisation cons\u00e9cutive \u00e0 une interpellation polici\u00e8re datant du 1er Janvier 2012\u00a0; que le lendemain mardi 10 janvier, c\u2019est \u00e0 Aulnay \u2013sous-Bois qu\u2019un drame similaire arrachait un fils \u00e0 sa famille et ses proches, lui aussi mort des suites d\u2019une interpellation polici\u00e8re\u00a0; Que de nombreuses affaires semblables tra\u00eenent depuis des ann\u00e9es, que ce soit l\u2019Affaire Ali Ziri, l\u2019affaire Abdelhakim AJIMI, l\u2019affaire Abou Bakari Tandia, l\u2019affaire Mamadou Marega, l\u2019affaire Lamine Dieng\u2026 et prennent des tournures juridiques qui font redouter le pire \u00e0 leurs familles et aux comit\u00e9s de soutien\u00a0: non-lieu, acquittement, oubli, m\u00e9pris\u2026.<\/p>\n<p><strong>Nous ne pouvons ni rester silencieux,ni rester sans rien faire\u00a0! Il faut qu\u2019\u00e7a cesse\u00a0!<\/strong><\/p>\n<p>Le sentiment d\u2019injustice et d\u2019impunit\u00e9 gangr\u00e8ne les g\u00e9n\u00e9rations des quartiers qui se succ\u00e8dent\u2026et chaque jour, en ouvrant la radio ou son poste de tv, il devient \u00ab\u00a0banal\u00a0\u00bb d\u2019entendre des commentaires et autres r\u00e9cits journalistiques \u00ab\u00a0de nuits d\u2019\u00e9chauffour\u00e9es, de violences ou d\u2019\u00e9meutes\u00a0\u00bb v\u00e9cues dans tels ou tels quartiers\u2026sans qu\u2019on s\u2019\u00e9meuve ou qu\u2019on enqu\u00eate s\u00e9rieusement sur les raisons et le contexte pour expliquer ces \u00e9v\u00e8nements\u00a0!<\/p>\n<p>L\u2019alliance M\u00e9dias \u2013 Police- Justice se fait alors jour sans complexe, avec ses versions entendues \u00ab\u00a0probl\u00e8mes cardiaques, connu des services de police, interpellations difficiles, individu violent, d\u00e9linquant, drogu\u00e9, suicidaire, les cameras de surveillance n\u2019ont pas fonctionn\u00e9\u2026\u00a0\u00bb\u2026Et que dire du bouclage que subissent les quartiers et leurs habitant-e-s \u2013 sorte de punition collective \u2013 quand ce type d\u2019injustice frappe\u00a0!?<\/p>\n<p>On nous plonge dans une atmosph\u00e8re populiste \u00ab\u00a0de peur et de guerre larv\u00e9e\u00a0\u00bb\u00a0: il y aurait d\u2019un c\u00f4t\u00e9 ceux qui font appliquer la loi et sa justice, et celles et ceux qui l\u2019enfreignent forcement\u2026 rendus ainsi naturellement responsables de leur malheur\u2026 L\u2019axe du bien n\u2019a pas \u00e0 prouver son innocence, de m\u00eame que les habitant-e-s des quartiers restent les \u00e9ternels fauteurs de troubles, parasites et suspects \u2026 Quand les seules relations sociales qui relie un Etat \u00e0 une partie de son territoire \u00e0 sa population se r\u00e9sument \u00e0 des rapports policiers et juridiques, quand Impunit\u00e9 rime avec L\u00e9gitimit\u00e9 du cot\u00e9 de la Police\u2026.Nous, de l\u2019autre c\u00f4t\u00e9 d\u2019la rue, nous devons nous rassembler, nous r\u00e9unir et nous organiser.<\/p>\n<blockquote><p>Car qui s\u2019en \u00e9meut \u00e0 part les concern\u00e9s, les familles, les proches, et des militant-e-s associatifs et politiques\u00a0? Et pourtant il ne s\u2019agit pas que de l\u2019affaire des quartiers\u00a0!<\/p><\/blockquote>\n<p>L\u2019actualit\u00e9 juridique concernant certaines affaires, dont l\u2019affaire ZIRI et l\u2019affaire AJIMI \u2013 dont le proc\u00e8s des policiers responsables de la mort de Abdelhakim AJIMI se d\u00e9roulera du 16 au 20 janvier 2012 \u00e0 Grasse, doit nous amener, dans les semaines qui arrivent, \u00e0 nous rassembler, collectifs, associations, organisations, dans un effort collectif de solidarit\u00e9 et d\u2019actions communes et fortes.<\/p>\n<p>C\u2019est pour cela qu\u2019apr\u00e8s nous \u00eatre r\u00e9unis lors du rassemblement du 14 janvier en soutien \u00e0 l\u2019affaire Ziri (risque d\u2019un non-lieu\u2026\u00a0!), nous nous rassemblerons ensemble le vendredi 20 janvier 2012 \u00e0 Paris\u2013 dernier jour du proc\u00e8s dans l\u2019affaire AJIMI \u2013 en solidarit\u00e9 \u00e0 la famille AJIMI qui se bat avec courage depuis 4ans, pour honorer la m\u00e9moire de Hakim, et pour faire entendre nos voix sur le traitement m\u00e9diatique, juridique et politique de ces affaires.<\/p>\n<p>Nous sommes convaincus qu\u2019il n\u2019y a que le rapport de force politique et m\u00e9diatique qui fasse de la question des violences polici\u00e8res une r\u00e9elle question nationale. C\u2019est \u00e0 cette condition que nous pourrons faire \u00ab\u00a0bouger\u00a0\u00bb ces affaires et infl\u00e9chir leur traitement juridique, et qu\u2019enfin les familles puissent faire leur deuil.<\/p>\n<p>Assez de paternalisme politique dans ce type d\u2019affaires, nous ne voulons plus de dialogue entre Interm\u00e9diaires \u2013 que ce soient les soi-disant \u00ab\u00a0Repr\u00e9sentants de l\u2019Etat\u00a0\u00bb ou les \u00ab\u00a0Repr\u00e9sentants des banlieues\u00a0\u00bb fantoches et complices.<\/p>\n<p><strong>MOBILISONS-NOUS\u00a0: POUR DENONCER L\u2019IMPUNITE POLICIERE ET FAIRE ENTENDRE QUE LES COLERES GRONDENT ET S\u2019ORGANISENT\u2026. NOUS NE RESTERONS PAS SANS RIEN FAIRE\u00a0!<\/strong><\/p>\n<h3>RETROUVONS- NOUS\u00a0:<\/h3>\n<p><strong>A PARIS LE VENDREDI 20 JANVIER A 19H\u2013 FONTAINE DES INNOCENTS<\/strong><\/p>\n<p><strong>A GRASSE du 16 au 20 JANVIER 2012<\/strong> \u2013 et en particulier les 19 et 20 derniers jours du proc\u00e8s des policiers Contact comit\u00e9 grasse\u00a0: comite_hakim_ajimi@riseup.net<\/p>\n<p><em>Sont actifs dans ces initiatives\u00a0: Comit\u00e9 Ali Ziri, Comit\u00e9 Lamine Dieng, comit\u00e9 Mamadou Marega, Comit\u00e9 Abou bakari Tandia, R\u00e9sistons ensemble, Indign\u00e9s, PIR, NPA, Alternatifs, Fase, Ni macho ni proxos, ACLEFEU, MIB 34, r\u00e9seau FSQP, MIB <\/em><\/p>\n<\/div>\n<\/div>\n<\/div>\n<\/div>\n","protected":false},"excerpt":{"rendered":"<p>ASSEZ D\u2019INTERPELLATIONS MORTELLES\u00a0! ASSEZ D\u2019IMPUNITES POLICIERES\u00a0! ASSEZ DE MASCARADE JUDICIAIRE\u00a0! IL FAUT QU\u2019CA CESSE\u00a0! Un climat de rage gronde dans nos quartiers et dans nos c\u0153urs\u2026et la question qui tourne dans nos t\u00eates\u00a0: A QUAND LE PROCHAIN EMBRASEMENT DES BANLIEUES\u00a0? Pour celles et ceux qui se sentent concern\u00e9es et qui vivent les injustices en banlieues &#8230; <a title=\"ASSEZ D\u2019IMPUNITES POLICIERES !\" class=\"read-more\" href=\"https:\/\/bruxelles-pantheres.be\/?p=1430\" aria-label=\"En savoir plus sur ASSEZ D\u2019IMPUNITES POLICIERES !\">Lire la suite<\/a><\/p>\n","protected":false},"author":1,"featured_media":460,"comment_status":"open","ping_status":"open","sticky":false,"template":"","format":"standard","meta":{"footnotes":""},"categories":[28,5],"tags":[31,14,54],"class_list":["post-1430","post","type-post","status-publish","format-standard","has-post-thumbnail","hentry","category-racismes","category-violence-policiere","tag-belgique","tag-bruxelles","tag-police"],"_links":{"self":[{"href":"https:\/\/bruxelles-pantheres.be\/index.php?rest_route=\/wp\/v2\/posts\/1430","targetHints":{"allow":["GET"]}}],"collection":[{"href":"https:\/\/bruxelles-pantheres.be\/index.php?rest_route=\/wp\/v2\/posts"}],"about":[{"href":"https:\/\/bruxelles-pantheres.be\/index.php?rest_route=\/wp\/v2\/types\/post"}],"author":[{"embeddable":true,"href":"https:\/\/bruxelles-pantheres.be\/index.php?rest_route=\/wp\/v2\/users\/1"}],"replies":[{"embeddable":true,"href":"https:\/\/bruxelles-pantheres.be\/index.php?rest_route=%2Fwp%2Fv2%2Fcomments&post=1430"}],"version-history":[{"count":1,"href":"https:\/\/bruxelles-pantheres.be\/index.php?rest_route=\/wp\/v2\/posts\/1430\/revisions"}],"predecessor-version":[{"id":1431,"href":"https:\/\/bruxelles-pantheres.be\/index.php?rest_route=\/wp\/v2\/posts\/1430\/revisions\/1431"}],"wp:featuredmedia":[{"embeddable":true,"href":"https:\/\/bruxelles-pantheres.be\/index.php?rest_route=\/wp\/v2\/media\/460"}],"wp:attachment":[{"href":"https:\/\/bruxelles-pantheres.be\/index.php?rest_route=%2Fwp%2Fv2%2Fmedia&parent=1430"}],"wp:term":[{"taxonomy":"category","embeddable":true,"href":"https:\/\/bruxelles-pantheres.be\/index.php?rest_route=%2Fwp%2Fv2%2Fcategories&post=1430"},{"taxonomy":"post_tag","embeddable":true,"href":"https:\/\/bruxelles-pantheres.be\/index.php?rest_route=%2Fwp%2Fv2%2Ftags&post=1430"}],"curies":[{"name":"wp","href":"https:\/\/api.w.org\/{rel}","templated":true}]}}