{"id":1435,"date":"2012-01-10T22:14:30","date_gmt":"2012-01-10T21:14:30","guid":{"rendered":"https:\/\/bruxelles-pantheres.be\/?p=1435"},"modified":"2013-11-26T22:15:41","modified_gmt":"2013-11-26T21:15:41","slug":"faire-accepter-la-pilule-de-lausterite-ca-se-travaille","status":"publish","type":"post","link":"https:\/\/bruxelles-pantheres.be\/?p=1435","title":{"rendered":"Faire accepter la pilule de l\u2019aust\u00e9rit\u00e9, \u00e7a se travaille\u2026"},"content":{"rendered":"<p>&nbsp;<\/p>\n<div class=\"entry-content\">\n<div>\n<div>\n<p style=\"text-align: center;\"><a href=\"http:\/\/www.egalite.be\/wp-content\/uploads\/2012\/01\/logo_lettre_ouverte.jpg\"><img decoding=\"async\" class=\"aligncenter size-full wp-image-1457\" title=\"logo_lettre_ouverte\" alt=\"\" src=\"http:\/\/www.egalite.be\/wp-content\/uploads\/2012\/01\/logo_lettre_ouverte.jpg\" width=\"315\" height=\"263\" \/><\/a><\/p>\n<p>Gr\u00e8ve en Belgique\u00a0: Haro sur les gr\u00e9vistes et les syndicats<\/p>\n<p>par <a href=\"http:\/\/www.acrimed.org\/auteur1468.html\">Daniel Zamora<\/a>, <abbr title=\"2012-01-03T02:23:00Z\">le\u00a03 janvier 2012<\/abbr><\/p>\n<\/div>\n<div>\n<div>\n<p>Le 6 d\u00e9cembre 2011, apr\u00e8s 540 jours de n\u00e9gociations, la Belgique disposait enfin d\u2019un gouvernement. Mais d\u00e8s le 2 d\u00e9cembre, le mouvement syndical, qui n\u2019avait gu\u00e8re \u00e9t\u00e9 enthousiasm\u00e9 par la publication de l\u2019accord de gouvernement, les mesures concernant les pensions, le ch\u00f4mage et les coupes dans les services publics, avait organis\u00e9 une manifestation contre l\u2019aust\u00e9rit\u00e9 ayant rassembl\u00e9 entre 60 000 et 80 000 personnes\u00a0: la plus grande mobilisation sociale en Belgique depuis le \u00ab\u00a0pacte des g\u00e9n\u00e9rations\u00a0\u00bb (r\u00e9forme du syst\u00e8me de pensions) en 2005. Puis vint la gr\u00e8ve du 22 d\u00e9cembre\u2026<!--more--><\/p>\n<\/div>\n<div>\n<p>D\u00e8s le 6 d\u00e9cembre, des mesures concr\u00e8tes sont annonc\u00e9es et la premi\u00e8re concerne \u00e0 nouveau le syst\u00e8me des pensions. Il s\u2019agit de retarder l\u2019\u00e2ge possible de la pr\u00e9pension de 60 \u00e0 62 ans. En r\u00e9action \u00e0 cette mesure, un front commun syndical organise le jeudi 22 d\u00e9cembre un mouvement de gr\u00e8ve dans les services publics. Cette mobilisation d\u2019ampleur, bloquant le pays, a d\u00e9clench\u00e9 une r\u00e9elle offensive m\u00e9diatique contre les syndicats, soulignant \u00ab\u00a0<em>l\u2019in\u00e9vitabilit\u00e9<\/em>\u00a0\u00bb des r\u00e9formes. Dans le quotidien <em>Le Soir<\/em> du 28 d\u00e9cembre, Philippe Van Muylder, secr\u00e9taire g\u00e9n\u00e9ral de la FGTB\u00a0[<a id=\"nh1\" title=\"F\u00e9d\u00e9ration g\u00e9n\u00e9rale du travail de Belgique.\" href=\"http:\/\/www.acrimed.org\/article3741.html#nb1\" rel=\"footnote\">1<\/a>], signait une tribune titr\u00e9e\u00a0: \u00ab\u00a0<em>La chasse aux syndicalistes est ouverte<\/em>\u00a0\u00bb\u00a0[<a id=\"nh2\" title=\"\u00c0 lire sur le site du Soir.\" href=\"http:\/\/www.acrimed.org\/article3741.html#nb2\" rel=\"footnote\">2<\/a>]. Et pour cause\u00a0!<\/p>\n<p><strong>Une r\u00e9forme \u00ab\u00a0n\u00e9cessaire\u00a0\u00bb<\/strong><\/p>\n<p>Le gouvernement et son accord ont \u00e9t\u00e9 largement salu\u00e9s par la plupart des grands m\u00e9dias\u00a0: les mesures d\u2019aust\u00e9rit\u00e9 seraient, disent-ils, \u00ab\u00a0<em>urgentes <\/em>\u00a0\u00bb et \u00ab\u00a0<em>in\u00e9vitables<\/em>\u00a0\u00bb. D\u00e8s la mise en place du gouvernement et apr\u00e8s la premi\u00e8re mobilisation sociale du 2 d\u00e9cembre, le vice-premier ministre Johan Vande Lanotte lance un appel dans le journal <em>Le Soir<\/em>\u00a0: \u00ab\u00a0<em> Avant m\u00eame d\u2019avoir un gouvernement, on a d\u00e9j\u00e0 manifest\u00e9\u00a0! On est d\u00e9j\u00e0 en train de pr\u00e9parer la gr\u00e8ve. Ce n\u2019est pas comme \u00e7a que marche, une d\u00e9mocratie\u00a0!<\/em> [&#8230;] <em>\u00c9vitez de vous mettre hors-jeu\u00a0! Restez dans le jeu\u00a0! Deux millions d\u2019affili\u00e9s\u2026 Cela donne des responsabilit\u00e9s<\/em>\u00a0\u00bb (6\/12\/2011). Le message est clair\u00a0: la r\u00e9forme est in\u00e9vitable, ne manifestez pas. Les \u00e9ditorialistes et journalistes des diff\u00e9rents quotidiens francophones suivront religieusement l\u2019avis du gouvernement.<\/p>\n<p>Le 20 d\u00e9cembre 2011, B\u00e9atrice Delvaux, \u00e9ditorialiste en chef du <em>Soir<\/em> ne m\u00e2che pas ses mots\u00a0: \u00ab\u00a0<em>Les gr\u00e8ves, compr\u00e9hensibles, ne changeront rien \u00e0 la r\u00e9alit\u00e9 et \u00e0 la cruaut\u00e9 de cette crise<\/em>\u00a0\u00bb. Les r\u00e9formes seraient n\u00e9cessaires et in\u00e9vitables\u00a0; il faudrait \u00ab\u00a0s\u2019adapter\u00a0\u00bb. Les \u00e9ditocrates font mine de s\u2019attrister, mais le jugement est sans appel\u00a0: \u00ab\u00a0<em>C\u2019est ce qu\u2019on appelle l\u2019adaptation du mod\u00e8le social, qui va de pair avec le recul social. Ces mesures nous \u00e9taient annonc\u00e9es comme in\u00e9vitables depuis belle lurette<\/em>\u00a0\u00bb. Deux jours plus tard, on peut encore lire\u00a0: \u00ab\u00a0<em>Le mod\u00e8le social doit s\u2019adapter, nous n\u2019avons plus les moyens de nos d\u00e9penses, nous devons structurellement r\u00e9former<\/em> [\u2026] <em>Elles <\/em>[les r\u00e9formes] <em>sont dures, h\u00e9las in\u00e9vitables, nous l\u2019avons d\u00e9j\u00e0 \u00e9crit dans ces colonnes<\/em>\u00a0\u00bb. Le 21 d\u00e9cembre, <em>Moustique<\/em> (ex-<em>T\u00e9l\u00e9moustique<\/em>) se demande\u00a0: \u00ab\u00a0<em>\u00c0 quoi bon\u00a0? Les causes semblent d\u00e9sesp\u00e9r\u00e9es<\/em>.\u00a0\u00bb Et la <em>Libre Belgique<\/em>, deux jours plus tard, titre\u00a0:<\/p>\n<p><img decoding=\"async\" alt=\"\" src=\"http:\/\/www.acrimed.org\/local\/cache-vignettes\/L248xH344\/la_libre_1_-_Indispensable-79a1c.jpg\" width=\"248\" height=\"344\" \/><\/p>\n<p>Le mouvement syndical lui-m\u00eame, peut-on lire, doit se rendre \u00e0 l\u2019\u00e9vidence. D\u2019ailleurs, il le fait d\u00e9j\u00e0\u2026 Selon <em>Le Soir<\/em> du 20 d\u00e9cembre, \u00ab\u00a0<em>Les syndicats le reconnaissent \u00e0 demi-mots\u00a0: la marge de man\u0153uvre du gouvernement Di Rupo est tr\u00e8s \u00e9troite<\/em>\u00a0\u00bb. Et selon la <em>Libre Belgique<\/em> du lendemain\u00a0: \u00ab\u00a0<em>Il apparait aussi que le banc syndical ne sait pas encore exactement vers o\u00f9 l\u2019on va, tent\u00e9 par le rejet total des mesures gouvernementales, mais aussi convaincu qu\u2019on n\u2019y coupera pas\u2026<\/em>\u00a0\u00bb. Il n\u2019est donc \u00ab\u00a0<em>plus possible de reculer<\/em>\u00a0\u00bb, affirme <em>Le Soir<\/em> du 20 d\u00e9cembre. \u00ab\u00a0<em>Le gouvernement r\u00e9sistera-t-il \u00e0 la pression de la rue\u00a0?\u00a0\u00bb<\/em>, fait mine de s\u2019interroger, deux jours plus tard, la<em> Libre Belgique<\/em>. Et elle r\u00e9pond\u00a0: \u00ab\u00a0<em>Oui. <\/em>[\u2026] <em>Il faudra ex\u00e9cuter la r\u00e9forme des pensions telle qu\u2019elle a \u00e9t\u00e9 n\u00e9goci\u00e9e <\/em>\u00a0\u00bb.<\/p>\n<p>On l\u2019a compris\u00a0: avant m\u00eame qu\u2019elle ne se d\u00e9roule, la mobilisation est annonc\u00e9e comme irrationnelle, inutile et contre-productive. Certes, l\u2019expression des gr\u00e9vistes est \u00ab\u00a0<em>l\u00e9gitime <\/em>\u00a0\u00bb. Mais elle est le reflet d\u2019une \u00ab\u00a0<em>inqui\u00e9tude<\/em>\u00a0\u00bb, d\u2019un \u00ab\u00a0<em>sentiment compr\u00e9hensible<\/em>\u00a0\u00bb, d\u2019une \u00ab\u00a0<em>peur <\/em>\u00a0\u00bb, et non d\u2019une position raisonnable. Et selon l\u2019\u00e9ditorialiste de la <em>Libre Belgique <\/em>du 22 d\u00e9cembre, le respect du droit de gr\u00e8ve ne rel\u00e8ve que de la tol\u00e9rance\u00a0: \u00ab\u00a0<em>Nous pensons que les syndicats font fausse route en paralysant le pays. On peut n\u00e9anmoins tol\u00e9rer l\u2019id\u00e9e que ce droit de gr\u00e8ve soit actionn\u00e9, dans les formes, comme catalyseur du m\u00e9contentement des travailleurs en ces temps de remise \u00e0 plat d\u2019un des piliers de notre mod\u00e8le social<\/em>\u00a0\u00bb.<\/p>\n<p>Dans ces conditions, il n\u2019est gu\u00e8re surprenant que les \u00e9ditorialistes s\u2019attardent, non sur le fond des mesures impos\u00e9es par le gouvernement, mais sur la communication de ce dernier. Or, pontifie <em>Le Soir <\/em>du 20 d\u00e9cembre, \u00ab\u00a0<em>la communication du gouvernement a \u00e9t\u00e9 nulle<\/em>\u00a0\u00bb. Et de pr\u00e9ciser\u00a0: l\u2019important est donc de \u00ab\u00a0<em>dialoguer, expliquer<\/em> [&#8230;]<em> Le parcours qui s\u2019annonce est rude pour un citoyen qui, de plus, a \u00e9t\u00e9 mis au frigo plus de 500 jours. Il faut l\u2019accompagner <\/em>\u00a0\u00bb. La<em> Libre Belgique<\/em> en conclut deux jours plus tard que le gouvernement doit poursuivre \u00ab\u00a0<em>un long travail d\u2019explication et de p\u00e9dagogie<\/em>\u00a0\u00bb, \u00ab\u00a0<em>pour faire passer des mesures d\u00e9licates voire impopulaires.<\/em>\u00a0\u00bb<\/p>\n<p>Cette campagne m\u00e9diatique de soutien aux mesures ne peut donc qu\u2019anticiper la d\u00e9nonciation d\u2019une gr\u00e8ve \u00ab\u00a0<em>pour rien<\/em>\u00a0\u00bb.<\/p>\n<p><strong>Un \u00ab\u00a0jeudi noir\u00a0\u00bb, une \u00ab\u00a0gr\u00e8ve pour rien\u00a0\u00bb <\/strong><\/p>\n<p>La premi\u00e8re pr\u00e9occupation des m\u00e9diacrates a ainsi consist\u00e9 \u00e0 informer sur l\u2019ampleur et les effets de la gr\u00e8ve, bien davantage que sur les raisons de la col\u00e8re qui s\u2019y exprimait, en recourant \u00e0 un vocabulaire d\u2019apocalypse\u00a0: \u00ab\u00a0<em>Chaos en vue\u00a0!<\/em>\u00a0\u00bb annonce <em>Le Soir<\/em> du 21 d\u00e9cembre. \u00ab\u00a0<em>L\u2019enfer des voyageurs a commenc\u00e9<\/em>\u00a0\u00bb, confirme la<em> Libre Belgique<\/em> du m\u00eame jour. <em>DH<\/em>, les 20 et 22 d\u00e9cembre, synth\u00e9tise\u00a0:<\/p>\n<p><img decoding=\"async\" alt=\"\" src=\"http:\/\/www.acrimed.org\/local\/cache-vignettes\/L248xH344\/La_DH_2_-_Paralysie-eb83b.jpg\" width=\"248\" height=\"344\" \/><\/p>\n<p>Et encore\u00a0:<\/p>\n<p><img decoding=\"async\" alt=\"\" src=\"http:\/\/www.acrimed.org\/local\/cache-vignettes\/L248xH344\/La_DH_1_-_Le_pays_a_l_arret-ab9dd.jpg\" width=\"248\" height=\"344\" \/><\/p>\n<p><em>La Libre Belgique du <\/em>21 d\u00e9cembre, \u00e0 la \u00ab\u00a0Une\u00a0\u00bb, porte le deuil\u2026<\/p>\n<p><img decoding=\"async\" alt=\"\" src=\"http:\/\/www.acrimed.org\/local\/cache-vignettes\/L248xH339\/La_libre_3_-_Jeudi_Noir-70ebe.jpg\" width=\"248\" height=\"339\" \/><\/p>\n<p>\u2026 Et en pages int\u00e9rieures\u00a0:<\/p>\n<p><img decoding=\"async\" alt=\"\" src=\"http:\/\/www.acrimed.org\/local\/cache-vignettes\/L421xH203\/la_libre_4_-_L_enfer-3a9fd.jpg\" width=\"421\" height=\"203\" \/><\/p>\n<p>La <em> Libre Belgique <\/em>donne \u00e9galement la parole aux \u00ab\u00a0<em> usagers<\/em>\u00a0\u00bb et notamment \u00e0 un certain Gianni Tabbone. Auteur d\u2019un site pour les navetteurs, il regrette le d\u00e9but de la gr\u00e8ve mercredi dans les trains\u00a0: \u00ab\u00a0<em>L\u2019action (sauvage) de trop pour les usagers. <\/em>[&#8230;] <em>Cette action de mercredi est absolument d\u00e9solante car les usagers du train, principalement wallons mais aussi flamands, se sont fait avoir une fois de plus<\/em>\u00a0\u00bb (22\/12\/2011). Un entretien parmi les nombreux \u00ab\u00a0portraits\u00a0\u00bb de \u00ab\u00a0simples\u00a0\u00bb citoyens.<\/p>\n<p>Une simple \u00ab\u00a0contribution\u00a0\u00bb \u00e0 la cr\u00e9ation d\u2019une opposition entre le droit de ceux qui travaillent et la \u00ab\u00a0<em> gr\u00e9viculture<\/em>\u00a0\u00bb de ceux qui ne travaillent pas. \u00ab\u00a0<em>Bloquer une entreprise ou un service public, est-ce vraiment rendre service aux travailleurs\u00a0? Pourquoi emb\u00eater les simples citoyens<\/em>\u00a0?\u00a0\u00bb se demande de mani\u00e8re faussement na\u00efve le journaliste de <em>Moustique<\/em> (21\/12\/2011).<\/p>\n<p>Apr\u00e8s l\u2019appel de la raison \u2013 \u00ab\u00a0<em>c\u2019est in\u00e9vitable<\/em>\u00a0\u00bb \u2013, cet appui \u00e0 peine d\u00e9guis\u00e9 au gouvernement le lendemain de la gr\u00e8ve\u00a0:<\/p>\n<p><img decoding=\"async\" alt=\"\" src=\"http:\/\/www.acrimed.org\/local\/cache-vignettes\/L248xH333\/La_libre_2_-_Ne_pas_reculer-f6bfc.jpg\" width=\"248\" height=\"333\" \/><\/p>\n<p>Et, miracle du pluralisme\u00a0:<\/p>\n<p><img decoding=\"async\" alt=\"\" src=\"http:\/\/www.acrimed.org\/local\/cache-vignettes\/L250xH224\/le_soir_2_-_Tenir_bon-9ef0b.jpg\" width=\"250\" height=\"224\" \/><\/p>\n<p>Si le gouvernement n\u2019a pas recul\u00e9, c\u2019est que la gr\u00e8ve n\u2019a servi \u00e0 rien. Le 23 d\u00e9cembre, deux des principaux quotidiens francophones titrent\u00a0:<\/p>\n<p><img decoding=\"async\" alt=\"\" src=\"http:\/\/www.acrimed.org\/local\/cache-vignettes\/L248xH220\/le_soir_1_-_Une_greve_pour_rien-31a38.jpg\" width=\"248\" height=\"220\" \/><\/p>\n<p>Et, nouveau miracle du pluralisme\u00a0:<\/p>\n<p><img decoding=\"async\" alt=\"\" src=\"http:\/\/www.acrimed.org\/local\/cache-vignettes\/L248xH333\/la_DH_3_-_Une_greve_pour_rien-9fde8.jpg\" width=\"248\" height=\"333\" \/><\/p>\n<p>D\u00e9j\u00e0 le 2 d\u00e9cembre, l\u2019\u00e9ditorial du <em>Soir<\/em> pr\u00e9venait que les manifestations n\u2019\u00e9taient pas utiles si r\u00e9p\u00e9t\u00e9es\u00a0: \u00ab\u00a0<em>La col\u00e8re et l\u2019angoisse des citoyens face \u00e0 ce monde qui bascule, aux d\u00e9rapages, doivent \u00eatre exprim\u00e9es. Mais les manifestations tirent leur force de leur raret\u00e9 et des r\u00e9sultats tangibles qu\u2019elles provoquent. Faire descendre des militants dans la rue ne peut se limiter \u00e0 une op\u00e9ration de communication<\/em>\u00a0\u00bb.<\/p>\n<p>Trois semaines plus tard, le 23 d\u00e9cembre, la <em>Libre Belgique <\/em>\u00ab\u00a0constate\u00a0\u00bb\u00a0: la gr\u00e8ve \u00ab\u00a0<em>tombe mal. Surtout si elle s\u2019\u00e9ternise<\/em>\u00a0\u00bb. Ainsi, \u00ab\u00a0<em>parmi ses dommages collat\u00e9raux, la gr\u00e8ve sauvage (mardi et mercredi) et annonc\u00e9e (jeudi) sur le rail belge va alourdir les comptes<\/em> [&#8230;] <em>de la SNCB Logistics<\/em>\u00a0\u00bb. <em>Moustique<\/em>, deux jours auparavant, avait \u00ab\u00a0<em>compris<\/em>\u00a0\u00bb que la crise est justement une mauvaise raison de faire gr\u00e8ve\u00a0: l\u2019activit\u00e9 \u00e9conomique belge n\u2019a \u00ab\u00a0<em>pas besoin de cela en ce moment <\/em>\u00a0\u00bb.<\/p>\n<p>La condamnation m\u00e9diatique de la gr\u00e8ve s\u2019est doubl\u00e9e d\u2019une offensive contre le droit de gr\u00e8ve et le syndicalisme.<\/p>\n<p><strong>Un droit de gr\u00e8ve abusif, des syndicats nocifs<\/strong><\/p>\n<p>D\u00e8s le 22 d\u00e9cembre, la <em>Libre Belgique<\/em> titre son \u00e9ditorial\u00a0: \u00ab\u00a0<em>Un droit, pas tous les droits<\/em>\u00a0\u00bb. La suite confirme\u00a0: \u00ab\u00a0<em>Le droit de gr\u00e8ve est un droit fondamental mais qui ne donne pas tous les droits, n\u2019autorise pas tous les exc\u00e8s<\/em>\u00a0\u00bb. La gr\u00e8ve \u00ab\u00a0<em> sauvage<\/em>\u00a0\u00bb, cette \u00ab\u00a0<em>mauvaise pratique<\/em>\u00a0\u00bb du mercredi, n\u2019est \u00ab\u00a0<em>pas acceptable<\/em>\u00a0\u00bb, illustrant les Wallons \u00ab\u00a0<em>de la pire des mani\u00e8res<\/em>\u00a0\u00bb en \u00ab\u00a0<em>prenant en otage des milliers de navetteurs<\/em>\u00a0\u00bb. Il faudrait ainsi que les gr\u00e9vistes Wallons arr\u00eatent \u00ab\u00a0<em>de se tirer une balle dans le pied\u2026<\/em>\u00a0\u00bb.<\/p>\n<p>Le <em>Soir<\/em> du 23 d\u00e9cembre opte pour ce titre qui s\u2019av\u00e8re tout sauf anodin\u00a0: \u00ab\u00a0<em>O\u00f9 s\u2019arr\u00eate le droit de gr\u00e8ve\u00a0?<\/em>\u00a0\u00bb. Si Mat\u00e9o Alaluf, sociologue du travail \u00e0 l\u2019ULB, essaie d\u2019en d\u00e9fendre le principe, la question suivante du journaliste est claire\u00a0: \u00ab\u00a0<em>Ce droit de gr\u00e8ve donne donc tous les droits\u00a0?<\/em>\u00a0\u00bb. Est-ce \u00ab\u00a0<em>encore raisonnable\u00a0?<\/em>\u00a0\u00bb. Avec un sens aigu des nuances, Marc de Vos, membre d\u2019un <em>think tank<\/em> influent, a quant \u00e0 lui compar\u00e9 les gr\u00e9vistes au tueur qui a fait six morts \u00e0 Li\u00e8ge en d\u00e9cembre. \u00ab\u00a0<em>Ce qui s\u2019est pass\u00e9 jeudi est inacceptable, parce qu\u2019il faut respecter le droit de tous. On a le droit de faire la gr\u00e8ve, mais on a pas le droit d\u2019emp\u00eacher les gens d\u2019aller travailler<\/em>\u00a0\u00bb. Il va m\u00eame jusqu\u2019\u00e0 comparer la gr\u00e8ve \u00e0 une tuerie\u00a0: \u00ab\u00a0<em>Si vous voulez capter beaucoup d\u2019attention, faites comme ce tireur fou de Li\u00e8ge\u2026 C\u2019est une logique criminelle, \u00e7a, o\u00f9 est la limite\u00a0? Apr\u00e8s les blocages, les chantages, o\u00f9 cela va-t-il s\u2019arr\u00eater\u00a0? N\u2019oublions pas que nous vivions dans un \u00c9tat de droit tout de m\u00eame<\/em>\u00a0\u00bb. Cette pr\u00e9tendue remise en cause de l\u2019\u00c9tat de droit par les gr\u00e9vistes offre une occasion de proposer de discuter d\u2019une loi sur un \u00ab\u00a0<em>service minimum<\/em>\u00a0\u00bb.<\/p>\n<p>\u2026 Et de mettre en cause, le r\u00f4le des syndicats. La \u00ab\u00a0Une\u00a0\u00bb de <em>Moustique <\/em>(17-23 d\u00e9cembre 2011) donne le ton\u00a0:<\/p>\n<p><img decoding=\"async\" alt=\"\" src=\"http:\/\/www.acrimed.org\/local\/cache-vignettes\/L249xH320\/Moustique-96b46.jpg\" width=\"249\" height=\"320\" \/><\/p>\n<p>Le \u00ab\u00a0<em>dossier <\/em>\u00a0\u00bb consacr\u00e9 aux syndicats par l\u2019hebdomadaire \u00ab\u00a0<em>T\u00e9l\u00e9 moustique<\/em>\u00a0\u00bb est probablement le plus agressif de tous.<\/p>\n<p>Sous le titre, \u00ab\u00a0<em>\u00c0 quoi servent les syndicats\u00a0?<\/em>\u00a0\u00bb, on peut lire ce recueil de st\u00e9r\u00e9otypes <strong>\u00ab\u00a0<\/strong><em>Ils aiment manifester et faire la gr\u00e8ve. Ils n\u2019aiment pas les patrons ni le changement. Quelles r\u00e9alit\u00e9s se cachent derri\u00e8re les clich\u00e9s que charrient les syndicats\u00a0? <\/em>\u00a0\u00bb\u00a0[<a id=\"nh3\" title=\"\u00c0 lire sur le site de Moustique.\" href=\"http:\/\/www.acrimed.org\/article3741.html#nb3\" rel=\"footnote\">3<\/a>]. L\u2019enqu\u00eate promet donc d\u2019\u00eatre \u00ab\u00a0<em>objective <\/em>\u00a0\u00bb.<\/p>\n<p>En exergue, ces questions et assertions prometteuses\u00a0: \u00ab\u00a0<em>Les syndicats sont des structures archa\u00efques et d\u00e9pass\u00e9es<\/em>\u00a0\u00bb\u00a0; \u00ab\u00a0<em>Cr\u00e9\u00e9es au XIXe si\u00e8cle, les organisations de d\u00e9fense des travailleurs sont-elles encore adapt\u00e9es au XXIe si\u00e8cle\u00a0?<\/em>\u00a0\u00bb, \u00ab\u00a0<em>Se syndiquer, c\u2019est ringard et inutile<\/em>\u00a0\u00bb\u00a0; \u00ab\u00a0<em>S\u2019ils ne servent plus \u00e0 rien, pourquoi continuer \u00e0 payer des cotisations\u00a0? Un monde sans syndicat tournerait-il moins rond\u00a0?<\/em>\u00a0\u00bb. Et l\u2019 \u00ab\u00a0enqu\u00eate\u00a0\u00bb tient toutes ces promesses.<\/p>\n<blockquote><p><strong>Morceaux choisis<\/strong>\u00a0:<\/p>\n<p>&#8211; Vendredi 2 d\u00e9cembre. C\u2019est avec une certaine appr\u00e9hension que les navetteurs se rendent \u00e0 la gare. En ce jour de manifestation nationale contre l\u2019aust\u00e9rit\u00e9, ils craignent de se frotter \u00e0 une nouvelle pagaille sur le rail. Mais c\u2019est tout le contraire\u00a0: la circulation n\u2019a jamais sembl\u00e9 aussi fluide et les panneaux horaires n\u2019indiquent aucun retard. Nulle part. Ben tiens, pense-t-on, quand il s\u2019agit de convoyer les camarades syndiqu\u00e9s vers une manif, les cheminots font bien les choses\u2026<br \/>\n&#8211; Sur les quais de la gare du Midi, les trains d\u00e9versent des groupes v\u00eatus de rouge, de vert et de bleu. Des manifestants sont d\u00e9j\u00e0 bien excit\u00e9s. On entend des cris et des chants. Certains navetteurs sourient, d\u2019autres affichent une moue de r\u00e9probation. <em>\u00ab\u00a0Il y en a qui carburent pas qu\u2019au caf\u00e9\u00a0\u00bb<\/em>, nous glisse un compagnon de voyage. En quelques minutes, nous vivons l\u2019illustration de deux images qui collent \u00e0 la peau des syndicats\u00a0: leur culture de la gr\u00e8ve et celle du manifestant braillard et bourr\u00e9, trop content d\u2019\u00e9chapper \u00e0 un jour de travail pour venir perturber l\u2019activit\u00e9 des \u00ab\u00a0honn\u00eates travailleurs\u00a0\u00bb.<br \/>\n&#8211; Se faire \u00e9lire d\u00e9l\u00e9gu\u00e9, c\u2019est entrer dans la caste de ceux qui sont les plus difficiles \u00e0 virer. Est-ce la seule motivation \u00e0 se pr\u00e9senter sur les listes\u00a0?<\/p><\/blockquote>\n<p>Pourtant, <em>Moustique<\/em> n\u2019est pas le seul \u00e0 enfiler des perles anti-syndicales. Le <em>Soir<\/em> du 23 d\u00e9cembre offre ce bijou \u00e0 ses lecteurs\u00a0: \u00ab\u00a0<em>Les barrages aux portes de Bruxelles ont \u00e9t\u00e9 lev\u00e9s vers 10h30. L\u2019heure de l\u2019ap\u00e9ro ont m\u00e9dit les vilains. De l\u2019ap\u00e9ro, du shopping de No\u00ebl, ou du retour \u00e0 la maison jusqu\u2019\u00e0 la prochaine fois. Un jour de gr\u00e8ve c\u2019est un jour de gr\u00e8ve quoi\u00a0!<\/em>\u00a0\u00bb.<\/p>\n<p>En attendant la prochaine et probable gr\u00e8ve du 30 janvier, nul doute que la campagne de propagande se poursuivra. Faire accepter la pilule de l\u2019aust\u00e9rit\u00e9, \u00e7a se travaille\u2026<\/p>\n<p>Daniel Zamora<\/p>\n<\/div>\n<\/div>\n<\/div>\n<div>\n<h4>Notes<\/h4>\n<p>[<a id=\"nb1\" title=\"Notes 1\" href=\"http:\/\/www.acrimed.org\/article3741.html#nh1\" rev=\"footnote\">1<\/a>] F\u00e9d\u00e9ration g\u00e9n\u00e9rale du travail de Belgique.<\/p>\n<p>[<a id=\"nb2\" title=\"Notes 2\" href=\"http:\/\/www.acrimed.org\/article3741.html#nh2\" rev=\"footnote\">2<\/a>] \u00c0 lire <a href=\"http:\/\/www.lesoir.be\/debats\/cartes_blanches\/2011-12-28\/la-chasse-aux-syndicalistes-est-ouverte-886795.php\" rel=\"external\">sur le site du <em>Soir<\/em><\/a>.<\/p>\n<p>[<a id=\"nb3\" title=\"Notes 3\" href=\"http:\/\/www.acrimed.org\/article3741.html#nh3\" rev=\"footnote\">3<\/a>] \u00c0 lire <a href=\"http:\/\/www.moustique.be\/le-magazine\/les-archives\/4481\/60513\/a-quoi-servent-encore-les-syndicats\" rel=\"external\">sur le site de <em>Moustique<\/em><\/a>.<\/p>\n<p style=\"text-align: right;\"><a href=\"http:\/\/www.acrimed.org\/article3741.html#\">SOURCE<\/a><\/p>\n<\/div>\n<\/div>\n","protected":false},"excerpt":{"rendered":"<p>&nbsp; Gr\u00e8ve en Belgique\u00a0: Haro sur les gr\u00e9vistes et les syndicats par Daniel Zamora, le\u00a03 janvier 2012 Le 6 d\u00e9cembre 2011, apr\u00e8s 540 jours de n\u00e9gociations, la Belgique disposait enfin d\u2019un gouvernement. Mais d\u00e8s le 2 d\u00e9cembre, le mouvement syndical, qui n\u2019avait gu\u00e8re \u00e9t\u00e9 enthousiasm\u00e9 par la publication de l\u2019accord de gouvernement, les mesures concernant &#8230; <a title=\"Faire accepter la pilule de l\u2019aust\u00e9rit\u00e9, \u00e7a se travaille\u2026\" class=\"read-more\" href=\"https:\/\/bruxelles-pantheres.be\/?p=1435\" aria-label=\"En savoir plus sur Faire accepter la pilule de l\u2019aust\u00e9rit\u00e9, \u00e7a se travaille\u2026\">Lire la suite<\/a><\/p>\n","protected":false},"author":1,"featured_media":922,"comment_status":"open","ping_status":"open","sticky":false,"template":"","format":"standard","meta":{"footnotes":""},"categories":[22],"tags":[31],"class_list":["post-1435","post","type-post","status-publish","format-standard","has-post-thumbnail","hentry","category-emploi","tag-belgique"],"_links":{"self":[{"href":"https:\/\/bruxelles-pantheres.be\/index.php?rest_route=\/wp\/v2\/posts\/1435","targetHints":{"allow":["GET"]}}],"collection":[{"href":"https:\/\/bruxelles-pantheres.be\/index.php?rest_route=\/wp\/v2\/posts"}],"about":[{"href":"https:\/\/bruxelles-pantheres.be\/index.php?rest_route=\/wp\/v2\/types\/post"}],"author":[{"embeddable":true,"href":"https:\/\/bruxelles-pantheres.be\/index.php?rest_route=\/wp\/v2\/users\/1"}],"replies":[{"embeddable":true,"href":"https:\/\/bruxelles-pantheres.be\/index.php?rest_route=%2Fwp%2Fv2%2Fcomments&post=1435"}],"version-history":[{"count":1,"href":"https:\/\/bruxelles-pantheres.be\/index.php?rest_route=\/wp\/v2\/posts\/1435\/revisions"}],"predecessor-version":[{"id":1436,"href":"https:\/\/bruxelles-pantheres.be\/index.php?rest_route=\/wp\/v2\/posts\/1435\/revisions\/1436"}],"wp:featuredmedia":[{"embeddable":true,"href":"https:\/\/bruxelles-pantheres.be\/index.php?rest_route=\/wp\/v2\/media\/922"}],"wp:attachment":[{"href":"https:\/\/bruxelles-pantheres.be\/index.php?rest_route=%2Fwp%2Fv2%2Fmedia&parent=1435"}],"wp:term":[{"taxonomy":"category","embeddable":true,"href":"https:\/\/bruxelles-pantheres.be\/index.php?rest_route=%2Fwp%2Fv2%2Fcategories&post=1435"},{"taxonomy":"post_tag","embeddable":true,"href":"https:\/\/bruxelles-pantheres.be\/index.php?rest_route=%2Fwp%2Fv2%2Ftags&post=1435"}],"curies":[{"name":"wp","href":"https:\/\/api.w.org\/{rel}","templated":true}]}}