{"id":1437,"date":"2012-01-10T22:16:15","date_gmt":"2012-01-10T21:16:15","guid":{"rendered":"https:\/\/bruxelles-pantheres.be\/?p=1437"},"modified":"2013-11-26T22:20:58","modified_gmt":"2013-11-26T21:20:58","slug":"pour-linauguration-dune-statue-de-patrice-lumumba-en-belgique","status":"publish","type":"post","link":"https:\/\/bruxelles-pantheres.be\/?p=1437","title":{"rendered":"Pour l\u2019inauguration d\u2019une statue de Patrice Lumumba en Belgique"},"content":{"rendered":"<p>&nbsp;<\/p>\n<h4 style=\"text-align: center;\"><strong>Rassemblement le 15 janvier 2011<br \/>\nPour l\u2019inauguration d\u2019une statue de Patrice Lumumba en Belgique<\/strong><\/h4>\n<p>&nbsp;<\/p>\n<h3 style=\"text-align: center;\">A 15h00<a href=\"http:\/\/maps.google.com\/maps?q=50.84270000+4.36154000+%28Statue+de+L%C3%A9opold+II%29&amp;hl=fr&amp;ie=UTF8&amp;ll=50.842899,4.362216&amp;spn=0.008143,0.013797&amp;t=m&amp;z=16&amp;vpsrc=6&amp;iwloc=A\"> devant la statue de L\u00e9opold II.<\/a><\/h3>\n<p>&nbsp;<\/p>\n<h3 style=\"text-align: center;\"><a href=\"http:\/\/maps.google.com\/maps?q=50.84270000+4.36154000+%28Statue+de+L%C3%A9opold+II%29&amp;hl=fr&amp;ie=UTF8&amp;ll=50.842899,4.362216&amp;spn=0.008143,0.013797&amp;t=m&amp;z=16&amp;vpsrc=6&amp;iwloc=A\"><span style=\"font-size: x-small;\">(Troonplein \/ Place du T\u00f4ne)<\/span><\/a><\/h3>\n<p>&nbsp;<\/p>\n<p style=\"text-align: justify;\"><strong><\/strong><a href=\"http:\/\/www.egalite.be\/wp-content\/uploads\/2012\/01\/patrice1.jpg\"><img decoding=\"async\" class=\"aligncenter size-full wp-image-1453\" title=\"patrice1\" alt=\"\" src=\"http:\/\/www.egalite.be\/wp-content\/uploads\/2012\/01\/patrice1.jpg\" width=\"428\" height=\"548\" \/><\/a><\/p>\n<p>&nbsp;<\/p>\n<p>En 1960, la Belgique d\u00e9cide de conc\u00e9der l\u2019ind\u00e9pendance \u00e0 sa colonie. Le 23 juin, Patrice Lumumba, qui avait remport\u00e9 les \u00e9lections, devient premier ministre du gouvernement congolais. Le 17 janvier 1961, il est assassin\u00e9 ainsi que deux de ses compagnons, Joseph Okito, Pr\u00e9sident du S\u00e9nat et Maurice Mpolo, Ministre des Sports.<!--more--><br \/>\nSuite \u00e0 la commission d\u2019enqu\u00eate du parlement belge pour d\u00e9terminer les circonstances exactes de l\u2019assassinat de Patrice Lumumba, Louis Michel a reconnu que \u00abcertains membres du gouvernement d\u2019alors et certains acteurs belges de l\u2019\u00e9poque portent une part irr\u00e9futable de responsabilit\u00e9 dans les \u00e9v\u00e9nements qui ont conduit \u00e0 la mort de Patrice Lumumba \u00bb. Il a ensuite pr\u00e9sent\u00e9 au nom de la Belgique \u00ab ses profonds et sinc\u00e8res regrets \u00bb ainsi que des excuses \u00e0 la famille et au peuple congolais.<br \/>\nDans une recommandation de la commission intitul\u00e9e \u00ab Un pass\u00e9 toujours pr\u00e9sent \u00bb, la Belgique est\u00a0 invit\u00e9e \u00e0 exorciser le pass\u00e9. Pour ce faire, les \u00c9tats ont la possibilit\u00e9 d\u2019\u00e9riger des monuments ou de nommer des espaces publics en la m\u00e9moire des victimes. Bien que la Belgique dispose d\u2019un \u00e9ventail de statues et de places publiques qui ont cette fonction, aucun monument ou lieu public n\u2019est d\u00e9di\u00e9 \u00e0 la m\u00e9moire de Patrice Lumumba.<br \/>\nDix ans apr\u00e8s les excuses du gouvernement belge pour le r\u00f4le de Bruxelles dans l\u2019assassinat du premier ministre congolais, il est temps que la Belgique assume son Histoire.<br \/>\nL\u2019artiste Enca Caen et Piet Wittevrongel ont r\u00e9alis\u00e9 une statue qui immortalise la capture de Patrice Lumumba par les troupes de Mobutu, aid\u00e9 en cela par les services secrets belges et am\u00e9ricains, d\u00e9but d\u00e9cembre 1960, six semaines avant sa mort. Le Collectif M\u00e9moires Coloniales souhaite que celle-ci soit \u00e9rig\u00e9e en Belgique, dans un lieu central et embl\u00e9matique. Afin que la statue de Patrice Lumumba trouve place, nous invitons les instances politiques belges, du gouvernement f\u00e9d\u00e9ral aux conseils communaux, les centres culturels et toutes les institutions ou organismes disposant d\u2019un espace public pouvant convenir \u00e0 l\u2019accueil de la statue, \u00e0 se faire conna\u00eetre. En septembre 2012, le comit\u00e9 de patronage choisira le lieu le plus conforme au projet afin d\u2019inaugurer la statue le 17 janvier 2013.<\/p>\n<p>&nbsp;<\/p>\n<p>Contact : Pauline Imbach \u2013 pauline@cadtm.org \u2013 0032 488 298 104<\/p>\n<p>&nbsp;<\/p>\n<h4 style=\"text-align: center;\"><strong>Rassemblement le 15 janvier 2011<br \/>\nPour l\u2019inauguration d\u2019une statue de Patrice Lumumba en Belgique<\/strong><\/h4>\n<p>&nbsp;<\/p>\n<h3 style=\"text-align: center;\">A 15h00<a href=\"http:\/\/maps.google.com\/maps?q=50.84270000+4.36154000+%28Statue+de+L%C3%A9opold+II%29&amp;hl=fr&amp;ie=UTF8&amp;ll=50.842899,4.362216&amp;spn=0.008143,0.013797&amp;t=m&amp;z=16&amp;vpsrc=6&amp;iwloc=A\"> devant la statue de L\u00e9opold II.<\/a><\/h3>\n<p>&nbsp;<\/p>\n<h3 style=\"text-align: center;\"><a href=\"http:\/\/maps.google.com\/maps?q=50.84270000+4.36154000+%28Statue+de+L%C3%A9opold+II%29&amp;hl=fr&amp;ie=UTF8&amp;ll=50.842899,4.362216&amp;spn=0.008143,0.013797&amp;t=m&amp;z=16&amp;vpsrc=6&amp;iwloc=A\">(Troonplein \/ Place du T\u00f4ne)<\/a><\/h3>\n","protected":false},"excerpt":{"rendered":"<p>&nbsp; Rassemblement le 15 janvier 2011 Pour l\u2019inauguration d\u2019une statue de Patrice Lumumba en Belgique &nbsp; A 15h00 devant la statue de L\u00e9opold II. &nbsp; (Troonplein \/ Place du T\u00f4ne) &nbsp; &nbsp; En 1960, la Belgique d\u00e9cide de conc\u00e9der l\u2019ind\u00e9pendance \u00e0 sa colonie. Le 23 juin, Patrice Lumumba, qui avait remport\u00e9 les \u00e9lections, devient premier &#8230; <a title=\"Pour l\u2019inauguration d\u2019une statue de Patrice Lumumba en Belgique\" class=\"read-more\" href=\"https:\/\/bruxelles-pantheres.be\/?p=1437\" aria-label=\"En savoir plus sur Pour l\u2019inauguration d\u2019une statue de Patrice Lumumba en Belgique\">Lire la suite<\/a><\/p>\n","protected":false},"author":1,"featured_media":1438,"comment_status":"open","ping_status":"open","sticky":false,"template":"","format":"standard","meta":{"footnotes":""},"categories":[7,18,28],"tags":[31,14,23,45,72,15],"class_list":["post-1437","post","type-post","status-publish","format-standard","has-post-thumbnail","hentry","category-negrophobie","category-resistance-bruxelles","category-racismes","tag-belgique","tag-bruxelles","tag-discrimination","tag-lumumba","tag-patrice-lumumba","tag-resistance"],"_links":{"self":[{"href":"https:\/\/bruxelles-pantheres.be\/index.php?rest_route=\/wp\/v2\/posts\/1437","targetHints":{"allow":["GET"]}}],"collection":[{"href":"https:\/\/bruxelles-pantheres.be\/index.php?rest_route=\/wp\/v2\/posts"}],"about":[{"href":"https:\/\/bruxelles-pantheres.be\/index.php?rest_route=\/wp\/v2\/types\/post"}],"author":[{"embeddable":true,"href":"https:\/\/bruxelles-pantheres.be\/index.php?rest_route=\/wp\/v2\/users\/1"}],"replies":[{"embeddable":true,"href":"https:\/\/bruxelles-pantheres.be\/index.php?rest_route=%2Fwp%2Fv2%2Fcomments&post=1437"}],"version-history":[{"count":1,"href":"https:\/\/bruxelles-pantheres.be\/index.php?rest_route=\/wp\/v2\/posts\/1437\/revisions"}],"predecessor-version":[{"id":1439,"href":"https:\/\/bruxelles-pantheres.be\/index.php?rest_route=\/wp\/v2\/posts\/1437\/revisions\/1439"}],"wp:featuredmedia":[{"embeddable":true,"href":"https:\/\/bruxelles-pantheres.be\/index.php?rest_route=\/wp\/v2\/media\/1438"}],"wp:attachment":[{"href":"https:\/\/bruxelles-pantheres.be\/index.php?rest_route=%2Fwp%2Fv2%2Fmedia&parent=1437"}],"wp:term":[{"taxonomy":"category","embeddable":true,"href":"https:\/\/bruxelles-pantheres.be\/index.php?rest_route=%2Fwp%2Fv2%2Fcategories&post=1437"},{"taxonomy":"post_tag","embeddable":true,"href":"https:\/\/bruxelles-pantheres.be\/index.php?rest_route=%2Fwp%2Fv2%2Ftags&post=1437"}],"curies":[{"name":"wp","href":"https:\/\/api.w.org\/{rel}","templated":true}]}}