{"id":1440,"date":"2013-10-10T22:21:53","date_gmt":"2013-10-10T21:21:53","guid":{"rendered":"https:\/\/bruxelles-pantheres.be\/?p=1440"},"modified":"2013-11-26T22:32:03","modified_gmt":"2013-11-26T21:32:03","slug":"une-sculpture-de-lumumba-a-ete-installee-a-berlin","status":"publish","type":"post","link":"https:\/\/bruxelles-pantheres.be\/?p=1440","title":{"rendered":"Une sculpture de Lumumba a \u00e9t\u00e9 install\u00e9e \u00e0 Berlin"},"content":{"rendered":"<p>Le mardi 8 octobre 2013 \u00e0 17 heures \u00e0 Garnisonkirchplatz \u00e0 Berlin, la capitale de la R\u00e9publique f\u00e9d\u00e9rale d&rsquo;Allemagne, une sculpture en bronze de Lumumba a \u00e9t\u00e9 install\u00e9e et remise au public par la fondation Poll, devant une grande foule mixte.<\/p>\n<p>Cette statue d\u00e9nomm\u00e9e, \u00ab\u00a0Lumumba\u00a0\u00bb (Transport \u00e0 Thysville) a \u00e9t\u00e9 r\u00e9alis\u00e9e en 1961 par Genni\/Jenny Wiegmann-Mucchi (1895-1969).<\/p>\n<p>Plusieurs personnalit\u00e9s politiques, acad\u00e9miques&#8230; \u00e9taient l\u00e0: allemandes, congolaises ainsi que d&rsquo;autres nationalit\u00e9s. Comme officiels congolais il y avait Fran\u00e7ois Lumumba, fils a\u00een\u00e9 du h\u00e9ros national congolais, She Okitundu repr\u00e9sentant l&rsquo;\u00e9tat congolais ainsi que l&rsquo;ambassadrice de la RD Congo \u00e0 Berlin.<!--more--><\/p>\n<p>La c\u00e9r\u00e9monie a commenc\u00e9 par une musique jou\u00e9e au Madimba par la chanteuse Chantal Nyemba Cingoma venue de Leipzig.<\/p>\n<p>Suivront alors tour \u00e0 tour,<\/p>\n<p>Deux discours de la fondation Poll (Kunst Stiftung Poll).<\/p>\n<p>La d\u00e9couverte de la statue,<\/p>\n<p>Les discours des officiels congolais<\/p>\n<p>Et enfin un verre d&rsquo;amiti\u00e9 offert dans les b\u00e2timents de la fondation Poll.<\/p>\n<p>\u00c0 l&rsquo;issue de la manifestation, nous avons interview\u00e9 Fran\u00e7ois Lumumba et She Okitundu \u00e0 propos de l&rsquo;absence \u00e0 ce jour en Belgique d&rsquo;une place ou d&rsquo;une statue de Lumumba.<\/p>\n<p>Pour Fran\u00e7ois Lumumba, \u00ab comme Berlin, la ville qui a vu la naissance de l&rsquo;\u00e9tat du Congo a fait ce pas, c&rsquo;est d\u00e9j\u00e0 une bonne chose. \u00bb<\/p>\n<p>Quant \u00e0 monsieur She Okitundu, ancien ministre congolais des affaires \u00e9trang\u00e8res, il a affirm\u00e9 que dans le cas de la Belgique, cette absence \u00e9tait une anomalie, surtout que l&rsquo;ancienne m\u00e9tropole a d\u00e9j\u00e0 reconnu sa responsabilit\u00e9 morale dans la mort de Lumumba.<\/p>\n<p>La statue de Lumumba \u00e0 Berlin pourrait devenir un lieu de p\u00e8lerinage. Illustration: un jeune d&rsquo;une dizaine d&rsquo;ann\u00e9es s&rsquo;appelant aussi Patrice Lumumba, est venu sp\u00e9cialement de Hanovre avec son p\u00e8re et son fr\u00e8re, afin de poser \u00e0 c\u00f4t\u00e9 de la statue de son illustre homonyme.<\/p>\n<p>Nous remercions la communaut\u00e9 congolaise d&rsquo;Allemagne qui nous a facilit\u00e9 le s\u00e9jour, la mobilit\u00e9 et l&rsquo;acc\u00e8s \u00e0 l&rsquo;information. Plus sp\u00e9cialement, messieurs Shungu Tudanonga, Memba Gabriel, et Iseewanga Indongo-Imbanda, Danyo Ilunga.<\/p>\n<p>Berlin le 9 octobre 2013<\/p>\n<p>Cheik FITA<\/p>\n<p><iframe src=\"\/\/www.youtube.com\/embed\/n9qf0L2AP-4\" height=\"315\" width=\"420\" allowfullscreen=\"\" frameborder=\"0\"><\/iframe><\/p>\n<h2><\/h2>\n<div class=\"contenuArticle\">\n<p><span style=\"font-family: 'Book Antiqua', serif; font-size: 14pt; line-height: 115%;\"><a class=\"nopopup\" href=\"http:\/\/idata.over-blog.com\/0\/52\/28\/82\/15-JUIN-2013\/STATUE-DE-LUMUMBA-A-BERLIN-IN-CHEIKFITANEWS.PNG\"><img decoding=\"async\" class=\"noAlign alignright\" alt=\"STATUE-DE-LUMUMBA-A-BERLIN-IN-CHEIKFITANEWS.PNG\" src=\"http:\/\/img.over-blog.com\/455x512\/0\/52\/28\/82\/15-JUIN-2013\/STATUE-DE-LUMUMBA-A-BERLIN-IN-CHEIKFITANEWS.PNG\" width=\"455\" height=\"512\" \/><\/a>\u00a0<\/span><\/p>\n<p style=\"text-align: justify;\"><span style=\"font-size: 14.0pt; line-height: 115%; font-family: 'Book Antiqua','serif';\">De notre compatriote <span style=\"color: #454545; background: white;\">Dr. Shungu M. Tundanonga-Dikunda<\/span> qui vit \u00e0 Berlin, nous apprenons que dans cette ville, le 8 octobre 2013, il sera inaugur\u00e9 une statue de Lumumba.<\/span><\/p>\n<p style=\"text-align: justify;\"><span style=\"font-size: 14.0pt; line-height: 115%; font-family: 'Book Antiqua','serif'; color: #454545; background: white;\">En 2011, \u00e0 Leipzig, une autre ville allemande, il avait \u00e9t\u00e9 inaugur\u00e9 un buste de Lumumba.<\/span><\/p>\n<p style=\"text-align: justify;\"><span style=\"font-size: 14.0pt; line-height: 115%; font-family: 'Book Antiqua','serif'; color: #454545; background: white;\">Quel contraste avec la Belgique o\u00f9, rien que pour une place dans une commune, c\u2019est d\u00e9j\u00e0 un probl\u00e8me.<\/span><\/p>\n<p style=\"text-align: justify;\"><span style=\"font-size: 14.0pt; line-height: 115%; font-family: 'Book Antiqua','serif'; color: #454545; background: white;\">Quand on pense:<\/span><\/p>\n<p class=\"MsoListParagraphCxSpFirst\" style=\"text-align: justify; text-indent: -18.0pt; mso-list: l0 level1 lfo1;\"><span style=\"font-size: 14.0pt; line-height: 115%; font-family: 'Book Antiqua','serif'; color: #454545; background: white;\">\u00a0 \u00a0 &#8211; \u00c0 \u00a0ce qu\u2019est devenue la Belgique gr\u00e2ce aux richesses du Congo de Lumumba,<\/span><\/p>\n<p class=\"MsoListParagraphCxSpMiddle\" style=\"text-align: justify; text-indent: -18.0pt; mso-list: l0 level1 lfo1;\"><span style=\"font-size: 14.0pt; line-height: 115%; font-family: 'Book Antiqua','serif'; color: #454545; background: white;\">\u00a0 \u00a0 \u00a0 \u00a0&#8211; Au nombre de belges devenus riches pour avoir travaill\u00e9 au Congo durant la colonisation,<\/span><\/p>\n<p class=\"MsoListParagraphCxSpMiddle\" style=\"text-align: justify; text-indent: -18.0pt; mso-list: l0 level1 lfo1;\"><span style=\"font-size: 14.0pt; line-height: 115%; font-family: 'Book Antiqua','serif'; color: #454545; background: white;\">\u00a0 \u00a0 \u00a0 \u00a0 &#8211; Aux nombreux Belges sentimentalement li\u00e9s au Congo pour y \u00eatre n\u00e9s ou y avoir v\u00e9cu et tiss\u00e9 des relations fortes avec des Congolais,<\/span><\/p>\n<p class=\"MsoListParagraphCxSpLast\" style=\"text-align: justify; text-indent: -18.0pt; mso-list: l0 level1 lfo1;\"><span style=\"font-size: 14.0pt; line-height: 115%; font-family: 'Book Antiqua','serif'; color: #454545; background: white;\">\u00a0 \u00a0 \u00a0 \u00a0&#8211; Aux responsabilit\u00e9s de la Belgique officielle dans la mort de Lumumba\u2026<\/span><\/p>\n<p style=\"text-align: justify;\"><span style=\"font-size: 14.0pt; line-height: 115%; font-family: 'Book Antiqua','serif'; color: #454545; background: white;\">Quand on pense\u00a0aux recettes engrang\u00e9es chaque jour par diff\u00e9rents commerces dans la commune d\u2019Ixelles, gr\u00e2ce non seulement \u00e0 la grande communaut\u00e9 congolaise de Belgique, mais gr\u00e2ce aussi \u00e0 tous les Congolais du monde entier qui passent depuis des ann\u00e9es au quartier Matonge de Bruxelles, achetant habits, bijoux, nourritures ou se faisant coiffer\u2026<\/span><\/p>\n<p style=\"text-align: justify;\"><span style=\"font-size: 14.0pt; line-height: 115%; font-family: 'Book Antiqua','serif'; color: #454545; background: white;\">Lumumba a \u00e9t\u00e9 assassin\u00e9 il y a d\u00e9j\u00e0 52 ans. Et \u00e0 l&rsquo;\u00e9poque, la plupart des dirigeants belges d\u2019aujourd\u2019hui \u00e9taient des gamines ou des gamins, ou plus grave, m\u00eame pas encore n\u00e9s\u00a0!<\/span><\/p>\n<p style=\"text-align: justify;\"><span style=\"background-color: white; color: #454545; font-family: 'Book Antiqua', serif; font-size: 14pt; line-height: 115%;\">L\u2019honneur rendu \u00e0 Lumumba par les villes allemandes de Berlin et Leipzig sont un v\u00e9ritable pied de nez non pas seulement \u00e0 la commune d\u2019Ixelles, mais \u00e0 toute la Belgique officielle.<\/span><\/p>\n<p style=\"text-align: justify;\"><span style=\"font-size: 14.0pt; line-height: 115%; font-family: 'Book Antiqua','serif'; color: #454545; background: white;\">Ci-dessous, l\u2019info nous parvenue d\u2019Allemagne.<\/span><\/p>\n<p style=\"text-align: justify;\"><span style=\"font-size: 14.0pt; line-height: 115%; font-family: 'Book Antiqua','serif'; color: #454545; background: white;\">Bruxelles, le 25 septembre 2013<\/span><\/p>\n<p style=\"text-align: justify;\"><span style=\"font-size: 14.0pt; line-height: 115%; font-family: 'Book Antiqua','serif'; color: #454545; background: white;\">Cheik FITA\u00a0<\/span><\/p>\n<p style=\"text-align: justify;\"><span style=\"font-size: 14.0pt; line-height: 115%; font-family: 'Book Antiqua','serif'; color: #454545; background: white;\">Lire aussi notre article\u00a0:\u00a0<\/span><\/p>\n<h2 style=\"margin: 0px; padding: 0px; outline: none; font-weight: normal; color: #989898; font-family: Georgia, serif; background-color: #ffffff;\"><em> <a class=\"titreArticle\" style=\"margin: 0px; padding: 0px; outline: none; color: #f80a14;\" title=\"Une place d\u00e9nomm\u00e9e Lumumba \u00e0 Ixelles ? Entretien avec Assita Kanko, conseill\u00e8re communale\" href=\"http:\/\/www.cheikfitanews.net\/article-une-place-denommee-lumumba-a-ixelles-entretien-avec-assita-kanko-conseillere-communale-120167881.html\">Une place d\u00e9nomm\u00e9e Lumumba \u00e0 Ixelles ? Entretien avec Assita Kanko, conseill\u00e8re communale<\/a> <\/em><\/h2>\n<p style=\"text-align: justify;\"><span style=\"font-size: 14.0pt; line-height: 115%; font-family: 'Book Antiqua','serif'; color: #454545; background: white;\">Lien\u00a0:\u00a0<\/span><a href=\"http:\/\/www.cheikfitanews.net\/article-une-place-denommee-lumumba-a-ixelles-entretien-avec-assita-kanko-conseillere-communale-120167881.html\">http:\/\/www.cheikfitanews.net\/article-une-place-denommee-lumumba-a-ixelles-entretien-avec-assita-kanko-conseillere-communale-120167881.html<\/a><\/p>\n<p><span style=\"font-size: 14.0pt; line-height: 115%; font-family: 'Book Antiqua','serif'; color: #454545;\"><a class=\"nopopup\" href=\"http:\/\/idata.over-blog.com\/0\/52\/28\/82\/15-JUIN-2013\/lumumba-2011-leipzig-IN-CHEIKFITANEWS.jpg\"><img decoding=\"async\" class=\"noAlign alignright\" alt=\"lumumba-2011-leipzig IN CHEIKFITANEWS\" src=\"http:\/\/img.over-blog.com\/455x685\/0\/52\/28\/82\/15-JUIN-2013\/lumumba-2011-leipzig-IN-CHEIKFITANEWS.jpg\" width=\"455\" height=\"685\" \/><\/a><br \/>\n<\/span><\/p>\n<p style=\"margin-bottom: .0001pt; text-align: justify; mso-line-height-alt: 10.95pt; background: white;\"><span style=\"font-size: 14pt; font-family: 'Book Antiqua', serif; color: #0000ff;\">Apr\u00e8s la r\u00e9 inauguration du monument (buste) de Lumumba, 48 heures avant la comm\u00e9moration du 50e anniversaire de son assassinat (le 15 janvier 2011), \u00e0 Leipzig (annexe), il sera inaugur\u00e9 une statue de Lumumba, ce 08 octobre 2013 (17h00), \u00e0 Berlin-Mitte, Garnisonkirchplatz.<\/span><\/p>\n<p style=\"margin-bottom: .0001pt; text-align: justify; mso-line-height-alt: 10.95pt; background: white;\"><span style=\"font-size: 14pt; font-family: 'Book Antiqua', serif; color: #0000ff;\">Celles et ceux, qui ont du temps, sont cordialement invit\u00e9s (voir annexe). Celles et ceux, qui seront de passage \u00e0 Berlin, peuvent passer \u00e0 Garnisonkirchplatz regarder, faire de photos et \u00e9ventuellement y d\u00e9poser une gerbe de fleurs (une tradition allemande et probablement europ\u00e9enne.<\/span><\/p>\n<p style=\"margin-bottom: .0001pt; text-align: justify; mso-line-height-alt: 10.95pt; background: white;\"><span style=\"font-size: 14pt; font-family: 'Book Antiqua', serif; color: #0000ff;\">Traduction (libre):<\/span><\/p>\n<p style=\"margin-bottom: .0001pt; text-align: justify; mso-line-height-alt: 10.95pt; background: white;\"><span style=\"font-size: 14pt; font-family: 'Book Antiqua', serif; color: #0000ff;\">\u00ab Trois sculptrices berlinoises \u00e0 l&rsquo;honneur sur la place Garnisonkirchplatz \u00e0 Berlin-Mitte [centre historique de Berlin].<\/span><\/p>\n<p style=\"margin-bottom: .0001pt; text-align: justify; mso-line-height-alt: 10.95pt; background: white;\"><span style=\"font-size: 14pt; font-family: 'Book Antiqua', serif; color: #0000ff;\">Mardi, 8 octobre 2013 \u00e0 17 heures, il sera install\u00e9 et remis au public (\u00d6ffentlichkeit \u00fcbergeben) une sculpture en bronze \u00ab\u00a0Lumumba\u00a0\u00bb (Transport \u00e0 Thysville) faite en 1961 par Genni\/Jenny Wiegmann-Mucchi (1895-1969). Cette sculpture se trouve dans la collection des \u0153uvres d&rsquo;art de l&rsquo;Acad\u00e9mie des Beaux-arts de Berlin-Brandenburg.<\/span><\/p>\n<p style=\"margin-bottom: .0001pt; text-align: justify; mso-line-height-alt: 10.95pt; background: white;\"><span style=\"font-size: 14pt; font-family: 'Book Antiqua', serif; color: #0000ff;\">Nous vous invitons cordialement avec vos amis. Nous remercions tous, ceux qui ont soutenu notre projet entre autres la Fondation Rosa-Luxembourg et la Fondation Harald-Breuer de Berlin.<\/span><\/p>\n<p style=\"margin-bottom: .0001pt; text-align: justify; mso-line-height-alt: 10.95pt; background: white;\"><span style=\"font-size: 14.0pt; font-family: 'Book Antiqua','serif'; mso-fareast-font-family: 'Times New Roman'; mso-bidi-font-family: 'Times New Roman'; color: #454545; mso-fareast-language: FR-BE;\"> <span style=\"color: #0000ff;\">Kunst Stiftung Poll. \u00bb<\/span><\/span><\/p>\n<\/div>\n","protected":false},"excerpt":{"rendered":"<p>Le mardi 8 octobre 2013 \u00e0 17 heures \u00e0 Garnisonkirchplatz \u00e0 Berlin, la capitale de la R\u00e9publique f\u00e9d\u00e9rale d&rsquo;Allemagne, une sculpture en bronze de Lumumba a \u00e9t\u00e9 install\u00e9e et remise au public par la fondation Poll, devant une grande foule mixte. Cette statue d\u00e9nomm\u00e9e, \u00ab\u00a0Lumumba\u00a0\u00bb (Transport \u00e0 Thysville) a \u00e9t\u00e9 r\u00e9alis\u00e9e en 1961 par Genni\/Jenny &#8230; <a title=\"Une sculpture de Lumumba a \u00e9t\u00e9 install\u00e9e \u00e0 Berlin\" class=\"read-more\" href=\"https:\/\/bruxelles-pantheres.be\/?p=1440\" aria-label=\"En savoir plus sur Une sculpture de Lumumba a \u00e9t\u00e9 install\u00e9e \u00e0 Berlin\">Lire la suite<\/a><\/p>\n","protected":false},"author":1,"featured_media":1441,"comment_status":"open","ping_status":"open","sticky":false,"template":"","format":"standard","meta":{"footnotes":""},"categories":[7,18,28,17],"tags":[31,14,23,45,72],"class_list":["post-1440","post","type-post","status-publish","format-standard","has-post-thumbnail","hentry","category-negrophobie","category-resistance-bruxelles","category-racismes","category-video","tag-belgique","tag-bruxelles","tag-discrimination","tag-lumumba","tag-patrice-lumumba"],"_links":{"self":[{"href":"https:\/\/bruxelles-pantheres.be\/index.php?rest_route=\/wp\/v2\/posts\/1440","targetHints":{"allow":["GET"]}}],"collection":[{"href":"https:\/\/bruxelles-pantheres.be\/index.php?rest_route=\/wp\/v2\/posts"}],"about":[{"href":"https:\/\/bruxelles-pantheres.be\/index.php?rest_route=\/wp\/v2\/types\/post"}],"author":[{"embeddable":true,"href":"https:\/\/bruxelles-pantheres.be\/index.php?rest_route=\/wp\/v2\/users\/1"}],"replies":[{"embeddable":true,"href":"https:\/\/bruxelles-pantheres.be\/index.php?rest_route=%2Fwp%2Fv2%2Fcomments&post=1440"}],"version-history":[{"count":1,"href":"https:\/\/bruxelles-pantheres.be\/index.php?rest_route=\/wp\/v2\/posts\/1440\/revisions"}],"predecessor-version":[{"id":1442,"href":"https:\/\/bruxelles-pantheres.be\/index.php?rest_route=\/wp\/v2\/posts\/1440\/revisions\/1442"}],"wp:featuredmedia":[{"embeddable":true,"href":"https:\/\/bruxelles-pantheres.be\/index.php?rest_route=\/wp\/v2\/media\/1441"}],"wp:attachment":[{"href":"https:\/\/bruxelles-pantheres.be\/index.php?rest_route=%2Fwp%2Fv2%2Fmedia&parent=1440"}],"wp:term":[{"taxonomy":"category","embeddable":true,"href":"https:\/\/bruxelles-pantheres.be\/index.php?rest_route=%2Fwp%2Fv2%2Fcategories&post=1440"},{"taxonomy":"post_tag","embeddable":true,"href":"https:\/\/bruxelles-pantheres.be\/index.php?rest_route=%2Fwp%2Fv2%2Ftags&post=1440"}],"curies":[{"name":"wp","href":"https:\/\/api.w.org\/{rel}","templated":true}]}}