{"id":1445,"date":"2011-12-25T22:35:00","date_gmt":"2011-12-25T21:35:00","guid":{"rendered":"https:\/\/bruxelles-pantheres.be\/?p=1445"},"modified":"2013-11-26T22:42:23","modified_gmt":"2013-11-26T21:42:23","slug":"gaza-on-noublie-pas-gaza-nooit-vergeten-2","status":"publish","type":"post","link":"https:\/\/bruxelles-pantheres.be\/?p=1445","title":{"rendered":"GAZA, ON N\u2019OUBLIE PAS ! GAZA, NOOIT VERGETEN !"},"content":{"rendered":"<p>&nbsp;<\/p>\n<div class=\"entry-content\">\n<p style=\"text-align: center;\"><em><strong>Il y a trois ans :quand un matin normal \u00e0 Gaza s\u2019est transform\u00e9 en horreur.<\/strong><\/em><\/p>\n<p style=\"text-align: center;\"><a href=\"https:\/\/www.facebook.com\/event.php?eid=281453798557106\">https:\/\/www.facebook.com\/event.php?eid=281453798557106<\/a><\/p>\n<p style=\"text-align: center;\"><em><strong><a href=\"http:\/\/storage.canalblog.com\/95\/76\/217331\/71342469.jpg\" target=\"_blank\"><img decoding=\"async\" alt=\"399911_10150550828577526_622417525_10886118_311524029_n\" src=\"http:\/\/storage.canalblog.com\/95\/76\/217331\/71342469_p.jpg\" width=\"300\" height=\"167\" border=\"0\" \/><\/a><br \/>\n<\/strong><\/em><\/p>\n<h3 style=\"text-align: center;\"><a title=\"GAZA, ON N'OUBLIE PAS ! GAZA, NOOIT VERGETEN !\" href=\"http:\/\/mcpalestine.canalblog.com\/archives\/2011\/11\/27\/22825372.html\" rel=\"bookmark\">GAZA, ON N\u2019OUBLIE PAS ! GAZA, NOOIT VERGETEN !<\/a><\/h3>\n<div align=\"center\"><strong>GAZA, ON N\u2019OUBLIE PAS\u00a0!<\/strong><\/div>\n<div align=\"center\"><strong><strong>GAZA, NOOIT VERGETEN !<\/strong><\/strong><\/div>\n<p>Il y a trois ans, Isra\u00ebl a d\u00e9clench\u00e9 son assaut meurtrier contre la bande de Gaza alors m\u00eame qu\u2019il l\u2019occupait et lui imposait son blocus. Plus de 1.400 Palestiniens, la plupart des civils, ont \u00e9t\u00e9 tu\u00e9s.<\/p>\n<p>De nombreuses organisations des droits de l\u2019homme aussi bien qu\u2019une mission sp\u00e9ciale des Nations Unies, dirig\u00e9e par le juge sud-africain Richard Goldstone, ont accus\u00e9 Isra\u00ebl d\u2019avoir commis des crimes de guerre. Ces attaques ont provoqu\u00e9 des manifestations tout autour du monde en solidarit\u00e9 avec les Palestiniens gazaouis.<\/p>\n<p>Trois ans apr\u00e8s cette agression militaire d\u00e9vastatrice, la perp\u00e9tuation de ce blocus ill\u00e9gal constitue une punition collective de la population et sape la cr\u00e9dibilit\u00e9 du droit international humanitaire.<\/p>\n<p>Dans le cadre d\u2019une action citoyenne et pacifique, nous organisons une marche symbolique et une veill\u00e9e de comm\u00e9moration \u00e0 Bruxelles, pour :<\/p>\n<ul>\n<li>\u00b7\u00a0\u00a0\u00a0\u00a0\u00a0\u00a0\u00a0\u00a0 La fin du blocus de Gaza<\/li>\n<li>\u00b7\u00a0\u00a0\u00a0\u00a0\u00a0\u00a0\u00a0\u00a0 La d\u00e9molition du Mur de l\u2019apartheid<\/li>\n<li>\u00b7\u00a0\u00a0\u00a0\u00a0\u00a0\u00a0\u00a0\u00a0 La fin de l\u2019occupation isra\u00e9lienne ill\u00e9gale de toute la Palestine!<\/li>\n<li>\u00b7\u00a0\u00a0\u00a0\u00a0\u00a0\u00a0\u00a0\u00a0 Le droit de retourner en Palestine pour tous les Palestiniens!<\/li>\n<li>\u00b7\u00a0\u00a0\u00a0\u00a0\u00a0\u00a0\u00a0\u00a0 Le soutien \u00e0 la r\u00e9sistance du peuple palestinien<\/li>\n<li>\u00b7\u00a0\u00a0\u00a0\u00a0\u00a0\u00a0\u00a0\u00a0 La lib\u00e9ration de tous les prisonniers palestiniens<\/li>\n<li>\u00b7\u00a0\u00a0\u00a0\u00a0\u00a0\u00a0\u00a0\u00a0 Le soutien \u00e0 la campagne\u00a0 \u00ab Boycott D\u00e9sinvestissement et Sanctions \u00bb<\/li>\n<\/ul>\n<p align=\"center\"><strong>Mardi 27 d\u00e9cembre 2011<!--more--><\/strong><\/p>\n<p>Le d\u00e9part de la Marche se fera au croisement de l\u2019avenue de Stalingrad et du boulevard du Midi (statue m\u00e9gaphone) \u00e0 18 heures. Elle s\u2019ach\u00e8vera avec des prises de parole et une petite animation sur la Place du Jeu de balle vers\u00a0 20h30.<br \/>\n\u2013<br \/>\nNordine Sa\u00efdi<br \/>\nMouvement Citoyen Palestine<br \/>\n<a href=\"http:\/\/mcpalestine.canalblog.com\/\" target=\"_blank\">http:\/\/mcpalestine.canalblog.com<\/a><\/p>\n<p>&nbsp;<\/p>\n<p align=\"CENTER\"><strong>Drie jaar na de Isra\u00eblische militaire agressie :<\/strong><\/p>\n<p align=\"CENTER\"><strong>Remembrance and Support<\/strong><\/p>\n<p align=\"CENTER\"><strong>GAZA, NOOIT VERGETEN !<\/strong><\/p>\n<p align=\"CENTER\"><strong><a href=\"http:\/\/storage.canalblog.com\/08\/63\/217331\/70515237.jpg\" target=\"_blank\"><img decoding=\"async\" alt=\"affiche gaza nld\" src=\"http:\/\/storage.canalblog.com\/08\/63\/217331\/70515237_p.jpg\" width=\"318\" height=\"450\" border=\"0\" \/><\/a><br \/>\n<\/strong><\/p>\n<p>Drie jaar geleden lanceerde Isra\u00ebl een moorddadige aanval op de Gazastrook.<\/p>\n<p>Meer dan 1.400 Palestijnen, vooral burgers, werden gedood.<\/p>\n<p>Veel organisaties voor de mensenrechten, en een speciale VN-missie onder leiding van rechter Richard Goldstone uit Zuid-Afrika, beschuldigden Isra\u00ebl van oorlogsmisdaden. De Isra\u00eblische aanvallen hebben over de hele wereld manifestaties op de been gebracht uit solidariteit met de Palestijnen in Gaza.<\/p>\n<p>Drie jaar na deze verwoestende militaire agressie duurt de illegale blokkade van Gaza voort. Ze betekent een collectieve bestraffing van het volk. Ze doet elke geloofwaardigheid van het internationaal humanitair recht teniet.<\/p>\n<p>In het kader van een vreedzame en civiele actie, organiseren we een symbolische mars en een herinneringswake in Brussel voor :<\/p>\n<p>&#8211; Het stopzetten van de blokkade van Gaza<\/p>\n<p>&#8211; Het slopen van de muur van de Apartheid<\/p>\n<p>&#8211; Het einde van de illegale, Isra\u00eblische bezetting van heel Palestina<\/p>\n<p>&#8211; Het recht op terugkeer naar Palestina voor alle Palestijnse vluchtelingen<\/p>\n<p>&#8211; Steun aan de weerstand van het Palestijnse volk<\/p>\n<p>&#8211; De vrijlating van alle Palestijnse gevangenen<\/p>\n<p>&#8211; Steun aan de campagne BDS, \u00ab\u00a0Boycot, desinvestering en sancties.\u00a0\u00bb<\/p>\n<p align=\"CENTER\"><strong>op dinsdag 27 december 2011<\/strong><\/p>\n<p>De Mars voor Gaza zal van start gaan op het kruispunt van de Stalingradlaan en de Zuidlaan (aan het standbeeld met de megafoon) om 18 uur.<\/p>\n<p>Op het Vossenplein wordt een afsluitingsmeeting gehouden omstreeks 20.30 uur.<\/p>\n<p>met vriendelijke groet,<\/p>\n<p>Nordine Sa\u00efdi, Mouvement Citoyen Palestine (MCP).<\/p>\n<\/div>\n","protected":false},"excerpt":{"rendered":"<p>&nbsp; Il y a trois ans :quand un matin normal \u00e0 Gaza s\u2019est transform\u00e9 en horreur. https:\/\/www.facebook.com\/event.php?eid=281453798557106 GAZA, ON N\u2019OUBLIE PAS ! GAZA, NOOIT VERGETEN ! GAZA, ON N\u2019OUBLIE PAS\u00a0! GAZA, NOOIT VERGETEN ! Il y a trois ans, Isra\u00ebl a d\u00e9clench\u00e9 son assaut meurtrier contre la bande de Gaza alors m\u00eame qu\u2019il l\u2019occupait et &#8230; <a title=\"GAZA, ON N\u2019OUBLIE PAS ! GAZA, NOOIT VERGETEN !\" class=\"read-more\" href=\"https:\/\/bruxelles-pantheres.be\/?p=1445\" aria-label=\"En savoir plus sur GAZA, ON N\u2019OUBLIE PAS ! GAZA, NOOIT VERGETEN !\">Lire la suite<\/a><\/p>\n","protected":false},"author":1,"featured_media":724,"comment_status":"open","ping_status":"open","sticky":false,"template":"","format":"standard","meta":{"footnotes":""},"categories":[21,6,18],"tags":[31,14,12,13,15],"class_list":["post-1445","post","type-post","status-publish","format-standard","has-post-thumbnail","hentry","category-anti-imperialisme","category-palestine-moyen-orient","category-resistance-bruxelles","tag-belgique","tag-bruxelles","tag-gaza","tag-nordine-saidi","tag-resistance"],"_links":{"self":[{"href":"https:\/\/bruxelles-pantheres.be\/index.php?rest_route=\/wp\/v2\/posts\/1445","targetHints":{"allow":["GET"]}}],"collection":[{"href":"https:\/\/bruxelles-pantheres.be\/index.php?rest_route=\/wp\/v2\/posts"}],"about":[{"href":"https:\/\/bruxelles-pantheres.be\/index.php?rest_route=\/wp\/v2\/types\/post"}],"author":[{"embeddable":true,"href":"https:\/\/bruxelles-pantheres.be\/index.php?rest_route=\/wp\/v2\/users\/1"}],"replies":[{"embeddable":true,"href":"https:\/\/bruxelles-pantheres.be\/index.php?rest_route=%2Fwp%2Fv2%2Fcomments&post=1445"}],"version-history":[{"count":1,"href":"https:\/\/bruxelles-pantheres.be\/index.php?rest_route=\/wp\/v2\/posts\/1445\/revisions"}],"predecessor-version":[{"id":1446,"href":"https:\/\/bruxelles-pantheres.be\/index.php?rest_route=\/wp\/v2\/posts\/1445\/revisions\/1446"}],"wp:featuredmedia":[{"embeddable":true,"href":"https:\/\/bruxelles-pantheres.be\/index.php?rest_route=\/wp\/v2\/media\/724"}],"wp:attachment":[{"href":"https:\/\/bruxelles-pantheres.be\/index.php?rest_route=%2Fwp%2Fv2%2Fmedia&parent=1445"}],"wp:term":[{"taxonomy":"category","embeddable":true,"href":"https:\/\/bruxelles-pantheres.be\/index.php?rest_route=%2Fwp%2Fv2%2Fcategories&post=1445"},{"taxonomy":"post_tag","embeddable":true,"href":"https:\/\/bruxelles-pantheres.be\/index.php?rest_route=%2Fwp%2Fv2%2Ftags&post=1445"}],"curies":[{"name":"wp","href":"https:\/\/api.w.org\/{rel}","templated":true}]}}