{"id":1451,"date":"2011-12-22T22:45:58","date_gmt":"2011-12-22T21:45:58","guid":{"rendered":"https:\/\/bruxelles-pantheres.be\/?p=1451"},"modified":"2013-11-26T22:51:12","modified_gmt":"2013-11-26T21:51:12","slug":"radio-judaica-et-le-ccojb-font-ils-la-loi-a-la-ville-de-bruxelles","status":"publish","type":"post","link":"https:\/\/bruxelles-pantheres.be\/?p=1451","title":{"rendered":"Radio Juda\u00efca et le CCOJB font-ils la loi \u00e0 la Ville de Bruxelles ?"},"content":{"rendered":"<div class=\"entry-content\">\n<h3><a title=\"Radio Juda\u00efca et le CCOJB font-ils la loi \u00e0 la Ville de Bruxelles ? \" href=\"http:\/\/mcpalestine.canalblog.com\/archives\/2011\/12\/22\/23027712.html\" rel=\"bookmark\">Radio Juda\u00efca et le CCOJB font-ils la loi \u00e0 la Ville de Bruxelles ? <\/a><\/h3>\n<h6><em>Communiqu\u00e9 de presse<\/em> du <em>Mouvement Citoyen Palestine<\/em>.<\/h6>\n<p><img decoding=\"async\" alt=\"\" src=\"http:\/\/storage.canalblog.com\/94\/40\/217331\/71268391.png\" \/><\/p>\n<p style=\"text-align: justify;\"><strong>Autoris\u00e9e depuis 2002, l\u2019action des P\u00e8res No\u00ebl du Mouvement Citoyen Palestine est aujourd\u2019hui interdite par la Ville de Bruxelles!<\/strong><\/p>\n<p style=\"text-align: justify;\"><em>Cette action de No\u00ebl a lieu\u00a0 depuis 2002 et elle s\u2019est toujours tr\u00e8s bien pass\u00e9e, que ce soit avec la police ou avec les passants de la rue Neuve. <\/em>Chaque ann\u00e9e,<em> <\/em>n<em>o<\/em>us y distribuons des tracts et des bonbons afin d\u2019approcher les gens de mani\u00e8re agr\u00e9able. Cette action de sensibilisation est une vraie r\u00e9ussite car nous touchons un public non-averti. Chaque ann\u00e9e, depuis 9 ans, nous avons re\u00e7u beaucoup d\u2019encouragement et de sympathie de la part du public. Nous tenons \u00e0 remercier les personnes qui sont venues nous rejoindre dans cette action durant toutes ces ann\u00e9es<\/p>\n<p style=\"text-align: justify;\"><strong>Radio Juda\u00efca et\u00a0le CCOJB\u00a0font-ils la loi <\/strong><strong>\u00e0 la Ville de Bruxelles ? <!--more--><\/strong><\/p>\n<p style=\"text-align: justify;\">Sous l\u2019impulsion des autorit\u00e9s isra\u00e9liennes et de certaines organisations qui se pr\u00e9tendent repr\u00e9sentatives de tous les juifs, une vaste op\u00e9ration de terrorisme psychologique est engag\u00e9e contre ceux, y compris contre des organisations de d\u00e9fense des droits de l\u2019homme, qui osent \u00e9lever leur voix contre la politique du gouvernement isra\u00e9lien.<\/p>\n<p style=\"text-align: justify;\">En effet, ce jeudi 22 d\u00e9cembre \u00e0 16h53, j\u2019ai re\u00e7u un coup de fil de la police m\u2019informant que l\u2019action du <em>Mouvement Citoyen Palestine <\/em>\u00ab <a title=\"Quel P\u00e8re No\u00ebl pour les enfants de Gaza ? Le 23 d\u00e9cembre venez dire \" href=\"http:\/\/mcpalestine.canalblog.com\/archives\/2011\/12\/17\/22976453.html\" target=\"_blank\">Quel P\u00e8re No\u00ebl pour les enfants de Gaza ? Le 23 d\u00e9cembre venez dire \u00a0\u00bb occupation : pas en notre nom \u00ab\u00a0<\/a> \u00bb serait interdite, sans apporter aucune autre explication que le bourgmestre ne l\u2019autorise pas (plus) ! <em>\u00ab Or, tout acte administratif doit \u00eatre formellement motiv\u00e9 comme le pr\u00e9voit la loi du 29 juillet 1991 \u00bb, <\/em>nous dit notre avocat.<\/p>\n<p style=\"text-align: justify;\">Le mercredi 21 d\u00e9cembre, <em>Radio Juda\u00efca, \u00e0 la suite de l\u2019intervention du CCOJB, aurait annonc\u00e9 que Monsieur Thielemans avait interdit notre action du vendredi \u00e0 la rue Neuve, et ceci avant m\u00eame que le Mouvement Citoyen Palestine ait \u00e9t\u00e9 inform\u00e9 par la police.<\/em><\/p>\n<p style=\"text-align: justify;\"><strong>Radio Juda\u00efca\u00a0et le CCOJB seraient-ils ceux qui autorisent ou interdisent \u00a0les\u00a0distributions de tracts et de bonbons\u00a0dans la commune de Bruxelles ? <\/strong><\/p>\n<p style=\"text-align: justify;\"><strong>Soyons pr\u00e9sents plus que d\u2019habitude ce Vendredi 23 D\u00e9cembre, \u00e0 partir de 16h, Rue Neuve, face \u00e0 l\u2019\u00e9glise pour d\u00e9fendre le droit des Palestiniens, mais aussi notre propre libert\u00e9 d\u2019expression\u00a0!<\/strong><\/p>\n<p style=\"text-align: justify;\">Alors que\u00a0 le monde entier assiste impuissant au comportement cynique des\u00a0 autorit\u00e9s isra\u00e9liennes \u00e0 l\u2019\u00e9gard des Palestiniens, les d\u00e9fenseurs de la cause palestinienne font l\u2019objet, de plus en plus fr\u00e9quemment, d\u2019atteintes \u00e0 la libert\u00e9 d\u2019expression.<\/p>\n<p style=\"text-align: justify;\">La lutte contre l\u2019apartheid en Afrique du Sud a montr\u00e9 une solidarit\u00e9 internationale efficace et coh\u00e9rente avec un peuple opprim\u00e9. C\u2019est ce genre d\u2019action que le peuple palestinien opprim\u00e9 demande.\u00a0 Depuis 2005, la soci\u00e9t\u00e9 civile palestinienne, y compris les f\u00e9d\u00e9rations syndicales et tous les regroupements politiques syndicaux, ont \u00e9t\u00e9 unanimes en demandant aux personnes de conscience et institutions du\u00a0 monde entier, notamment les syndicats,\u00a0d\u2019approuver le BDS (Boycott D\u00e9sinvestissement et Sanctions) contre Isra\u00ebl et de mettre en \u0153uvre ce boycott des diverses mani\u00e8res, les mieux adapt\u00e9es \u00e0 leur contexte respectif.\u00a0La campagne BDS reste le meilleur espoir de mettre fin \u00e0 l\u2019occupation et l\u2019apartheid d\u2019Isra\u00ebl, et \u00e0 faire valoir l\u2019obtention des droits reconnus par l\u2019ONU, en particulier le droit \u00e0 l\u2019autod\u00e9termination.<\/p>\n<p style=\"text-align: justify;\">La libert\u00e9 de manifestation comme la libert\u00e9 d\u2019expression sont des droits fondamentaux. Ils sont inscrits dans les trait\u00e9s internationaux, comme la Convention europ\u00e9enne des droits de l\u2019homme,\u00a0ainsi que dans la Constitution belge. Nous insistons sur le fait qu\u2019en aucun cas la critique d\u2019un \u00c9tat coupable de tant d\u2019infractions au droit international ne peut \u00eatre ainsi assimil\u00e9e \u00e0 un quelconque racisme.<\/p>\n<p style=\"text-align: justify;\"><strong>En France<em>,<\/em> ce jeudi 15 d\u00e9cembre 2011, le tribunal de Mulhouse vient de relaxer douze militants poursuivis pour leur participation \u00e0 la Campagne BDS.<\/strong><strong><\/strong><\/p>\n<p style=\"text-align: justify;\">Ils \u00e9taient poursuivis par les officines, habituelles courroies de transmission de la politique de l\u2019Etat d\u2019Isra\u00ebl, ainsi que par la LICRA, pour \u00ab\u00a0discrimination et incitation \u00e0 la haine et \u00e0 la violence envers un groupe ou une nation\u00a0\u00bb pour avoir particip\u00e9 \u00e0 deux actions de boycott de produits isra\u00e9liens dans le magasin Carrefour Illzach. Ces associations viennent toutes d\u2019\u00eatre d\u00e9bout\u00e9es par la justice fran\u00e7aise\u00a0!<\/p>\n<p style=\"text-align: justify;\"><em>Chacune de nos actions se veut pacifique.<\/em>\u00a0<em>Nous portons nos tee-shirts verts<\/em>\u00a0<em>(sur lesquels figurent l\u2019inscription \u201cBoycott Isra\u00ebl\/Palestine Vivra\u201d), des bonnets \u00ab\u00a0P\u00e8re No\u00ebl\u00a0\u00bb rouges, nous distribuons nos tracts en parlant aux gens et leur souhaitons de joyeuses f\u00eates de fin d\u2019ann\u00e9e. Tout se fait dans le calme, nous ne constituons certainement pas une menace pour la s\u00e9curit\u00e9.<\/em><\/p>\n<p style=\"text-align: justify;\">Nos actions vont perdurer jusqu\u2019\u00e0 ce qu\u2019Isra\u00ebl se conforme aux r\u00e9solutions des Nations Unies et respecte les droits internationaux et humanitaires.<\/p>\n<p style=\"text-align: justify;\">Face \u00e0 cette atteinte claire \u00e0 la libert\u00e9 d\u2019expression, nous invitons tous les citoyens \u00e9pris de justice \u00e0 envoyer des mails, fax, coups de fil de protestation aux personnes suivantes :<\/p>\n<p style=\"text-align: justify;\">Freddy Thielemans<br \/>\nBourgmestre de la Ville de Bruxelles.<br \/>\nT\u00e9l. : <a href=\"tel:02%20279%2050%2010\" target=\"_blank\">02 279 50 10<\/a><br \/>\nFax : <a href=\"tel:02%20279%2050%2021\" target=\"_blank\">02 279 50 21<\/a><br \/>\n<a href=\"mailto:freddy.thielemans@brucity.be\" target=\"_blank\">freddy.thielemans@brucity.be<\/a><\/p>\n<p style=\"text-align: justify;\">Faouzia Hariche<br \/>\nEchevine de l\u2019Instruction publique et de la Jeunesse de la Ville de Bruxelles<br \/>\nT\u00e9l. : <a href=\"tel:02%20279%2049%2010\" target=\"_blank\">02 279 49 10<\/a><br \/>\nFax : <a href=\"tel:02%20279%2049%2021\" target=\"_blank\">02 279 49 21<\/a><br \/>\n<a href=\"mailto:faouzia.hariche@brucity.be\" target=\"_blank\">faouzia.hariche@brucity.be<\/a><\/p>\n<p style=\"text-align: justify;\">Philippe Close<br \/>\nEchevin du Tourisme et du Personnel de la Ville de Bruxelles<br \/>\nT\u00e9l. : <a href=\"tel:02%20279%2047%2040\" target=\"_blank\">02 279 47 40<\/a><br \/>\nFax : <a href=\"tel:02%20279%2047%2049\" target=\"_blank\">02 279 47 49<\/a><br \/>\n<a href=\"mailto:philippe.close@brucity.be\" target=\"_blank\">philippe.close@brucity.be<\/a><\/p>\n<p style=\"text-align: justify;\">Mohamed Ouriaghli<br \/>\nEchevin des Propri\u00e9t\u00e9s communales et du Parc automobile de la Ville de Bruxelles<br \/>\nT\u00e9l. : <a href=\"tel:02%20279%2041%2030\" target=\"_blank\">02 279 41 30<\/a><br \/>\nFax : <a href=\"tel:02%20279%2041%2039\" target=\"_blank\">02 279 41 39<\/a><br \/>\n<a href=\"mailto:Mohamed.Ouriaghli@brucity.be\" target=\"_blank\">Mohamed.Ouriaghli@brucity.be<\/a><\/p>\n<p style=\"text-align: justify;\">Christian Ceux<br \/>\nEchevin de l\u2019Urbanisme et de la Mobilit\u00e9 de la Ville de Bruxelles<br \/>\nT\u00e9l. : <a href=\"tel:02%20279%2045%2010\" target=\"_blank\">02 279 45 10<\/a><br \/>\nFax : <a href=\"tel:02%20279%2045%2021\" target=\"_blank\">02 279 45 21<\/a><br \/>\n<a href=\"mailto:cabinet.ch.ceux@brucity.be\" target=\"_blank\">cabinet.ch.ceux@brucity.be<\/a><\/p>\n<p style=\"text-align: justify;\">Karine Lalieux<br \/>\nEchevine de la Propret\u00e9 publique et de l\u2019Informatique<br \/>\nT\u00e9l. : <a href=\"tel:02%20279%2048%2050\" target=\"_blank\">02 279 48 50<\/a><br \/>\nFax : <a href=\"tel:02%20279%2048%2059\" target=\"_blank\">02 279 48 59<\/a><br \/>\n<a href=\"mailto:Kabinet.k.lalieux@brucity.be\" target=\"_blank\">Kabinet.k.lalieux@brucity.be<\/a><\/p>\n<p style=\"text-align: justify;\">Chantal No\u00ebl<br \/>\nEchevine de la Famille, de la Petite enfance, des Cr\u00e8ches et des Cultes de la Ville de Bruxelles<br \/>\nT\u00e9l. : <a href=\"tel:02%20279%2050%2060\" target=\"_blank\">02 279 50 60<\/a><br \/>\nFax : <a href=\"tel:02%20279%2050%2062\" target=\"_blank\">02 279 50 62<\/a><br \/>\n<a href=\"mailto:cabinet.chantal.noel@brucity.be\" target=\"_blank\">cabinet.chantal.noel@brucity.be<\/a><\/p>\n<p style=\"text-align: justify;\">Ahmed El Ktibi<br \/>\nEchevin des Travaux publics, de la Participation et de l\u2019Egalit\u00e9 des chances de la Ville de Bruxelles<\/p>\n<p>T\u00e9l. : <a href=\"tel:02%20279%2048%2010\" target=\"_blank\">02 279 48 10<\/a><br \/>\nFax : <a href=\"tel:02%20279%2048%2029\" target=\"_blank\">02 279 48 29<\/a><br \/>\n<a href=\"mailto:cabinet.a.elktibi@brucity.be\" target=\"_blank\">cabinet.a.elktibi@brucity.be<\/a><\/p>\n<p style=\"text-align: justify;\">Bertin Mampaka<br \/>\nEchevin des Sports, des Espaces verts, de l\u2019Environnement, de la Solidarit\u00e9 internationale et de l\u2019Equipement communal<br \/>\nT\u00e9l. : <a href=\"tel:02%20279%2047%2010\" target=\"_blank\">02 279 47 10<\/a><br \/>\nFax : <a href=\"tel:02%20279%2047%2022\" target=\"_blank\">02 279 47 22<\/a><br \/>\n<a href=\"mailto:bertin.mampaka@brucity.be\" target=\"_blank\">bertin.mampaka@brucity.be<\/a><\/p>\n<p style=\"text-align: justify;\">Jean De Hertog<br \/>\nEchevin de l\u2019Economie, du Commerce, de la Centrale d\u2019achats et des Affaires flamandes de la Ville de Bruxelles<br \/>\nT\u00e9l. : <a href=\"tel:02%20279%2044%2010\" target=\"_blank\">02 279 44 10<\/a><br \/>\nFax : <a href=\"tel:02%20279%2044%2009\" target=\"_blank\">02 279 44 09<\/a><br \/>\n<a href=\"mailto:Kabinet.Jean.DeHertog@brucity.be\" target=\"_blank\">Kabinet.Jean.DeHertog@brucity.be<\/a><\/p>\n<p style=\"text-align: justify;\">Hamza Fassi-Fihri<br \/>\nEchevin de la Culture, de l\u2019Emploi, de la Formation et de l\u2019Etat civil de la Ville de Bruxelles<br \/>\nT\u00e9l. : <a href=\"tel:02%20279%2047%2051\" target=\"_blank\">02 279 47 51<\/a><br \/>\nFax : <a href=\"tel:02%20279%2047%2059\" target=\"_blank\">02 279 47 59<\/a><br \/>\n<a href=\"mailto:hamza.fassi-fihri@brucity.be\" target=\"_blank\">hamza.fassi-fihri@brucity.be<\/a><\/p>\n<p style=\"text-align: justify;\">Nous invitons ces \u00e9lus \u00e0 faire preuve de sagesse et de justesse en intervenant au plus vite, pour sauver l\u2019expression d\u00e9mocratique dans la commune de Bruxelles.<strong><\/strong><\/p>\n<p style=\"text-align: justify;\">Nous restons \u00e0 votre disposition pour de plus amples informations :<\/p>\n<p style=\"text-align: justify;\"><em>Contact presse\u00a0: <\/em>Nordine Sa\u00efdi<br \/>\nMouvement Citoyen Palestine<\/p>\n<p style=\"text-align: justify;\">\u00a0\u00a0\u00a0\u00a0\u00a0\u00a0\u00a0\u00a0\u00a0\u00a0\u00a0\u00a0\u00a0\u00a0\u00a0\u00a0\u00a0\u00a0\u00a0\u00a0\u00a0\u00a0\u00a0 <a href=\"tel:0486%2F703.215\" target=\"_blank\">0486\/703.215<\/a><\/p>\n<p style=\"text-align: justify;\" align=\"center\"><strong>Paix,Peace, Pace, Salam, Paz, Shalom, Vrede\u2026 <\/strong><strong>\u00c0 vous.<\/strong><strong><\/strong><\/p>\n<p style=\"text-align: justify;\"><strong>En quoi consiste le boycott?<\/strong><\/p>\n<p style=\"text-align: justify;\">Quand nous parlons de boycott, nous parlons en fait de <strong>BDS <\/strong>:<a href=\"http:\/\/www.bds-info.ch\/fr\/\">Boycott, D\u00e9sinvestissement, Sanctions<\/a>.<\/p>\n<p style=\"text-align: justify;\"><strong>Boycott<\/strong><strong> :<\/strong> c\u2019est un appel \u00e0 tous les consommateurs et\u00a0consommatrices du monde entier pour qu\u2019ils s\u2019abstiennent d\u2019acheter :<\/p>\n<p style=\"text-align: justify;\">les produits en provenance d\u2019Isra\u00ebl et\/ou des colonies \u00e9tablies en Cisjordanie occup\u00e9e;<\/p>\n<p style=\"text-align: justify;\">les produits des compagnies qui soutiennent activement Isra\u00ebl par leurs\u00a0 \u00a0\u00a0 \u00a0investissements ou leurs actions de lobbying en sa faveur dans divers pays.<\/p>\n<p style=\"text-align: justify;\">Ce boycott s\u2019applique aussi aux biens culturels (livres, films, etc.) aux \u00e9v\u00e9nements internationaux (expositions, foires, etc.) et aux comp\u00e9titions sportives.<\/p>\n<p style=\"text-align: justify;\"><strong>D\u00e9sinvestissement <\/strong><strong>:<\/strong> c\u2019est un\u00a0 appel \u00e0 tous les investisseurs,\u00a0 petits et grands pour\u00a0qu\u2019ils cessent d\u2019investir dans tout ce qui peut, par la suite, contribuer au\u00a0d\u00e9veloppement d\u2019Isra\u00ebl sous quelque forme que ce soit : fonds de retraite, actions boursi\u00e8res, etc. et qu\u2019ils retirent les investissements d\u00e9j\u00e0 effectu\u00e9s.<\/p>\n<p style=\"text-align: justify;\"><strong>Sanctions <\/strong><strong>:<\/strong> c\u2019est un appel \u00e0 tous les pays pour que des sanctions internationales\u00a0 \u00a0soient appliqu\u00e9es contre Isra\u00ebl (comme dans le cas de l\u2019<em>Afrique du Sud<\/em>) :<\/p>\n<p style=\"text-align: justify;\">\u00a7\u00a0cessations de relations diplomatiques,<\/p>\n<p style=\"text-align: justify;\">\u00a7\u00a0annulation d\u2019accords commerciaux et de libre-\u00e9change.<\/p>\n<p style=\"text-align: justify;\"><strong><em>le boycott des produits Isra\u00e9lien<\/em><\/strong> :<\/p>\n<p style=\"text-align: justify;\">c\u2019est refuser de financer l\u2019occupation des territoires palestiniens<\/p>\n<p style=\"text-align: justify;\">c\u2019est rendre Isra\u00ebl moins comp\u00e9titif sur la sc\u00e8ne internationale<\/p>\n<p style=\"text-align: justify;\">c\u2019est l\u2019obliger \u00e0 se soumettre au droit international c\u2019est lui imposer d\u2019accepter le droit du peuple palestinien \u00e0 s\u2019autod\u00e9terminer et \u00e0 vivre dans un Etat viable<\/p>\n<p><a href=\"http:\/\/storage.canalblog.com\/50\/78\/217331\/71071419.jpg\" target=\"_blank\"><img decoding=\"async\" alt=\"156989_1714007526565_1129488437_2137130_6058100_n\" src=\"http:\/\/storage.canalblog.com\/50\/78\/217331\/71071419_p.jpg\" width=\"300\" height=\"219\" border=\"0\" \/><\/a><\/p>\n<pre><strong>Le 23 d\u00e9cembre venez dire \" occupation : pas en notre nom \"<\/strong><\/pre>\n<p><em>Quel P\u00e8re No\u00ebl pour les enfants de Gaza ?<\/em><strong><br \/>\n<\/strong><\/p>\n<p><strong>Action symbolique de 16h30 \u00e0 18h00,<\/strong><\/p>\n<p><strong>devant l\u2019\u00e9glise situ\u00e9e dans la rue Neuve\u00a0<\/strong>\u00e0 Bruxelles<\/p>\n<p style=\"text-align: justify;\">Nous y distribuerons des tracts et des bonbons afin d\u2019approcher les gens de mani\u00e8re agr\u00e9able.<\/p>\n<p style=\"text-align: justify;\">Rejoignez-nous, v\u00eatu(e) de rouge comme le p\u00e8re No\u00ebl.<\/p>\n<p style=\"text-align: justify;\">N\u2019h\u00e9sitez pas \u00e0 nous contacter pour plus de renseignements : 0476\/841.969<\/p>\n<\/div>\n<p>&nbsp;<\/p>\n","protected":false},"excerpt":{"rendered":"<p>Radio Juda\u00efca et le CCOJB font-ils la loi \u00e0 la Ville de Bruxelles ? Communiqu\u00e9 de presse du Mouvement Citoyen Palestine. Autoris\u00e9e depuis 2002, l\u2019action des P\u00e8res No\u00ebl du Mouvement Citoyen Palestine est aujourd\u2019hui interdite par la Ville de Bruxelles! Cette action de No\u00ebl a lieu\u00a0 depuis 2002 et elle s\u2019est toujours tr\u00e8s bien pass\u00e9e, &#8230; <a title=\"Radio Juda\u00efca et le CCOJB font-ils la loi \u00e0 la Ville de Bruxelles ?\" class=\"read-more\" href=\"https:\/\/bruxelles-pantheres.be\/?p=1451\" aria-label=\"En savoir plus sur Radio Juda\u00efca et le CCOJB font-ils la loi \u00e0 la Ville de Bruxelles ?\">Lire la suite<\/a><\/p>\n","protected":false},"author":1,"featured_media":202,"comment_status":"open","ping_status":"open","sticky":false,"template":"","format":"standard","meta":{"footnotes":""},"categories":[6,18],"tags":[14,12,13,15],"class_list":["post-1451","post","type-post","status-publish","format-standard","has-post-thumbnail","hentry","category-palestine-moyen-orient","category-resistance-bruxelles","tag-bruxelles","tag-gaza","tag-nordine-saidi","tag-resistance"],"_links":{"self":[{"href":"https:\/\/bruxelles-pantheres.be\/index.php?rest_route=\/wp\/v2\/posts\/1451","targetHints":{"allow":["GET"]}}],"collection":[{"href":"https:\/\/bruxelles-pantheres.be\/index.php?rest_route=\/wp\/v2\/posts"}],"about":[{"href":"https:\/\/bruxelles-pantheres.be\/index.php?rest_route=\/wp\/v2\/types\/post"}],"author":[{"embeddable":true,"href":"https:\/\/bruxelles-pantheres.be\/index.php?rest_route=\/wp\/v2\/users\/1"}],"replies":[{"embeddable":true,"href":"https:\/\/bruxelles-pantheres.be\/index.php?rest_route=%2Fwp%2Fv2%2Fcomments&post=1451"}],"version-history":[{"count":1,"href":"https:\/\/bruxelles-pantheres.be\/index.php?rest_route=\/wp\/v2\/posts\/1451\/revisions"}],"predecessor-version":[{"id":1452,"href":"https:\/\/bruxelles-pantheres.be\/index.php?rest_route=\/wp\/v2\/posts\/1451\/revisions\/1452"}],"wp:featuredmedia":[{"embeddable":true,"href":"https:\/\/bruxelles-pantheres.be\/index.php?rest_route=\/wp\/v2\/media\/202"}],"wp:attachment":[{"href":"https:\/\/bruxelles-pantheres.be\/index.php?rest_route=%2Fwp%2Fv2%2Fmedia&parent=1451"}],"wp:term":[{"taxonomy":"category","embeddable":true,"href":"https:\/\/bruxelles-pantheres.be\/index.php?rest_route=%2Fwp%2Fv2%2Fcategories&post=1451"},{"taxonomy":"post_tag","embeddable":true,"href":"https:\/\/bruxelles-pantheres.be\/index.php?rest_route=%2Fwp%2Fv2%2Ftags&post=1451"}],"curies":[{"name":"wp","href":"https:\/\/api.w.org\/{rel}","templated":true}]}}