{"id":1453,"date":"2011-12-18T22:52:25","date_gmt":"2011-12-18T21:52:25","guid":{"rendered":"https:\/\/bruxelles-pantheres.be\/?p=1453"},"modified":"2013-11-26T22:54:54","modified_gmt":"2013-11-26T21:54:54","slug":"journee-internationale-des-migrants-et-pendant-ce-temps-la","status":"publish","type":"post","link":"https:\/\/bruxelles-pantheres.be\/?p=1453","title":{"rendered":"Journ\u00e9e internationale des migrants ! Et pendant ce temps l\u00e0\u2026"},"content":{"rendered":"<p>&nbsp;<\/p>\n<p><span style=\"font-family: Century Gothic,sans-serif;\"><span style=\"font-size: small;\"><em><strong><a><img decoding=\"async\" class=\"size-full wp-image-1375 alignleft\" title=\"166_07-281bf\" alt=\"\" src=\"http:\/\/www.egalite.be\/wp-content\/uploads\/2011\/12\/166_07-281bf2.jpg\" width=\"200\" height=\"295\" \/><\/a><\/strong><\/em><\/span><\/span><\/p>\n<p>&nbsp;<\/p>\n<p style=\"text-align: justify;\"><strong><em>18 d\u00e9cembre journ\u00e9e internationale des migrants\u00a0!<\/em><\/strong><\/p>\n<p>&nbsp;<\/p>\n<p style=\"text-align: justify;\"><strong>E<\/strong><strong>t pendant ce temps l\u00e0\u2026<\/strong><\/p>\n<p>&nbsp;<\/p>\n<p style=\"text-align: justify;\"><strong>Alors qu\u2019\u00e0 Bruxelles<\/strong> on organise des films, des discours et des d\u00e9bats comme l\u2019<em>Assembl\u00e9e populaire \u00ab Migrants acteurs de citoyennet\u00e9 \u00bb,<\/em><\/p>\n<p>&nbsp;<\/p>\n<p style=\"text-align: justify;\"><strong>Alors qu\u2019Annemie Turtelboom<\/strong> (Ministre de la Justice B)se fend d\u2019un discours dont un voici un petit extrait \u00ab<\/p>\n<p>&nbsp;<\/p>\n<p style=\"text-align: justify;\"><em>La migration est un ph\u00e9nom\u00e8ne de tout plus rapides donnent lieu \u00e0 sans cesse plus de migrations. L\u2019ab\u00eeme croissant entre le Nord et le Sud est \u00e9galement g\u00e9n\u00e9rateur de flux migratoires. (\u2026)<\/em><\/p>\n<p>&nbsp;<\/p>\n<p style=\"text-align: justify;\"><em>Ceux qui pensent pouvoir encore stopper ou freiner cette migration par des mesures exclusivement r\u00e9pressives se trompent. Ceux qui pensent que la migration est un probl\u00e8me voire un danger, se trompent \u00e9galement. \u00ab\u00a0<!--more--><\/em><\/p>\n<p>&nbsp;<\/p>\n<p style=\"text-align: justify;\"><strong>Alors que Ban Ki-Moon<\/strong> (Secr\u00e9taire g\u00e9n\u00e9ral de l\u2019ONU) appelle \u00e0 propos des migrations \u00e0 \u00ab\u00a0faire d\u2019un ph\u00e9nom\u00e8ne plan\u00e9taire une dynamique de progr\u00e8s\u00a0\u00bb et qu\u2019il ajoute que \u00ab\u00a0<em>certains consid\u00e8rent l\u2019immigration ill\u00e9gale comme un d\u00e9lit. Beaucoup pensent que les immigr\u00e9s sans papiers sont dangereux pour la soci\u00e9t\u00e9, qu\u2019ils devraient \u00eatre arr\u00eat\u00e9s, ou que toutes les femmes qui \u00e9migrent pour occuper des emplois peu qualifi\u00e9s sont victimes de la traite.(\u2026) Ces mythes, entre autres croyances infond\u00e9es, font adopter des politiques de l\u2019immigration qui sont au mieux inadapt\u00e9es et au pire dangereuses.\u00a0\u00bb<\/em><\/p>\n<p>&nbsp;<\/p>\n<p style=\"text-align: justify;\"><strong>Pendant ce temps l\u00e0\u2026<\/strong> les personnes d\u00e9sireuses de manifester leur solidarit\u00e9 avec ces m\u00eames migrants, qu\u2019ils aient ou non des papiers\u2026. ces personnes sont emp\u00each\u00e9es de le faire et de quelle mani\u00e8re\u00a0!<\/p>\n<p>&nbsp;<\/p>\n<p style=\"text-align: justify;\">Dimanche 18 d\u00e9cembre 2011 une centaine de personnes s\u2019\u00e9taient d\u00e9cid\u00e9es \u00e0 braver le froid et le vent afin de se rendre ensemble devant le nouveau centre ferm\u00e9, appel\u00e9 \u00ab\u00a0Caricole\u00a0\u00bb de Steenokkerzeel. Il y a les gens qui font les discours, il y a les gens qui d\u00e9battent et il y a les gens qui d\u00e9sirent manifester sur place pour attirer l\u2019attention sur la r\u00e9alit\u00e9 et dire leur opposition \u00e0 cette politique r\u00e9pressive \u00e0 l\u2019\u00e9gard des migrants.<\/p>\n<p>&nbsp;<\/p>\n<p style=\"text-align: justify;\">Pourtant, une fois de plus, le droit de manifester leur solidarit\u00e9 leur a \u00e9t\u00e9 \u00f4t\u00e9.<\/p>\n<p>&nbsp;<\/p>\n<p style=\"text-align: justify;\">En effet le bourgmestre de Zaventem a pris un arr\u00eat\u00e9 le 16 d\u00e9cembre par lequel il interdit la manifestation pour des raisons telles <em>qu\u2019il n\u2019a aucun doute que lesmanifestants potentiels mettront en p\u00e9ril la s\u00e9curit\u00e9 publique, que la s\u00e9curit\u00e9 ests\u00e9rieusement perturb\u00e9e par la manifestation sur l\u2019autoroute provoquant une dangerosit\u00e9 pour la route et le trafic a\u00e9rien (!), que la s\u00e9curit\u00e9 publique sera affect\u00e9e, qu\u2019il y a eu des destructions par le pass\u00e9.<\/em><\/p>\n<p>&nbsp;<\/p>\n<p style=\"text-align: justify;\">A noter ici que les manifestants sont habitu\u00e9s \u00e0 \u00eatre encadr\u00e9s par des hordes de forces de l\u2019ordre en tenue de combat, \u00e0 cheval, exigeant que le moindre pas soit longuement n\u00e9goci\u00e9 et que les policiers se placent entre les grilles du centre, accompagn\u00e9s de leurs chiens, de mani\u00e8re \u00e0 emp\u00eacher le dialogue avec les d\u00e9tenus, de mani\u00e8re \u00e0 faire peur, de mani\u00e8re \u00e0 intimider.<\/p>\n<p>&nbsp;<\/p>\n<p style=\"text-align: justify;\">Dimanche aussi il y avait 11 combis de policiers f\u00e9d\u00e9raux et de robocops, il y avait une autopompe, il y avait des chevaux, il y avait des policiers aux entr\u00e9es de la gare, il y avait des policiers sur la route, il y avait des deuxi\u00e8me et troisi\u00e8me lignes\u2026<\/p>\n<p>&nbsp;<\/p>\n<p style=\"text-align: justify;\">Il est d\u00e8s lors int\u00e9ressant que ce soient les manifestants qui soient d\u00e9crits comme \u00e9tant potentiellement dangereux\u00a0!<\/p>\n<p>&nbsp;<\/p>\n<p style=\"text-align: justify;\">Les manifestants \u00e0 qui il est syst\u00e9matiquement oppos\u00e9, lorsqu\u2019ils veulent se rendre devant les centres, des obstacles mena\u00e7ants. Des manifestants qui, d\u00e9j\u00e0 dans les trains sont accueillis par des policiers, qui ne se g\u00eanent pas de dire aux autres voyageurs de changer de wagon et de d\u00e9peindre les personnes solidaires comme de dangereux individus. Tout cela sans qu\u2019il ne soit permis ou possible de s\u2019y opposer sans \u00eatre imm\u00e9diatement tax\u00e9 d\u2019avoir fait de la \u00ab\u00a0r\u00e9bellion\u00a0\u00bb. Etrange que la situation soit ainsi pr\u00e9sent\u00e9e de mani\u00e8re distordue et que des pressions syst\u00e9matiques soient exerc\u00e9es \u00e0 l\u2019encontre de personnes d\u00e9sireuses d\u2019exprimer leur indignation et leur solidarit\u00e9.<\/p>\n<p>&nbsp;<\/p>\n<p style=\"text-align: justify;\">Le d\u00e9cret du bourgmestre pr\u00e9cise encore qu\u2019il est interdit de poss\u00e9der des ballons ou autres objets flottants, mais que les arrestations administratives sont autoris\u00e9es, que la force peut \u00eatre utilis\u00e9e (par la police) pour disperser la manifestation, bien qu\u2019il soit pr\u00e9cis\u00e9 qu\u2019\u00e0 chaque usage de la force il faut un avertissement conform\u00e9ment \u00e0 la loi!<\/p>\n<p>&nbsp;<\/p>\n<p style=\"text-align: justify;\">Une nouvelle fois l\u2019identification de tous les pr\u00e9sents est autoris\u00e9e, ceci permet le fichage syst\u00e9matique \u00e9galement \u00e0 l\u2019aide des prises audiovisuelles utilis\u00e9es \u00e0 outrance par des policiers munis de zooms dignes de d\u00e9nicher le moindre cil des visages, nouveaut\u00e9 du jour : une amende 250 euros peut-\u00eatre r\u00e9clam\u00e9e.<\/p>\n<p>&nbsp;<\/p>\n<p style=\"text-align: justify;\">Ainsi en va une nouvelle fois du droit de manifester, bafou\u00e9 rendant ce droit \u00e9l\u00e9mentaire de plus en plus difficile \u00e0 exercer.<\/p>\n<p>&nbsp;<\/p>\n<p style=\"text-align: justify;\">Mais qu\u2019ont-ils donc \u00e0 cacher? Ce nouveau centre ferm\u00e9 a bien \u00e9t\u00e9 command\u00e9 par notre gouvernement, il a \u00e9t\u00e9 r\u00e9clam\u00e9 haut et fort par le Vlams Blok, il est install\u00e9, \u00e9quip\u00e9, (voyez les magnifiques barri\u00e8res de 4 m de haut avec lames de rasoirs), il est lou\u00e9 \u00e0 BIAC SA (dont 75% des parts sont d\u00e9tenues par un consortium d\u2019investisseurs priv\u00e9s).il va \u00eatre g\u00e9r\u00e9 et du personnel va y travailler, pour que des migrants non d\u00e9sirables en Belgique puissent continuer \u00e0 \u00eatre enferm\u00e9s, isol\u00e9s, criminalis\u00e9s, cass\u00e9s, humili\u00e9s,.expuls\u00e9s.<\/p>\n<p>&nbsp;<\/p>\n<p style=\"text-align: justify;\"><strong>Vive la journ\u00e9e internationale des migrants !<\/strong><\/p>\n<p>&nbsp;<\/p>\n<p style=\"text-align: justify;\">Ginou 19 d\u00e9cembre 2011<\/p>\n<p><iframe src=\"\/\/www.youtube.com\/embed\/5kqlCUheERI\" height=\"315\" width=\"420\" allowfullscreen=\"\" frameborder=\"0\"><\/iframe><\/p>\n<p><a href=\"http:\/\/bxl.indymedia.org\/articles\/3499\">Rassemblement contre le nouveau centre ferm\u00e9 \u00ab le Caricole \u00bb \u00e0 Steenokkerzeel<\/a><\/p>\n<p style=\"text-align: justify;\">Ce dimanche 18 d\u00e9cembre, 150 personnes s\u2019\u00e9taient rassembl\u00e9es \u00e0 la gare de Nossegem pour marcher vers le centre ferm\u00e9 127bis et d\u00e9couvrir le 127ter, toute nouvelle prison qui accueillera bient\u00f4t, et avec fiert\u00e9, les dangereuses personnes \u2013 femmes et enfants compris \u2013 qui sont parvenues \u00e0 p\u00e9n\u00e9trer notre sacro-saint territoire belge.<\/p>\n<p style=\"text-align: justify;\"><a href=\"http:\/\/bxl.indymedia.org\/system\/photo\/2011\/12\/19\/2379\/caricole_1.jpg\"><img decoding=\"async\" alt=\"Caricole_1-medium\" src=\"http:\/\/bxl.indymedia.org\/system\/photo\/2011\/12\/19\/2379\/caricole_1-medium.jpg?1324331637\" \/><\/a><br \/>\n<strong>1<\/strong><\/p>\n<p style=\"text-align: justify;\"><a href=\"http:\/\/bxl.indymedia.org\/system\/photo\/2011\/12\/19\/2380\/caricole_2.jpg\"><img decoding=\"async\" alt=\"Caricole_2-medium\" src=\"http:\/\/bxl.indymedia.org\/system\/photo\/2011\/12\/19\/2380\/caricole_2-medium.jpg?1324331638\" \/><\/a><br \/>\n<strong>2<\/strong><\/p>\n<p style=\"text-align: justify;\"><a href=\"http:\/\/bxl.indymedia.org\/system\/photo\/2011\/12\/19\/2381\/caricole_3.jpg\"><img decoding=\"async\" alt=\"Caricole_3-medium\" src=\"http:\/\/bxl.indymedia.org\/system\/photo\/2011\/12\/19\/2381\/caricole_3-medium.jpg?1324331638\" \/><\/a><br \/>\n<strong>3<\/strong><\/p>\n<p style=\"text-align: justify;\"><a href=\"http:\/\/bxl.indymedia.org\/system\/photo\/2011\/12\/19\/2382\/caricole_4.jpg\"><img decoding=\"async\" alt=\"Caricole_4-medium\" src=\"http:\/\/bxl.indymedia.org\/system\/photo\/2011\/12\/19\/2382\/caricole_4-medium.jpg?1324331638\" \/><\/a><br \/>\n<strong>4<\/strong><\/p>\n<p style=\"text-align: justify;\"><a href=\"http:\/\/bxl.indymedia.org\/system\/photo\/2011\/12\/19\/2383\/caricole_5.jpg\"><img decoding=\"async\" alt=\"Caricole_5-medium\" src=\"http:\/\/bxl.indymedia.org\/system\/photo\/2011\/12\/19\/2383\/caricole_5-medium.jpg?1324331638\" \/><\/a><br \/>\n<strong>5<\/strong><\/p>\n<p style=\"text-align: justify;\"><a href=\"http:\/\/bxl.indymedia.org\/system\/photo\/2011\/12\/19\/2384\/caricole_6.jpg\"><img decoding=\"async\" alt=\"Caricole_6-medium\" src=\"http:\/\/bxl.indymedia.org\/system\/photo\/2011\/12\/19\/2384\/caricole_6-medium.jpg?1324331638\" \/><\/a><br \/>\n<strong>6<\/strong><\/p>\n<p style=\"text-align: justify;\"><a href=\"http:\/\/bxl.indymedia.org\/system\/photo\/2011\/12\/19\/2385\/caricole_7.jpg\"><img decoding=\"async\" alt=\"Caricole_7-medium\" src=\"http:\/\/bxl.indymedia.org\/system\/photo\/2011\/12\/19\/2385\/caricole_7-medium.jpg?1324331638\" \/><\/a><br \/>\n<strong>7<\/strong><\/p>\n<p style=\"text-align: justify;\"><a href=\"http:\/\/bxl.indymedia.org\/system\/photo\/2011\/12\/19\/2386\/caricole_8.jpg\"><img decoding=\"async\" alt=\"Caricole_8-medium\" src=\"http:\/\/bxl.indymedia.org\/system\/photo\/2011\/12\/19\/2386\/caricole_8-medium.jpg?1324331638\" \/><\/a><br \/>\n<strong>8<\/strong><\/p>\n<p style=\"text-align: justify;\"><a href=\"http:\/\/bxl.indymedia.org\/system\/photo\/2011\/12\/19\/2387\/caricole_9.jpg\"><img decoding=\"async\" alt=\"Caricole_9-medium\" src=\"http:\/\/bxl.indymedia.org\/system\/photo\/2011\/12\/19\/2387\/caricole_9-medium.jpg?1324331638\" \/><\/a><br \/>\n<strong>9<\/strong><\/p>\n<p style=\"text-align: justify;\">Sauf que ce n\u2019\u00e9tait pas une inauguration en grande pompe avec officiels et cocktails, mais une marche solidaire de citoyens, hommes, femmes, enfants, de tous \u00e2ges et de tous bords, venus manifester leur d\u00e9saccord avec la politique inhumaine de ce pays qui emprisonne des innocents victimes des guerres \u00e9conomiques \u2013 donc politiques- globalis\u00e9es\u2026<\/p>\n<p>\u2026 et ce genre d\u2019opposition de conscience, dans notre soci\u00e9t\u00e9 d\u2019ovins esclaves de la surconsommation, nos autorit\u00e9s vassales du capital omnipotent n\u2019en veulent pas, elles la criminalise!<\/p>\n<p>D\u00e8s le d\u00e9part de la gare Centrale de Bruxelles, nos accompagnateurs en vareuse orange \u00e9taient pr\u00e9sents en masse, et les RG s\u2019assuraient du nombre et d\u2019une vue d\u2019ensemble des \u00ab\u00a0participants\u00a0\u00bb \u00e0 ce p\u00e9rilleux mouvement de soutien non-autoris\u00e9.<\/p>\n<p>L\u2019accueil \u00e0 Nossegem fut dans les normes: comptage, photos, vid\u00e9o,\u2026 mais pas de fouille cette fois\u2026<\/p>\n<p>Les barrages \u00e9taient en place, classiques: camionnettes en bas de la rue; premier cordon orange \u00e0 la sortie de la gare; robocops 100 m\u00e9tres plus loin; la cavalerie \u00e0 l\u2019entr\u00e9e du centre\u2026<br \/>\nLes manifestants s\u2019attendaient au rituel : \u00ab\u00a0vous ne passez pas\u2026 vous passez\u2026 vous ne passez plus\u2026 allez-y\u2026\u00a0\u00bb.<\/p>\n<p>Un solidaire prend la parole: les bourgmestres de Steenokkerzeel et de Zaventem ont d\u00e9cid\u00e9 de ne pas tol\u00e9rer cette marche, car les violents militants du NoBorder sont responsables des incidents pr\u00e9c\u00e9dents\u2026 Toute tentative de passer sera sanctionn\u00e9e par une arrestation et une amende de 250 \u20ac\u2026<\/p>\n<p>Et bien voil\u00e0, la strat\u00e9gie de criminalisation des militants pacifiques du NoBorder, et d\u2019autres personnes conscientes qui d\u00e9noncent le traitement inhumain des r\u00e9fugi\u00e9s, orchestr\u00e9e par le pouvoir, son bras arm\u00e9, et son porte-parole le m\u00e9dia-collabo porte ses fruits petit \u00e0 petit\u2026<\/p>\n<p>Le pr\u00e9sident de la Ligue des droits de l\u2019homme annonce un peu plus tard qu\u2019aucune n\u00e9gociation n\u2019a \u00e9t\u00e9 possible; il y a des enfants et des personnes \u00e2g\u00e9es, les manifestants d\u00e9cident de ne pas entrer dans ce jeu de provocation et d\u00e9cident de quitter les lieux. (<strong>NathD<\/strong>)<\/p>\n<h3 style=\"text-align: justify;\">Liens:<\/h3>\n<p style=\"text-align: justify;\"><img decoding=\"async\" alt=\"Link_go\" src=\"http:\/\/bxl.indymedia.org\/images\/link_go.png?1281419925\" \/> <a href=\"http:\/\/youtu.be\/5kqlCUheERI\">VIDEO: Non au centre ferm\u00e9 la caricole! <\/a><\/p>\n<p style=\"text-align: justify;\">Rassemblement contre le nouveau centre ferm\u00e9 \u00ab le Caricole \u00bb \u00e0 Steenokkerzeel NON \u00e0 l\u2019enfermement! \u2026<\/p>\n","protected":false},"excerpt":{"rendered":"<p>&nbsp; &nbsp; 18 d\u00e9cembre journ\u00e9e internationale des migrants\u00a0! &nbsp; Et pendant ce temps l\u00e0\u2026 &nbsp; Alors qu\u2019\u00e0 Bruxelles on organise des films, des discours et des d\u00e9bats comme l\u2019Assembl\u00e9e populaire \u00ab Migrants acteurs de citoyennet\u00e9 \u00bb, &nbsp; Alors qu\u2019Annemie Turtelboom (Ministre de la Justice B)se fend d\u2019un discours dont un voici un petit extrait \u00ab &#8230; <a title=\"Journ\u00e9e internationale des migrants ! Et pendant ce temps l\u00e0\u2026\" class=\"read-more\" href=\"https:\/\/bruxelles-pantheres.be\/?p=1453\" aria-label=\"En savoir plus sur Journ\u00e9e internationale des migrants ! Et pendant ce temps l\u00e0\u2026\">Lire la suite<\/a><\/p>\n","protected":false},"author":1,"featured_media":446,"comment_status":"open","ping_status":"open","sticky":false,"template":"","format":"standard","meta":{"footnotes":""},"categories":[21,8,28,39,5],"tags":[31,14,23,13],"class_list":["post-1453","post","type-post","status-publish","format-standard","has-post-thumbnail","hentry","category-anti-imperialisme","category-prisons","category-racismes","category-sans-papier","category-violence-policiere","tag-belgique","tag-bruxelles","tag-discrimination","tag-nordine-saidi"],"_links":{"self":[{"href":"https:\/\/bruxelles-pantheres.be\/index.php?rest_route=\/wp\/v2\/posts\/1453","targetHints":{"allow":["GET"]}}],"collection":[{"href":"https:\/\/bruxelles-pantheres.be\/index.php?rest_route=\/wp\/v2\/posts"}],"about":[{"href":"https:\/\/bruxelles-pantheres.be\/index.php?rest_route=\/wp\/v2\/types\/post"}],"author":[{"embeddable":true,"href":"https:\/\/bruxelles-pantheres.be\/index.php?rest_route=\/wp\/v2\/users\/1"}],"replies":[{"embeddable":true,"href":"https:\/\/bruxelles-pantheres.be\/index.php?rest_route=%2Fwp%2Fv2%2Fcomments&post=1453"}],"version-history":[{"count":1,"href":"https:\/\/bruxelles-pantheres.be\/index.php?rest_route=\/wp\/v2\/posts\/1453\/revisions"}],"predecessor-version":[{"id":1454,"href":"https:\/\/bruxelles-pantheres.be\/index.php?rest_route=\/wp\/v2\/posts\/1453\/revisions\/1454"}],"wp:featuredmedia":[{"embeddable":true,"href":"https:\/\/bruxelles-pantheres.be\/index.php?rest_route=\/wp\/v2\/media\/446"}],"wp:attachment":[{"href":"https:\/\/bruxelles-pantheres.be\/index.php?rest_route=%2Fwp%2Fv2%2Fmedia&parent=1453"}],"wp:term":[{"taxonomy":"category","embeddable":true,"href":"https:\/\/bruxelles-pantheres.be\/index.php?rest_route=%2Fwp%2Fv2%2Fcategories&post=1453"},{"taxonomy":"post_tag","embeddable":true,"href":"https:\/\/bruxelles-pantheres.be\/index.php?rest_route=%2Fwp%2Fv2%2Ftags&post=1453"}],"curies":[{"name":"wp","href":"https:\/\/api.w.org\/{rel}","templated":true}]}}