{"id":1457,"date":"2011-12-17T22:59:00","date_gmt":"2011-12-17T21:59:00","guid":{"rendered":"https:\/\/bruxelles-pantheres.be\/?p=1457"},"modified":"2013-11-26T23:06:03","modified_gmt":"2013-11-26T22:06:03","slug":"printemps-des-quartiers-discours-douverture","status":"publish","type":"post","link":"https:\/\/bruxelles-pantheres.be\/?p=1457","title":{"rendered":"\u00ab Printemps des quartiers \u00bb Discours d\u2019ouverture"},"content":{"rendered":"<div><a title=\"\" href=\"http:\/\/artdelapaix.over-blog.com\/article-printemps-des-quartiers-discours-d-ouverture-et-diaporama-photos-92017970.html\"> \u00ab\u00a0Printemps des quartiers\u00a0\u00bb Discours d\u2019ouverture et diaporama photos. <\/a><\/div>\n<p>&nbsp;<\/p>\n<div>Nous sommes aujourd\u2019hui ici\u00a0 au premier meeting de printemps des quartiers populaires et nous le Groupe des Associations de Bagnolet, nous sommes heureux d\u2019accueillir cette initiative \u00e0 Bagnolet dans une ville de Seine Saint-Denis.<\/div>\n<p>&nbsp;<\/p>\n<p>C\u2019est un d\u00e9partement embl\u00e9matique dans l\u2019histoire des quartiers populaires en France, c\u2019est aussi dans ce d\u00e9partement qu\u2019a d\u00e9but\u00e9 la r\u00e9volte de 2005 dans la ville de Clichy sous Bois le 27 octobre 2005, c\u2019est d\u2019ailleurs \u00e0 la date anniversaire le 27 octobre 2011 que l\u2019appel \u00ab\u00a0printemps des quartiers\u00a0\u00bb\u00a0 a \u00e9t\u00e9 lanc\u00e9 sur le site de M\u00e9diapart.<\/p>\n<p>&nbsp;<\/p>\n<p>Alors pourquoi se joindre \u00e0 cette initiative\u00a0? Pour nous en tant que groupe d\u2019associations qui milite dans les quartiers il nous a paru tout de suite \u00e9vident que nous devions nous joindre \u00e0 cette initiative.<!--more--><\/p>\n<p>&nbsp;<\/p>\n<p>Notre exp\u00e9rience de terrain dans les quartiers, ici, \u00e0 Bagnolet sur les questions d\u2019islamophobie, de violence polici\u00e8re et surtout la cause palestinienne\u00a0est une source premi\u00e8re de motivation pour nous joindre \u00e0 cette initiative.<\/p>\n<p>&nbsp;<\/p>\n<p>Mais c\u2019est \u00e0 travers ces combats que nous avons acquis la certitude que la question des quartiers populaires ne peut \u00eatre pleinement accomplie que si nous nous impliquons dans des dynamiques politiques au niveau national\u00a0! Nous le savons trop bien, un travail de terrain doit se conjuguer avec un travail \u00e0 l\u2019\u00e9chelle nationale et surtout inter-quartiers.<\/p>\n<p>&nbsp;<\/p>\n<p>Nous l\u2019avons vu avec les r\u00e9voltes de 2005 qui se sont d\u00e9roul\u00e9es sur tout le territoire quasi simultan\u00e9ment durant 3 semaines, certes il existe des diff\u00e9rences entre les quartiers mais les conditions qui ont d\u00e9clench\u00e9 ces r\u00e9voltes sont les m\u00eames partout.<\/p>\n<p>&nbsp;<\/p>\n<p>Mais plus encore, un \u00e9v\u00e8nement a particuli\u00e8rement retenu notre attention \u00e0 Villier le bel. Les fr\u00e8res Adama et Aberhamane Kamara, ont \u00e9t\u00e9 condamn\u00e9s \u00e0 des peines respectives de 12 et 15 ans de prison.<\/p>\n<p>&nbsp;<\/p>\n<p>C\u2019est pour nous clairement un proc\u00e8s politique, on a voulu par ce jugement dire aux populations des quartiers populaires \u00ab\u00a0voil\u00e0 votre sort si vous vous r\u00e9voltez \u00e0 nouveau,\u00a0\u00bb alors que dans le m\u00eame temps les policiers ne sont pas condamn\u00e9s.<\/p>\n<p>&nbsp;<\/p>\n<p>Ces verdicts sur la base d\u2019un t\u00e9moignage anonyme r\u00e9mun\u00e9r\u00e9, nous montre une nouvelle m\u00e9thode de r\u00e9pression pour \u00e9touffer toute capacit\u00e9 de r\u00e9volte dans les quartiers.<\/p>\n<p>&nbsp;<\/p>\n<p>Les violences polici\u00e8res, les propos racistes des dirigeants politiques et maintenant la r\u00e9pression judiciaire sont autant d\u2019\u00e9l\u00e9ments qui montrent la pertinence d\u2019une r\u00e9ponse politique organis\u00e9e au niveau national durant \u00a0la campagne pr\u00e9sidentielle.<\/p>\n<p>&nbsp;<\/p>\n<p>Pour leur montrer que nous ne l\u00e2cherons pas, et que surtout nous ne laisserons pas les politiques de tous bords faire \u00e0 nouveau campagne sur le dos des quartiers populaires.<\/p>\n<p>&nbsp;<\/p>\n<p><strong>Le G.A.B (Groupe des Associations de Bagnolet):<\/strong><\/p>\n<p>&nbsp;<\/p>\n<p><strong>-Groupe Frantz Fanon<\/strong><\/p>\n<p>&nbsp;<\/p>\n<p><strong>-Association ensemble \u00e0 Bagnolet<\/strong><\/p>\n<p>&nbsp;<\/p>\n<p><strong>-Art de la Paix<\/strong><br \/>\n<iframe src=\"\/\/www.youtube.com\/embed\/S7LAtgOVvsw\" height=\"315\" width=\"560\" allowfullscreen=\"\" frameborder=\"0\"><\/iframe><br \/>\n<iframe src=\"\/\/www.youtube.com\/embed\/UI70RnwGEUw\" height=\"315\" width=\"560\" allowfullscreen=\"\" frameborder=\"0\"><\/iframe><br \/>\n<iframe src=\"\/\/www.youtube.com\/embed\/njKPmc8FngU\" height=\"315\" width=\"560\" allowfullscreen=\"\" frameborder=\"0\"><\/iframe><br \/>\n<iframe src=\"\/\/www.youtube.com\/embed\/cDuiWuhWnCQ\" height=\"315\" width=\"560\" allowfullscreen=\"\" frameborder=\"0\"><\/iframe><br \/>\n<iframe src=\"\/\/www.youtube.com\/embed\/5AfzFHsDEI0\" height=\"315\" width=\"560\" allowfullscreen=\"\" frameborder=\"0\"><\/iframe><br \/>\n<iframe src=\"\/\/www.youtube.com\/embed\/dNidMtgidmg\" height=\"315\" width=\"560\" allowfullscreen=\"\" frameborder=\"0\"><\/iframe><br \/>\n<iframe src=\"\/\/www.youtube.com\/embed\/j_lMcMbJKbE\" height=\"315\" width=\"560\" allowfullscreen=\"\" frameborder=\"0\"><\/iframe><br \/>\n<iframe src=\"\/\/www.youtube.com\/embed\/XTeSWtVFB7w\" height=\"315\" width=\"560\" allowfullscreen=\"\" frameborder=\"0\"><\/iframe><br \/>\n<iframe src=\"\/\/www.youtube.com\/embed\/VNcdnZJfzdk\" height=\"315\" width=\"560\" allowfullscreen=\"\" frameborder=\"0\"><\/iframe><br \/>\n<iframe src=\"\/\/www.youtube.com\/embed\/U5_LZw_vZ0A\" height=\"315\" width=\"560\" allowfullscreen=\"\" frameborder=\"0\"><\/iframe><br \/>\n<iframe src=\"\/\/www.youtube.com\/embed\/iHOqRCCVUTA\" height=\"315\" width=\"560\" allowfullscreen=\"\" frameborder=\"0\"><\/iframe><br \/>\n<iframe src=\"\/\/www.youtube.com\/embed\/DZ2_k8ORLdY\" height=\"315\" width=\"560\" allowfullscreen=\"\" frameborder=\"0\"><\/iframe><br \/>\n<iframe src=\"\/\/www.youtube.com\/embed\/WQQY2CG6vZA\" height=\"315\" width=\"560\" allowfullscreen=\"\" frameborder=\"0\"><\/iframe><\/p>\n","protected":false},"excerpt":{"rendered":"<p>\u00ab\u00a0Printemps des quartiers\u00a0\u00bb Discours d\u2019ouverture et diaporama photos. &nbsp; Nous sommes aujourd\u2019hui ici\u00a0 au premier meeting de printemps des quartiers populaires et nous le Groupe des Associations de Bagnolet, nous sommes heureux d\u2019accueillir cette initiative \u00e0 Bagnolet dans une ville de Seine Saint-Denis. &nbsp; C\u2019est un d\u00e9partement embl\u00e9matique dans l\u2019histoire des quartiers populaires en France, &#8230; <a title=\"\u00ab Printemps des quartiers \u00bb Discours d\u2019ouverture\" class=\"read-more\" href=\"https:\/\/bruxelles-pantheres.be\/?p=1457\" aria-label=\"En savoir plus sur \u00ab Printemps des quartiers \u00bb Discours d\u2019ouverture\">Lire la suite<\/a><\/p>\n","protected":false},"author":1,"featured_media":47,"comment_status":"open","ping_status":"open","sticky":false,"template":"","format":"standard","meta":{"footnotes":""},"categories":[21,36,4,7,8,18,28,37,39,5],"tags":[31,14,32,23,13,19,54,15,9],"class_list":["post-1457","post","type-post","status-publish","format-standard","has-post-thumbnail","hentry","category-anti-imperialisme","category-europe","category-islamophobie","category-negrophobie","category-prisons","category-resistance-bruxelles","category-racismes","category-romophobie","category-sans-papier","category-violence-policiere","tag-belgique","tag-bruxelles","tag-culture","tag-discrimination","tag-nordine-saidi","tag-pauvrete","tag-police","tag-resistance","tag-voile"],"_links":{"self":[{"href":"https:\/\/bruxelles-pantheres.be\/index.php?rest_route=\/wp\/v2\/posts\/1457","targetHints":{"allow":["GET"]}}],"collection":[{"href":"https:\/\/bruxelles-pantheres.be\/index.php?rest_route=\/wp\/v2\/posts"}],"about":[{"href":"https:\/\/bruxelles-pantheres.be\/index.php?rest_route=\/wp\/v2\/types\/post"}],"author":[{"embeddable":true,"href":"https:\/\/bruxelles-pantheres.be\/index.php?rest_route=\/wp\/v2\/users\/1"}],"replies":[{"embeddable":true,"href":"https:\/\/bruxelles-pantheres.be\/index.php?rest_route=%2Fwp%2Fv2%2Fcomments&post=1457"}],"version-history":[{"count":1,"href":"https:\/\/bruxelles-pantheres.be\/index.php?rest_route=\/wp\/v2\/posts\/1457\/revisions"}],"predecessor-version":[{"id":1458,"href":"https:\/\/bruxelles-pantheres.be\/index.php?rest_route=\/wp\/v2\/posts\/1457\/revisions\/1458"}],"wp:featuredmedia":[{"embeddable":true,"href":"https:\/\/bruxelles-pantheres.be\/index.php?rest_route=\/wp\/v2\/media\/47"}],"wp:attachment":[{"href":"https:\/\/bruxelles-pantheres.be\/index.php?rest_route=%2Fwp%2Fv2%2Fmedia&parent=1457"}],"wp:term":[{"taxonomy":"category","embeddable":true,"href":"https:\/\/bruxelles-pantheres.be\/index.php?rest_route=%2Fwp%2Fv2%2Fcategories&post=1457"},{"taxonomy":"post_tag","embeddable":true,"href":"https:\/\/bruxelles-pantheres.be\/index.php?rest_route=%2Fwp%2Fv2%2Ftags&post=1457"}],"curies":[{"name":"wp","href":"https:\/\/api.w.org\/{rel}","templated":true}]}}