{"id":1461,"date":"2011-12-12T23:09:20","date_gmt":"2011-12-12T22:09:20","guid":{"rendered":"https:\/\/bruxelles-pantheres.be\/?p=1461"},"modified":"2013-11-26T23:11:16","modified_gmt":"2013-11-26T22:11:16","slug":"rassemblement-contre-le-nouveau-centre-ferme-le-caricole-a-steenokkerzeel","status":"publish","type":"post","link":"https:\/\/bruxelles-pantheres.be\/?p=1461","title":{"rendered":"Rassemblement contre le nouveau centre ferm\u00e9 \u00ab le Caricole \u00bb \u00e0 Steenokkerzeel"},"content":{"rendered":"<p>&nbsp;<\/p>\n<div class=\"entry-content\">\n<p><a href=\"http:\/\/bxl.indymedia.org\/system\/photo\/2011\/12\/01\/2268\/caricflyerfr.jpg\"><img decoding=\"async\" class=\"aligncenter\" alt=\"Caricflyerfr-medium\" src=\"http:\/\/bxl.indymedia.org\/system\/photo\/2011\/12\/01\/2268\/caricflyerfr-medium.jpg?1322758912\" \/><\/a><\/p>\n<h3 style=\"text-align: left;\">Rassemblement contre le nouveau centre ferm\u00e9 \u00ab\u00a0le Caricole\u00a0\u00bb \u00e0 Steenokkerzeel<\/h3>\n<p>&nbsp;<\/p>\n<div>\n<p><strong>NON \u00e0 l\u2019enfermement!<\/strong><\/p>\n<p><em>Un nouveau centre ferm\u00e9, surnomm\u00e9 \u00ab Caricole \u00bb en raison de sa forme de spirale, sera tr\u00e8s prochainement inaugur\u00e9 \u00e0 Steenokkerzeel, \u00e0 deux pas du 127bis. Une prison de plus pour enfermer des hommes, des femmes et des enfants qui n\u2019ont fait qu\u2019essayer d\u2019am\u00e9liorer leur existence ou de fuir des situations intenables.<\/em><br \/>\n<strong>NON \u00e0 l\u2019enfermement!<\/strong><\/p>\n<p>Le plus ancien centre ferm\u00e9 de Belgique (le 127) \u00e9tait un b\u00e2timent de fortune. Apr\u00e8s 23 ans de provisoire, de condamnations de la Belgique pour sa gestion particuli\u00e8rement inhumaine de la d\u00e9portation des migrants, ce Caricole flambant neuf, vient remplacer par son concept architectural nouveau, les pr\u00e9fabriqu\u00e9s du 127 et le local INAD, moyennant la bagatelle de 10 millions d\u2019euros. On r\u00eave de tels budgets pour tenter de r\u00e9soudre la crise de l\u2019accueil.<\/p>\n<p>Faut-il se r\u00e9jouir avec ceux qui viendront sabrer le champagne \u00e0 Steenokkerzeel courant d\u00e9cembre de la mise en fonction de cette nouvelle prison mod\u00e8le\u00a0?<!--more--><\/p>\n<p><strong>NON<\/strong>\u00a0: Parce que sous couvert de meilleures conditions de d\u00e9tention, ce panoptique tr\u00e8s s\u00e9curis\u00e9 se donne apparemment aussi pour fonction d\u2019isoler les \u00ab\u00a0cas difficiles\u00a0\u00bb.<br \/>\n<strong>NON<\/strong>\u00a0: Parce que ce centre vient encore un peu plus , en application de directives europ\u00e9ennes parfaitement honteuses, p\u00e9renniser le principe m\u00eame de l\u2019enferment des migrants dont nous ne voulons sous aucune condition.<br \/>\n<strong>NON<\/strong>\u00a0: Parce que les directives Europ\u00e9ennes et des pressions politiques dans notre pays ont incit\u00e9 notre ministre de migration de faire une r\u00e9forme de la proc\u00e9dure de demande d\u2019asile, qui permet un rejet plus rapide des requ\u00e9rants vers des pays dits \u00ab\u00a0pays s\u00fbr\u00a0\u00bb emp\u00eachant pratiquement tout recours de la part de ces r\u00e9fugies expuls\u00e9s.<br \/>\n<strong>NON<\/strong>\u00a0: Parce que depuis la circulaire du 10 juin 2011 du Secr\u00e9taire d\u2019Etat \u00e0 la politique d\u2019asile et d\u2019immigration, qui \u00e9largit les pouvoirs et les obligations des communes en mati\u00e8re de contr\u00f4le des personnes ayant introduit une demande de r\u00e9gularisation, des sans papiers se font arr\u00eater \u00e0 domicile ou par ruse lors de convocations \u00ab\u00a0bidons\u00a0\u00bb, sans avoir l\u2019occasion de faire valoir leurs droit \u00e0 se d\u00e9fendre.<br \/>\n<strong>NON<\/strong>\u00a0: Parce que pr\u00e9tendre humaniser une politique qui pi\u00e9tine en soi les droits les plus fondamentaux n\u2019a aucun sens et ne peut \u00eatre le fait que d\u2019une soci\u00e9t\u00e9 de plus en plus inhumaine.<\/p>\n<p><strong>-Pour des migrations libres<br \/>\n-Pour la Libert\u00e9 de circulation et d\u2019installation pour tous et toutes<br \/>\n-Non \u00e0 la criminalisation des sans papiers et demandeurs d\u2019asile<br \/>\n-Non au \u00ab\u00a0Caricole\u00a0\u00bb et \u00e0 tous les centres ferm\u00e9s<br \/>\n-Tout enfermement est inhumain<\/strong><\/p>\n<h3>Pi\u00e8ces Jointes<\/h3>\n<p><img decoding=\"async\" alt=\"Report\" src=\"http:\/\/bxl.indymedia.org\/images\/report.png?1281419925\" \/> <a href=\"http:\/\/bxl.indymedia.org\/system\/file_upload\/2011\/12\/01\/148\/caricflyerfr.pdf\">Tracte<\/a><\/p>\n<\/div>\n<p>&nbsp;<\/p>\n<p>&nbsp;<\/p>\n<p><a href=\"http:\/\/www.egalite.be\/?p=1256\">photos : Nordine Sa\u00efdi ( 27 novembre 2011 )<\/a><\/p>\n<p><a href=\"http:\/\/www.egalite.be\/wp-content\/uploads\/2011\/12\/KIF_8770.jpg\"><img decoding=\"async\" class=\"aligncenter size-medium wp-image-1257\" title=\"KIF_8770\" alt=\"\" src=\"http:\/\/www.egalite.be\/wp-content\/uploads\/2011\/12\/KIF_8770-300x224.jpg\" width=\"300\" height=\"224\" \/><\/a><a href=\"http:\/\/www.egalite.be\/wp-content\/uploads\/2011\/12\/KIF_8772.jpg\"><img decoding=\"async\" class=\"aligncenter size-medium wp-image-1259\" title=\"KIF_8772\" alt=\"\" src=\"http:\/\/www.egalite.be\/wp-content\/uploads\/2011\/12\/KIF_8772-300x224.jpg\" width=\"300\" height=\"224\" \/><\/a><\/p>\n<p><a href=\"http:\/\/www.egalite.be\/wp-content\/uploads\/2011\/12\/KIF_8777.jpg\"><img decoding=\"async\" class=\"aligncenter size-medium wp-image-1263\" title=\"KIF_8777\" alt=\"\" src=\"http:\/\/www.egalite.be\/wp-content\/uploads\/2011\/12\/KIF_8777-300x224.jpg\" width=\"300\" height=\"224\" \/><\/a><a href=\"http:\/\/www.egalite.be\/wp-content\/uploads\/2011\/12\/KIF_8776.jpg\"><img decoding=\"async\" class=\"aligncenter size-medium wp-image-1262\" title=\"KIF_8776\" alt=\"\" src=\"http:\/\/www.egalite.be\/wp-content\/uploads\/2011\/12\/KIF_8776-300x224.jpg\" width=\"300\" height=\"224\" \/><\/a><\/p>\n<p><a href=\"http:\/\/www.egalite.be\/wp-content\/uploads\/2011\/12\/KIF_8784.jpg\"><img decoding=\"async\" class=\"aligncenter size-medium wp-image-1270\" title=\"KIF_8784\" alt=\"\" src=\"http:\/\/www.egalite.be\/wp-content\/uploads\/2011\/12\/KIF_8784-300x224.jpg\" width=\"300\" height=\"224\" \/><\/a><\/p>\n<p><a href=\"http:\/\/www.egalite.be\/wp-content\/uploads\/2011\/12\/KIF_8782.jpg\"><img decoding=\"async\" class=\"aligncenter size-medium wp-image-1268\" title=\"KIF_8782\" alt=\"\" src=\"http:\/\/www.egalite.be\/wp-content\/uploads\/2011\/12\/KIF_8782-300x224.jpg\" width=\"300\" height=\"224\" \/><\/a><\/p>\n<p><a href=\"http:\/\/www.egalite.be\/wp-content\/uploads\/2011\/12\/KIF_8778.jpg\"><img decoding=\"async\" class=\"aligncenter size-medium wp-image-1264\" title=\"KIF_8778\" alt=\"\" src=\"http:\/\/www.egalite.be\/wp-content\/uploads\/2011\/12\/KIF_8778-300x224.jpg\" width=\"300\" height=\"224\" \/><\/a><\/p>\n<p><a href=\"http:\/\/www.egalite.be\/wp-content\/uploads\/2011\/12\/KIF_8783.jpg\"><img decoding=\"async\" class=\"aligncenter size-medium wp-image-1269\" title=\"KIF_8783\" alt=\"\" src=\"http:\/\/www.egalite.be\/wp-content\/uploads\/2011\/12\/KIF_8783-300x224.jpg\" width=\"300\" height=\"224\" \/><\/a><a href=\"http:\/\/www.egalite.be\/wp-content\/uploads\/2011\/12\/KIF_8781.jpg\"><img decoding=\"async\" class=\"aligncenter size-medium wp-image-1267\" title=\"KIF_8781\" alt=\"\" src=\"http:\/\/www.egalite.be\/wp-content\/uploads\/2011\/12\/KIF_8781-300x224.jpg\" width=\"300\" height=\"224\" \/><\/a><a href=\"http:\/\/www.egalite.be\/wp-content\/uploads\/2011\/12\/KIF_8780.jpg\"><img decoding=\"async\" class=\"aligncenter size-medium wp-image-1266\" title=\"KIF_8780\" alt=\"\" src=\"http:\/\/www.egalite.be\/wp-content\/uploads\/2011\/12\/KIF_8780-300x224.jpg\" width=\"300\" height=\"224\" \/><\/a><a href=\"http:\/\/www.egalite.be\/wp-content\/uploads\/2011\/12\/KIF_8779.jpg\"><img decoding=\"async\" class=\"aligncenter size-medium wp-image-1265\" title=\"KIF_8779\" alt=\"\" src=\"http:\/\/www.egalite.be\/wp-content\/uploads\/2011\/12\/KIF_8779-300x224.jpg\" width=\"300\" height=\"224\" \/><\/a><\/p>\n<\/div>\n","protected":false},"excerpt":{"rendered":"<p>&nbsp; Rassemblement contre le nouveau centre ferm\u00e9 \u00ab\u00a0le Caricole\u00a0\u00bb \u00e0 Steenokkerzeel &nbsp; NON \u00e0 l\u2019enfermement! Un nouveau centre ferm\u00e9, surnomm\u00e9 \u00ab Caricole \u00bb en raison de sa forme de spirale, sera tr\u00e8s prochainement inaugur\u00e9 \u00e0 Steenokkerzeel, \u00e0 deux pas du 127bis. Une prison de plus pour enfermer des hommes, des femmes et des enfants qui &#8230; <a title=\"Rassemblement contre le nouveau centre ferm\u00e9 \u00ab le Caricole \u00bb \u00e0 Steenokkerzeel\" class=\"read-more\" href=\"https:\/\/bruxelles-pantheres.be\/?p=1461\" aria-label=\"En savoir plus sur Rassemblement contre le nouveau centre ferm\u00e9 \u00ab le Caricole \u00bb \u00e0 Steenokkerzeel\">Lire la suite<\/a><\/p>\n","protected":false},"author":1,"featured_media":297,"comment_status":"open","ping_status":"open","sticky":false,"template":"","format":"standard","meta":{"footnotes":""},"categories":[24,36,8,18,28,39],"tags":[31,23,54,15,29],"class_list":["post-1461","post","type-post","status-publish","format-standard","has-post-thumbnail","hentry","category-belgique-maroc","category-europe","category-prisons","category-resistance-bruxelles","category-racismes","category-sans-papier","tag-belgique","tag-discrimination","tag-police","tag-resistance","tag-torture"],"_links":{"self":[{"href":"https:\/\/bruxelles-pantheres.be\/index.php?rest_route=\/wp\/v2\/posts\/1461","targetHints":{"allow":["GET"]}}],"collection":[{"href":"https:\/\/bruxelles-pantheres.be\/index.php?rest_route=\/wp\/v2\/posts"}],"about":[{"href":"https:\/\/bruxelles-pantheres.be\/index.php?rest_route=\/wp\/v2\/types\/post"}],"author":[{"embeddable":true,"href":"https:\/\/bruxelles-pantheres.be\/index.php?rest_route=\/wp\/v2\/users\/1"}],"replies":[{"embeddable":true,"href":"https:\/\/bruxelles-pantheres.be\/index.php?rest_route=%2Fwp%2Fv2%2Fcomments&post=1461"}],"version-history":[{"count":1,"href":"https:\/\/bruxelles-pantheres.be\/index.php?rest_route=\/wp\/v2\/posts\/1461\/revisions"}],"predecessor-version":[{"id":1462,"href":"https:\/\/bruxelles-pantheres.be\/index.php?rest_route=\/wp\/v2\/posts\/1461\/revisions\/1462"}],"wp:featuredmedia":[{"embeddable":true,"href":"https:\/\/bruxelles-pantheres.be\/index.php?rest_route=\/wp\/v2\/media\/297"}],"wp:attachment":[{"href":"https:\/\/bruxelles-pantheres.be\/index.php?rest_route=%2Fwp%2Fv2%2Fmedia&parent=1461"}],"wp:term":[{"taxonomy":"category","embeddable":true,"href":"https:\/\/bruxelles-pantheres.be\/index.php?rest_route=%2Fwp%2Fv2%2Fcategories&post=1461"},{"taxonomy":"post_tag","embeddable":true,"href":"https:\/\/bruxelles-pantheres.be\/index.php?rest_route=%2Fwp%2Fv2%2Ftags&post=1461"}],"curies":[{"name":"wp","href":"https:\/\/api.w.org\/{rel}","templated":true}]}}