{"id":1491,"date":"2011-11-23T00:12:29","date_gmt":"2011-11-22T23:12:29","guid":{"rendered":"https:\/\/bruxelles-pantheres.be\/?p=1491"},"modified":"2013-11-27T00:14:02","modified_gmt":"2013-11-26T23:14:02","slug":"loi-anti-voile-integral-devant-la-cour-constitutionnelle","status":"publish","type":"post","link":"https:\/\/bruxelles-pantheres.be\/?p=1491","title":{"rendered":"loi \u201canti-voile int\u00e9gral\u201d devant la Cour constitutionnelle."},"content":{"rendered":"<h3>Loi \u201canti-voile int\u00e9gral\u201d :<\/h3>\n<h3>Justice and Democracy saisit la Cour constitutionnelle<\/h3>\n<p>source : mail de info@justicedemocracy.org, le 19\/11\/2011<\/p>\n<p><strong>\u2014\u2013&gt;&gt;&gt; <strong>d\u00e9but du mail<\/strong><\/strong><\/p>\n<p align=\"left\"><em><strong>D\u2019avance merci pour votre aimable contribution \u00e0 la\u00a0diffusion\u00a0de cette communication<\/strong><\/em><\/p>\n<p align=\"left\"><strong>COMMUNIQUE DE PRESSE<!--more--><\/strong><\/p>\n<p style=\"text-align: justify;\" align=\"left\">Madame, Monsieur,<\/p>\n<p style=\"text-align: justify;\" align=\"left\"><strong>Justice and Democracy<\/strong> (en abr\u00e9g\u00e9 <strong>J&amp;D<\/strong>) est une <strong>association<\/strong> sans but lucratif, <strong>non confessionnelle<\/strong>, a pour but de <strong>contribuer<\/strong>, en fonction de ses moyens et priorit\u00e9s, \u00e0 <strong>faire reculer l\u2019injustice<\/strong> et les atteintes aux <strong>droits humains<\/strong>.<\/p>\n<p style=\"text-align: justify;\" align=\"left\">Elle d\u00e9fend les principes d\u2019<strong>\u00e9galit\u00e9<\/strong>, de <strong>non-discrimination<\/strong>, de <strong>libert\u00e9<\/strong>, sur lesquels se fondent les soci\u00e9t\u00e9s d\u00e9mocratiques.<\/p>\n<p style=\"text-align: justify;\" align=\"left\">J&amp;D consid\u00e8re que la concr\u00e9tisation de ses objectifs passe notamment par l\u2019<strong>introduction d\u2019actions en justice<\/strong> contre les <strong>atteintes aux droits fondamentaux<\/strong> et par la r\u00e9alisation d\u2019<strong>actions d\u2019\u00e9ducation permanente<\/strong>.<\/p>\n<p style=\"text-align: justify;\" align=\"left\">D\u00e8s son entr\u00e9e en vigueur, nous avons pris la d\u00e9cision de contester la loi du 1<sup>er<\/sup> juin 2011 <em>\u00ab visant \u00e0 interdire le port de tout v\u00eatement cachant totalement ou de mani\u00e8re principale le visage \u00bb<\/em> ou <strong>loi \u201canti-voile int\u00e9gral\u201d<\/strong> devant la Cour constitutionnelle.<\/p>\n<p style=\"text-align: justify;\" align=\"left\">Cette loi est n\u00e9e dans un contexte de grave d\u00e9ficit en mati\u00e8re de d\u00e9bat d\u00e9mocratique et contradictoire. Les d\u00e9put\u00e9s qui l\u2019ont propos\u00e9e, ainsi que toutes celles et ceux qui l\u2019ont vot\u00e9e, ont voulu poser un acte politique allant dans le sens du populisme ambiant et des sentiments x\u00e9nophobes grandissant ces derni\u00e8res ann\u00e9es dans nos soci\u00e9t\u00e9s europ\u00e9ennes.<\/p>\n<p style=\"text-align: justify;\" align=\"left\">Cette loi, pr\u00e9sent\u00e9e comme ciblant un groupe particulier de personnes, s\u2019attaque en r\u00e9alit\u00e9 aux droits et libert\u00e9s fondamentaux de tous. Les travaux pr\u00e9paratoires en t\u00e9moignent largement. Bien que la Cour constitutionnelle ait rejet\u00e9, dans son arr\u00eat du 5 octobre 2011, une demande en suspension introduite par deux requ\u00e9rantes le 26 juillet 2011, nous restons convaincus de l\u2019existence de moyens s\u00e9rieux devant conduire \u00e0 l\u2019annulation de cette loi.<\/p>\n<p style=\"text-align: justify;\" align=\"left\"><strong>C\u2019est pourquoi, le 14 novembre 2011, nous avons introduit un recours en ce sens aupr\u00e8s de la Cour constitutionnelle.<\/strong><\/p>\n<p style=\"text-align: justify;\">Pour<strong> Justice and Democracy<\/strong> asbl :<\/p>\n<p style=\"text-align: justify;\" align=\"left\">Abdelghani BEN MOUSSA<\/p>\n<p style=\"text-align: justify;\" align=\"left\">Mehmet Alparslan SAYGIN<\/p>\n<p style=\"text-align: justify;\" align=\"left\"><em>Administrateurs<\/em><\/p>\n<p style=\"text-align: justify;\" align=\"left\">Bruxelles, le 18 novembre 2011<\/p>\n<p style=\"text-align: justify;\" align=\"left\">Texte du recours en annulation disponible sur <a href=\"http:\/\/www.justicedemocracy.org\/2011\/11\/18\/loi-anti-voile-integral-jd-saisit-la-cour-constitutionnelle\/\" target=\"_blank\">www.justicedemocracy.org<\/a><\/p>\n<p style=\"text-align: justify;\" align=\"left\">Contact : <a href=\"mailto:info@justicedemocracy.org\" target=\"_blank\">info@justicedemocracy.org<\/a><\/p>\n<p style=\"text-align: justify;\" align=\"left\"><strong>fin du mail &lt;&lt;&lt;\u2014\u2013<\/strong><\/p>\n","protected":false},"excerpt":{"rendered":"<p>Loi \u201canti-voile int\u00e9gral\u201d : Justice and Democracy saisit la Cour constitutionnelle source : mail de info@justicedemocracy.org, le 19\/11\/2011 \u2014\u2013&gt;&gt;&gt; d\u00e9but du mail D\u2019avance merci pour votre aimable contribution \u00e0 la\u00a0diffusion\u00a0de cette communication COMMUNIQUE DE PRESSE<\/p>\n","protected":false},"author":1,"featured_media":222,"comment_status":"open","ping_status":"open","sticky":false,"template":"","format":"standard","meta":{"footnotes":""},"categories":[36,4,18,28],"tags":[10,31,23,15,9],"class_list":["post-1491","post","type-post","status-publish","format-standard","has-post-thumbnail","hentry","category-europe","category-islamophobie","category-resistance-bruxelles","category-racismes","tag-ecole","tag-belgique","tag-discrimination","tag-resistance","tag-voile"],"_links":{"self":[{"href":"https:\/\/bruxelles-pantheres.be\/index.php?rest_route=\/wp\/v2\/posts\/1491","targetHints":{"allow":["GET"]}}],"collection":[{"href":"https:\/\/bruxelles-pantheres.be\/index.php?rest_route=\/wp\/v2\/posts"}],"about":[{"href":"https:\/\/bruxelles-pantheres.be\/index.php?rest_route=\/wp\/v2\/types\/post"}],"author":[{"embeddable":true,"href":"https:\/\/bruxelles-pantheres.be\/index.php?rest_route=\/wp\/v2\/users\/1"}],"replies":[{"embeddable":true,"href":"https:\/\/bruxelles-pantheres.be\/index.php?rest_route=%2Fwp%2Fv2%2Fcomments&post=1491"}],"version-history":[{"count":1,"href":"https:\/\/bruxelles-pantheres.be\/index.php?rest_route=\/wp\/v2\/posts\/1491\/revisions"}],"predecessor-version":[{"id":1492,"href":"https:\/\/bruxelles-pantheres.be\/index.php?rest_route=\/wp\/v2\/posts\/1491\/revisions\/1492"}],"wp:featuredmedia":[{"embeddable":true,"href":"https:\/\/bruxelles-pantheres.be\/index.php?rest_route=\/wp\/v2\/media\/222"}],"wp:attachment":[{"href":"https:\/\/bruxelles-pantheres.be\/index.php?rest_route=%2Fwp%2Fv2%2Fmedia&parent=1491"}],"wp:term":[{"taxonomy":"category","embeddable":true,"href":"https:\/\/bruxelles-pantheres.be\/index.php?rest_route=%2Fwp%2Fv2%2Fcategories&post=1491"},{"taxonomy":"post_tag","embeddable":true,"href":"https:\/\/bruxelles-pantheres.be\/index.php?rest_route=%2Fwp%2Fv2%2Ftags&post=1491"}],"curies":[{"name":"wp","href":"https:\/\/api.w.org\/{rel}","templated":true}]}}