{"id":1493,"date":"2011-11-22T00:14:29","date_gmt":"2011-11-21T23:14:29","guid":{"rendered":"https:\/\/bruxelles-pantheres.be\/?p=1493"},"modified":"2013-11-27T00:16:57","modified_gmt":"2013-11-26T23:16:57","slug":"doudou-diene-interview-islamophobie","status":"publish","type":"post","link":"https:\/\/bruxelles-pantheres.be\/?p=1493","title":{"rendered":"Doudou DIENE \u2013 Interview Islamophobie"},"content":{"rendered":"<p>Rencontre IFESITV \u2013 <strong>Doudou Di\u00e8ne, rapporteur sp\u00e9cial de l\u2019ONU sur les formes contemporaines de racisme.<\/strong><\/p>\n<p>Il \u00e9voque dans cet entretien :<\/p>\n<p>&#8211; la crise identitaire travers\u00e9e par la France, mais aussi par l\u2019ensemble des pays occidentaux,<br \/>\n&#8211; les sources de l\u2019Islamophobie qu\u2019il situe d\u00e8s le 8e si\u00e8cle,<br \/>\n&#8211; l\u2019espoir suscit\u00e9 par les \u00e9v\u00e8nements dans les pays arabes,<br \/>\n&#8211; le pluralisme de la France que n\u2019a jamais voulu accepter l\u2019\u00e9lite politique et intellectuelle de France\u2026<!--more--><\/p>\n<p><iframe src=\"\/\/www.youtube.com\/embed\/oA08xvckQGk\" height=\"315\" width=\"560\" allowfullscreen=\"\" frameborder=\"0\"><\/iframe><\/p>\n<p><a dir=\"ltr\" title=\"http:\/\/www.ifesi.fr\" href=\"http:\/\/www.ifesi.fr\/\" target=\"_blank\" rel=\"nofollow\">http:\/\/www.ifesi.fr<\/a><\/p>\n","protected":false},"excerpt":{"rendered":"<p>Rencontre IFESITV \u2013 Doudou Di\u00e8ne, rapporteur sp\u00e9cial de l\u2019ONU sur les formes contemporaines de racisme. Il \u00e9voque dans cet entretien : &#8211; la crise identitaire travers\u00e9e par la France, mais aussi par l\u2019ensemble des pays occidentaux, &#8211; les sources de l\u2019Islamophobie qu\u2019il situe d\u00e8s le 8e si\u00e8cle, &#8211; l\u2019espoir suscit\u00e9 par les \u00e9v\u00e8nements dans les &#8230; <a title=\"Doudou DIENE \u2013 Interview Islamophobie\" class=\"read-more\" href=\"https:\/\/bruxelles-pantheres.be\/?p=1493\" aria-label=\"En savoir plus sur Doudou DIENE \u2013 Interview Islamophobie\">Lire la suite<\/a><\/p>\n","protected":false},"author":1,"featured_media":222,"comment_status":"open","ping_status":"open","sticky":false,"template":"","format":"standard","meta":{"footnotes":""},"categories":[4,28,17],"tags":[31,14,23,15,9],"class_list":["post-1493","post","type-post","status-publish","format-standard","has-post-thumbnail","hentry","category-islamophobie","category-racismes","category-video","tag-belgique","tag-bruxelles","tag-discrimination","tag-resistance","tag-voile"],"_links":{"self":[{"href":"https:\/\/bruxelles-pantheres.be\/index.php?rest_route=\/wp\/v2\/posts\/1493","targetHints":{"allow":["GET"]}}],"collection":[{"href":"https:\/\/bruxelles-pantheres.be\/index.php?rest_route=\/wp\/v2\/posts"}],"about":[{"href":"https:\/\/bruxelles-pantheres.be\/index.php?rest_route=\/wp\/v2\/types\/post"}],"author":[{"embeddable":true,"href":"https:\/\/bruxelles-pantheres.be\/index.php?rest_route=\/wp\/v2\/users\/1"}],"replies":[{"embeddable":true,"href":"https:\/\/bruxelles-pantheres.be\/index.php?rest_route=%2Fwp%2Fv2%2Fcomments&post=1493"}],"version-history":[{"count":1,"href":"https:\/\/bruxelles-pantheres.be\/index.php?rest_route=\/wp\/v2\/posts\/1493\/revisions"}],"predecessor-version":[{"id":1494,"href":"https:\/\/bruxelles-pantheres.be\/index.php?rest_route=\/wp\/v2\/posts\/1493\/revisions\/1494"}],"wp:featuredmedia":[{"embeddable":true,"href":"https:\/\/bruxelles-pantheres.be\/index.php?rest_route=\/wp\/v2\/media\/222"}],"wp:attachment":[{"href":"https:\/\/bruxelles-pantheres.be\/index.php?rest_route=%2Fwp%2Fv2%2Fmedia&parent=1493"}],"wp:term":[{"taxonomy":"category","embeddable":true,"href":"https:\/\/bruxelles-pantheres.be\/index.php?rest_route=%2Fwp%2Fv2%2Fcategories&post=1493"},{"taxonomy":"post_tag","embeddable":true,"href":"https:\/\/bruxelles-pantheres.be\/index.php?rest_route=%2Fwp%2Fv2%2Ftags&post=1493"}],"curies":[{"name":"wp","href":"https:\/\/api.w.org\/{rel}","templated":true}]}}