{"id":1503,"date":"2011-11-18T22:51:16","date_gmt":"2011-11-18T21:51:16","guid":{"rendered":"https:\/\/bruxelles-pantheres.be\/?p=1503"},"modified":"2013-11-27T22:55:18","modified_gmt":"2013-11-27T21:55:18","slug":"peut-on-changer-le-monde","status":"publish","type":"post","link":"https:\/\/bruxelles-pantheres.be\/?p=1503","title":{"rendered":"Peut-on changer le monde ?"},"content":{"rendered":"<div class=\"entry-content\">\n<div>\n<div><img decoding=\"async\" class=\"alignleft\" alt=\"http:\/\/im.wk.io\/images\/p\/65329\/la-gauche-m-a-tuer-ou-comment-tenter-de-faire-oublier-les-bourdes-de-la-majorite-presidentielle.png\" src=\"http:\/\/im.wk.io\/images\/p\/65329\/la-gauche-m-a-tuer-ou-comment-tenter-de-faire-oublier-les-bourdes-de-la-majorite-presidentielle.png\" width=\"336\" height=\"295\" \/><\/p>\n<h2 style=\"text-align: center;\">O\u00f9 est la gauche \u00e0 l\u2019heure de la tourmente\u00a0\u00e9conomique\u00a0?<\/h2>\n<\/div>\n<div>\n<div style=\"text-align: justify;\">\n<p>Alors que le capitalisme conna\u00eet sa crise la plus s\u00e9rieuse depuis celle des ann\u00e9es\u00a01930, les principaux partis de gauche semblent muets, embarrass\u00e9s. Au mieux, ils promettent de ravauder le syst\u00e8me. Plus souvent, ils cherchent \u00e0 prouver leur sens des responsabilit\u00e9s en recommandant eux aussi une purge lib\u00e9rale. Combien de temps ce jeu politique verrouill\u00e9 peut-il durer alors qu\u2019enflent les col\u00e8res sociales\u00a0?<\/p>\n<\/div>\n<div style=\"text-align: justify;\">par <strong>Serge Halimi<\/strong>, novembre 2011<!--more--><\/div>\n<div>\n<p style=\"text-align: justify;\">Les Am\u00e9ricains qui manifestent contre Wall Street protestent aussi contre ses relais au sein du Parti d\u00e9mocrate et \u00e0 la Maison Blanche. Ils ignorent sans doute que les socialistes fran\u00e7ais continuent d\u2019invoquer l\u2019exemple de M.\u00a0Barack Obama. Contrairement \u00e0 M.\u00a0Nicolas Sarkozy, le pr\u00e9sident des Etats-Unis aurait su selon eux agir contre les banques. S\u2019agit-il seulement d\u2019une m\u00e9prise\u00a0? Qui ne veut pas (ou ne peut pas) s\u2019attaquer aux piliers de l\u2019ordre lib\u00e9ral (financiarisation, mondialisation des flux de capitaux et de marchandises) est tent\u00e9 de personnaliser la catastrophe, d\u2019imputer la crise du capitalisme aux erreurs de conception ou de gestion de son adversaire int\u00e9rieur. En France, la faute incombera \u00e0 \u00ab\u00a0Sarkozy\u00a0\u00bb, en Italie, \u00e0 \u00ab\u00a0Berlusconi\u00a0\u00bb, en Allemagne, \u00e0 \u00ab\u00a0Merkel\u00a0\u00bb. Fort bien, mais ailleurs\u00a0?<\/p>\n<p style=\"text-align: justify;\">Ailleurs et pas seulement aux Etats-Unis, des dirigeants politiques longtemps pr\u00e9sent\u00e9s comme des r\u00e9f\u00e9rences par la gauche mod\u00e9r\u00e9e affrontent eux aussi des cort\u00e8ges indign\u00e9s. En Gr\u00e8ce, M.\u00a0Georges Papandr\u00e9ou, pr\u00e9sident de l\u2019Internationale socialiste, met en \u0153uvre une politique d\u2019aust\u00e9rit\u00e9 draconienne qui combine privatisations massives, suppressions d\u2019emplois dans la fonction publique et abandon de la souverainet\u00e9 de son pays en mati\u00e8re \u00e9conomique et sociale \u00e0 une \u00ab\u00a0tro\u00efka\u00a0\u00bb ultralib\u00e9rale\u00a0(<a id=\"nh1\" title=\"Compos\u00e9e de la Commission europ\u00e9enne, de la Banque centrale europ\u00e9enne (BCE)\u00a0(...)\" href=\"http:\/\/www.monde-diplomatique.fr\/2011\/11\/HALIMI\/46895#nb1\" rel=\"footnote\">1<\/a>). Les gouvernements d\u2019Espagne, du Portugal ou de Slov\u00e9nie rappellent \u00e9galement que le terme de gauche s\u2019est \u00e0 ce point d\u00e9pr\u00e9ci\u00e9 qu\u2019on ne l\u2019associe plus \u00e0 un contenu politique particulier.<\/p>\n<p style=\"text-align: justify;\">Un des meilleurs procureurs de l\u2019impasse de la social-d\u00e9mocratie europ\u00e9enne se trouve \u00eatre le porte-parole\u2026 du Parti socialiste (PS) fran\u00e7ais. <em>\u00ab\u00a0Au sein de l\u2019Union europ\u00e9enne,<\/em> rel\u00e8ve M.\u00a0Beno\u00eet Hamon dans son dernier livre, <em>le Parti socialiste europ\u00e9en (PSE) est historiquement associ\u00e9, par le compromis qui le lie \u00e0 la d\u00e9mocratie chr\u00e9tienne, \u00e0 la strat\u00e9gie de lib\u00e9ralisation du march\u00e9 int\u00e9rieur et \u00e0 ses cons\u00e9quences sur les droits sociaux et les services publics. Ce sont des gouvernements socialistes qui ont n\u00e9goci\u00e9 les plans d\u2019aust\u00e9rit\u00e9 voulus par l\u2019Union europ\u00e9enne et le Fonds mon\u00e9taire international<\/em> [FMI]. <em>En Espagne, au Portugal et en Gr\u00e8ce bien s\u00fbr, la contestation des plans d\u2019aust\u00e9rit\u00e9 prend pour cible le FMI et la Commission europ\u00e9enne, mais aussi les gouvernements socialistes nationaux.<\/em> (\u2026) <em>Une partie de la gauche europ\u00e9enne ne conteste plus qu\u2019il faille, \u00e0 l\u2019instar de la droite europ\u00e9enne, sacrifier l\u2019Etat-providence pour r\u00e9tablir l\u2019\u00e9quilibre budg\u00e9taire et flatter les march\u00e9s.<\/em> (\u2026) <em>Nous avons \u00e9t\u00e9 en plusieurs lieux du globe un obstacle \u00e0 la marche du progr\u00e8s. Je ne m\u2019y r\u00e9signe pas<\/em>\u00a0(<a id=\"nh2\" title=\"Beno\u00eet Hamon, Tourner la page. Reprenons la marche du progr\u00e8s social,\u00a0(...)\" href=\"http:\/\/www.monde-diplomatique.fr\/2011\/11\/HALIMI\/46895#nb2\" rel=\"footnote\">2<\/a>).<em>\u00a0\u00bb<\/em><\/p>\n<p style=\"text-align: justify;\">D\u2019autres jugent en revanche cette transformation irr\u00e9versible car elle aurait pour origines l\u2019embourgeoisement des socialistes europ\u00e9ens et leur \u00e9loignement du monde ouvrier.<\/p>\n<p style=\"text-align: justify;\">Bien que lui-m\u00eame plut\u00f4t mod\u00e9r\u00e9, le Parti des travailleurs (PT) br\u00e9silien estime que la gauche latino-am\u00e9ricaine doit prendre la rel\u00e8ve de celle du Vieux Continent, trop capitaliste, trop atlantiste, et donc de moins en moins l\u00e9gitime quand elle pr\u00e9tend d\u00e9fendre les int\u00e9r\u00eats populaires\u00a0: <em>\u00ab\u00a0Il y a aujourd\u2019hui un d\u00e9placement g\u00e9ographique de la direction id\u00e9ologique de la gauche dans le monde,<\/em> indiquait en septembre dernier un document pr\u00e9paratoire au congr\u00e8s du PT. <em>Dans ce contexte, l\u2019Am\u00e9rique du Sud se distingue.<\/em> (\u2026) <em>La gauche des pays europ\u00e9ens, qui a tant influenc\u00e9 la gauche dans le monde depuis le XIXe\u00a0si\u00e8cle, n\u2019a pas r\u00e9ussi \u00e0 apporter les r\u00e9ponses ad\u00e9quates \u00e0 la crise et semble capituler face \u00e0 la domination du n\u00e9olib\u00e9ralisme<\/em>\u00a0(<a id=\"nh3\" title=\"Agence France-Presse, 4 septembre 2011.\" href=\"http:\/\/www.monde-diplomatique.fr\/2011\/11\/HALIMI\/46895#nb3\" rel=\"footnote\">3<\/a>).<em>\u00a0\u00bb<\/em> Le d\u00e9clin de l\u2019Europe, c\u2019est peut-\u00eatre aussi le cr\u00e9puscule de l\u2019influence id\u00e9ologique du continent qui avait vu na\u00eetre syndicalisme, socialisme et communisme \u2014\u00a0et qui para\u00eet plus volontiers que d\u2019autres se r\u00e9signer \u00e0 leur effacement.<\/p>\n<p style=\"text-align: justify;\">La partie est-elle perdue pour autant\u00a0? Les \u00e9lecteurs et militants de gauche qui s\u2019attachent \u00e0 des contenus plut\u00f4t qu\u2019\u00e0 des labels factices peuvent-ils esp\u00e9rer, y compris dans les pays occidentaux, combattre la droite avec des camarades conquis par le lib\u00e9ralisme mais toujours \u00e9lectoralement h\u00e9g\u00e9moniques\u00a0? Le ballet est en effet devenu rituel\u00a0: la gauche r\u00e9formiste se distingue des conservateurs le temps d\u2019une campagne par un effet d\u2019optique. Puis, lorsque l\u2019occasion lui est donn\u00e9e, elle s\u2019emploie \u00e0 gouverner comme ses adversaires, \u00e0 ne pas d\u00e9ranger l\u2019ordre \u00e9conomique, \u00e0 prot\u00e9ger l\u2019argenterie des gens du ch\u00e2teau.<\/p>\n<p style=\"text-align: justify;\">La transformation sociale dont la plupart des candidats de gauche \u00e0 l\u2019exercice des responsabilit\u00e9s gouvernementales proclament la n\u00e9cessit\u00e9, voire l\u2019urgence, requiert bien \u00e9videmment qu\u2019ils y voient davantage qu\u2019une rh\u00e9torique \u00e9lectorale. Mais aussi\u2026 qu\u2019ils acc\u00e8dent au pouvoir. Et c\u2019est sur ce point pr\u00e9cis que la gauche mod\u00e9r\u00e9e fait la le\u00e7on aux \u00ab\u00a0radicaux\u00a0\u00bb et aux autres \u00ab\u00a0indign\u00e9s\u00a0\u00bb. Elle n\u2019attend pas, elle, le \u00ab\u00a0grand soir\u00a0\u00bb <em>(lire \u00ab\u00a0<a href=\"http:\/\/www.monde-diplomatique.fr\/2011\/11\/A\/46907\">Il y a un si\u00e8cle aux Etats-Unis, un d\u00e9bat fondateur<\/a>\u00a0\u00bb)<\/em>\u00a0; elle ne r\u00eave pas non plus de se blottir dans une contre-soci\u00e9t\u00e9 isol\u00e9e des impuret\u00e9s du monde et peupl\u00e9e d\u2019\u00eatres exceptionnels <em>(lire \u00ab\u00a0<a href=\"http:\/\/www.monde-diplomatique.fr\/2011\/11\/POUPEAU\/46934\">Des gens formidables\u2026<\/a>\u00a0\u00bb).<\/em> Pour reprendre des termes employ\u00e9s il y a cinq ans par M.\u00a0Fran\u00e7ois Hollande, elle ne veut pas <em>\u00ab\u00a0bloquer, plut\u00f4t que faire. Freiner, plut\u00f4t qu\u2019agir. R\u00e9sister, plut\u00f4t que conqu\u00e9rir\u00a0\u00bb.<\/em> Et elle estime que <em>\u00ab\u00a0ne pas battre la droite, c\u2019est la garder, donc la choisir<\/em>\u00a0(<a id=\"nh4\" title=\"Fran\u00e7ois Hollande, Devoirs de v\u00e9rit\u00e9, Stock, Paris, 2006, p. 91 et\u00a0(...)\" href=\"http:\/\/www.monde-diplomatique.fr\/2011\/11\/HALIMI\/46895#nb4\" rel=\"footnote\">4<\/a>)<em>\u00a0\u00bb.<\/em> La gauche radicale, en revanche, pr\u00e9f\u00e8re selon lui <em>\u00ab\u00a0enfourcher n\u2019importe quelle col\u00e8re\u00a0\u00bb<\/em> plut\u00f4t que faire <em>\u00ab\u00a0le choix du r\u00e9alisme<\/em>\u00a0(<a id=\"nh5\" title=\"Ibid, p. 51 et 43.\" href=\"http:\/\/www.monde-diplomatique.fr\/2011\/11\/HALIMI\/46895#nb5\" rel=\"footnote\">5<\/a>)<em>\u00a0\u00bb.<\/em><\/p>\n<p style=\"text-align: justify;\">Or la gauche de gouvernement, c\u2019est son atout ma\u00eetre, dispose \u00ab\u00a0ici et maintenant\u00a0\u00bb de troupes \u00e9lectorales et de cadres impatients qui lui permettraient d\u2019assurer la rel\u00e8ve. \u00ab\u00a0Battre la droite\u00a0\u00bb ne tient cependant pas lieu de programme ou de perspective. Une fois les \u00e9lections remport\u00e9es, les structures en place \u2014\u00a0nationales, europ\u00e9ennes, internationales\u00a0\u2014 risquent de faire barrage \u00e0 la volont\u00e9 de changement exprim\u00e9e pendant la campagne. Aux Etats-Unis, M.\u00a0Obama a pu ainsi pr\u00e9tendre que des lobbies industriels et l\u2019obstruction parlementaire des r\u00e9publicains avaient sap\u00e9 un volontarisme et un optimisme (\u00ab\u00a0Yes, we can\u00a0\u00bb) pourtant ent\u00e9rin\u00e9s par une large majorit\u00e9 populaire.<\/p>\n<p style=\"text-align: justify;\">Ailleurs, des gouvernants de gauche se sont excus\u00e9s de leur prudence ou de leur pusillanimit\u00e9 en invoquant des \u00ab\u00a0contraintes\u00a0\u00bb, un \u00ab\u00a0h\u00e9ritage\u00a0\u00bb (l\u2019absence de comp\u00e9titivit\u00e9 internationale du secteur productif, le niveau de la dette, etc.) qui avaient entam\u00e9 leur marge de man\u0153uvre. <em>\u00ab\u00a0Notre vie publique est domin\u00e9e par une \u00e9trange dichotomie,<\/em> analysait d\u00e9j\u00e0 M.\u00a0Lionel Jospin en 1992. <em>D\u2019un c\u00f4t\u00e9, on reproche au pouvoir<\/em> [socialiste] <em>le ch\u00f4mage, le mal des banlieues, les frustrations sociales, l\u2019extr\u00e9misme de droite, la d\u00e9sesp\u00e9rance de la gauche. De l\u2019autre, on le somme de ne pas se d\u00e9partir d\u2019une politique \u00e9conomique financi\u00e8re qui rend tr\u00e8s difficile le traitement de ce que l\u2019on d\u00e9nonce<\/em>\u00a0(<a id=\"nh6\" title=\"Lionel Jospin, \u00ab Reconstruire la gauche \u00bb, Le Monde, 11 avril\u00a0(...)\" href=\"http:\/\/www.monde-diplomatique.fr\/2011\/11\/HALIMI\/46895#nb6\" rel=\"footnote\">6<\/a>).<em>\u00a0\u00bb<\/em> Vingt ans plus tard, la formulation de cette contradiction n\u2019a pas pris une ride.<\/p>\n<p style=\"text-align: justify;\">Les socialistes avancent qu\u2019une d\u00e9faite \u00e9lectorale de la gauche d\u00e9clenche en g\u00e9n\u00e9ral la mise en \u0153uvre par la droite d\u2019un arsenal de \u00ab\u00a0r\u00e9formes\u00a0\u00bb lib\u00e9rales \u2014\u00a0privatisations, r\u00e9duction des droits des syndicats, amputation des recettes publiques\u00a0\u2014 qui d\u00e9truiront les outils \u00e9ventuels d\u2019une autre politique. D\u2019o\u00f9 le \u00ab\u00a0vote utile\u00a0\u00bb en leur faveur. Mais leur d\u00e9faite peut aussi comporter des vertus p\u00e9dagogiques. M.\u00a0Hamon conc\u00e8de par exemple qu\u2019en Allemagne <em>\u00ab\u00a0le r\u00e9sultat des \u00e9lections l\u00e9gislatives<\/em> [de septembre\u00a02009], <em>qui a valu au SPD son plus mauvais score<\/em> [23\u00a0% des suffrages] <em>depuis un si\u00e8cle, a convaincu sa direction du changement n\u00e9cessaire d\u2019orientation<\/em>\u00a0(<a id=\"nh7\" title=\"Beno\u00eet Hamon, op. cit., p. 180.\" href=\"http:\/\/www.monde-diplomatique.fr\/2011\/11\/HALIMI\/46895#nb7\" rel=\"footnote\">7<\/a>)<em>\u00a0\u00bb.<\/em><\/p>\n<h3 style=\"text-align: justify;\">Les socialistes grecs se f\u00e9licitent<br \/>\nd\u2019avoir agi plus vite<br \/>\nque Mme\u00a0Margaret Thatcher\u2026<\/h3>\n<p style=\"text-align: justify;\">Un \u00ab\u00a0r\u00e9tablissement doctrinal\u00a0\u00bb d\u2019une ampleur tout aussi modeste est intervenu en France apr\u00e8s la d\u00e9route l\u00e9gislative des socialistes en 1993, au Royaume-Uni apr\u00e8s la victoire de 2010 du Parti conservateur. Et sans doute constatera-t-on bient\u00f4t un cas de figure identique en Espagne et en Gr\u00e8ce, tant il para\u00eet improbable que les gouvernants socialistes de ces pays imputent leur prochaine d\u00e9faite \u00e0 une politique exag\u00e9r\u00e9ment r\u00e9volutionnaire\u2026 Pour plaider la cause de M.\u00a0Papandr\u00e9ou, la d\u00e9put\u00e9e socialiste grecque Elena Panaritis a m\u00eame os\u00e9 recourir \u00e0 une r\u00e9f\u00e9rence renversante\u00a0: <em>\u00ab\u00a0Il a fallu onze ans \u00e0 Margaret Thatcher pour mener \u00e0 bien ses r\u00e9formes dans un pays qui avait des probl\u00e8mes structurels moins importants. Notre programme a \u00e9t\u00e9 mis en place il y a seulement quatorze mois<\/em>\u00a0(<a id=\"nh8\" title=\"Cit\u00e9 par Alain Salles, \u00ab L\u2019odyss\u00e9e de Papandr\u00e9ou \u00bb, Le Monde, 16 septembre\u00a0(...)\" href=\"http:\/\/www.monde-diplomatique.fr\/2011\/11\/HALIMI\/46895#nb8\" rel=\"footnote\">8<\/a>) <em>\u00a0!\u00a0\u00bb<\/em> En r\u00e9sum\u00e9, \u00ab\u00a0Papandr\u00e9ou, mieux que Thatcher\u00a0!\u00a0\u00bb<\/p>\n<p style=\"text-align: justify;\">Sortir de cette nasse requiert de dresser la liste des conditions pr\u00e9alables \u00e0 la mise au pas de la mondialisation financi\u00e8re. Cependant, un probl\u00e8me surgit aussit\u00f4t\u00a0: compte tenu de l\u2019abondance et de la sophistication des dispositifs qui ont ench\u00e2ss\u00e9 depuis trente ans le d\u00e9veloppement \u00e9conomique des Etats dans la sp\u00e9culation capitaliste, m\u00eame un programme relativement bonasse de r\u00e9formes (moindre injustice fiscale, progression mod\u00e9r\u00e9e du pouvoir d\u2019achat des salaires, maintien du budget de l\u2019\u00e9ducation, etc.) impose dor\u00e9navant un nombre significatif de ruptures. Ruptures avec l\u2019actuel ordre europ\u00e9en, mais aussi avec les politiques auxquelles les socialistes se sont ralli\u00e9s\u00a0(<a id=\"nh9\" title=\"Lire \u00ab Quand la gauche renon\u00e7ait au nom de l\u2019Europe \u00bb, Le Monde diplomatique,\u00a0(...)\" href=\"http:\/\/www.monde-diplomatique.fr\/2011\/11\/HALIMI\/46895#nb9\" rel=\"footnote\">9<\/a>).<\/p>\n<p style=\"text-align: justify;\">Faute, par exemple, d\u2019une remise en cause de l\u2019\u00ab\u00a0ind\u00e9pendance\u00a0\u00bb de la BCE (les trait\u00e9s europ\u00e9ens ont garanti que sa politique mon\u00e9tariste \u00e9chapperait \u00e0 tout contr\u00f4le d\u00e9mocratique), faute d\u2019un assouplissement du pacte de stabilit\u00e9 et de croissance (qui, en p\u00e9riode de crise, asphyxie une strat\u00e9gie volontariste de lutte contre le ch\u00f4mage), faute de la d\u00e9nonciation de l\u2019alliance entre lib\u00e9raux et sociaux-d\u00e9mocrates au Parlement europ\u00e9en (qui a conduit ces derniers \u00e0 soutenir la candidature de M.\u00a0Mario Draghi, ancien banquier de Goldman Sachs, \u00e0 la t\u00eate de la BCE), sans m\u00eame parler du libre-\u00e9change (la doctrine de la Commission europ\u00e9enne), d\u2019un audit de la dette publique (afin de ne pas rembourser les sp\u00e9culateurs qui ont pari\u00e9 contre les pays les plus faibles de la zone euro)\u00a0; faute de tout cela, la partie serait d\u2019embl\u00e9e mal engag\u00e9e.<\/p>\n<p style=\"text-align: justify;\">Et m\u00eame perdue d\u2019avance. Rien ne permet en effet de croire que MM.\u00a0Hollande en France, Sigmar Gabriel en Allemagne ou Edward Miliband au Royaume-Uni r\u00e9ussiraient l\u00e0 o\u00f9 MM.\u00a0Obama, Jos\u00e9 Luis Zapatero et Papandr\u00e9ou ont d\u00e9j\u00e0 \u00e9chou\u00e9. Imaginer qu\u2019<em>\u00ab\u00a0une alliance qui fasse de l\u2019union politique de l\u2019Europe le c\u0153ur de son projet\u00a0\u00bb<\/em> assure, comme l\u2019esp\u00e8re M.\u00a0Massimo D\u2019Alema en Italie, <em>\u00ab\u00a0la renaissance du progressisme<\/em>\u00a0(<a id=\"nh10\" title=\"Massimo D\u2019Alema, \u00ab Le succ\u00e8s de la gauche au Danemark annonce un renouveau\u00a0(...)\" href=\"http:\/\/www.monde-diplomatique.fr\/2011\/11\/HALIMI\/46895#nb10\" rel=\"footnote\">10<\/a>)<em>\u00a0\u00bb<\/em> s\u2019apparente (au mieux) \u00e0 un r\u00eave \u00e9veill\u00e9. En l\u2019\u00e9tat des forces politiques et sociales, une Europe f\u00e9d\u00e9rale ne pourrait que verrouiller davantage des dispositifs lib\u00e9raux d\u00e9j\u00e0 asphyxiants et d\u00e9poss\u00e9der un peu plus les peuples de leur souverainet\u00e9 en confiant le pouvoir \u00e0 des instances technocratiques opaques. La monnaie et le commerce ne sont-ils pas d\u2019ailleurs des domaines d\u00e9j\u00e0 \u00ab\u00a0f\u00e9d\u00e9ralis\u00e9s\u00a0\u00bb\u00a0?<\/p>\n<p style=\"text-align: justify;\">Toutefois, tant que les partis de gauche mod\u00e9r\u00e9s continueront de repr\u00e9senter la majorit\u00e9 de l\u2019\u00e9lectorat progressiste \u2014\u00a0que ce soit par adh\u00e9sion \u00e0 leur projet ou par sentiment que celui-ci constitue la seule perspective pour une alternance rapproch\u00e9e\u00a0\u2014, les formations politiques plus radicales (ou les \u00e9cologistes) se retrouveront condamn\u00e9es au r\u00f4le de figurants, de force d\u2019appoint, de mouches du coche. M\u00eame avec 15\u00a0% des suffrages, quarante-quatre d\u00e9put\u00e9s, quatre ministres et une organisation rassemblant des centaines de milliers d\u2019adh\u00e9rents, le Parti communiste fran\u00e7ais (PCF) n\u2019a jamais pes\u00e9 entre\u00a01981 et\u00a01984 dans la d\u00e9finition des politiques \u00e9conomiques et financi\u00e8res de Fran\u00e7ois Mitterrand. Le naufrage de Refondation communiste en Italie, prisonnier de son alliance avec des partis de centre gauche, ne constitue pas un pr\u00e9c\u00e9dent plus exaltant. Il s\u2019agissait alors, on s\u2019en souvient, de pr\u00e9venir \u00e0 tout prix le retour au pouvoir de M.\u00a0Silvio Berlusconi. Lequel est intervenu quand m\u00eame, mais plus tard.<\/p>\n<p style=\"text-align: justify;\">Le Front de gauche (auquel appartient le PCF) veut contredire de tels augures. En faisant pression sur le PS, il esp\u00e8re le voir \u00e9chapper \u00e0 <em>\u00ab\u00a0ses atavismes\u00a0\u00bb.<\/em> A priori, le pari para\u00eet illusoire, voire d\u00e9sesp\u00e9r\u00e9. Toutefois, s\u2019il int\u00e8gre d\u2019autres donn\u00e9es que le rapport de forces \u00e9lectoral et les contraintes institutionnelles, il peut se pr\u00e9valoir de pr\u00e9c\u00e9dents historiques. Ainsi, aucune des grandes conqu\u00eates sociales du Front populaire (cong\u00e9s pay\u00e9s, semaine de quarante heures, etc.) n\u2019\u00e9tait inscrite dans le programme (tr\u00e8s mod\u00e9r\u00e9) de la coalition victorieuse en avril-mai\u00a01936\u00a0; le mouvement de gr\u00e8ves de juin les a impos\u00e9es au patronat fran\u00e7ais.<\/p>\n<p style=\"text-align: justify;\">L\u2019histoire de cette p\u00e9riode ne se r\u00e9sume pas pour autant \u00e0 la pression irr\u00e9sistible d\u2019un mouvement social sur des partis de gauche timides ou effarouch\u00e9s. C\u2019est bien la victoire \u00e9lectorale du Front populaire qui a lib\u00e9r\u00e9 un mouvement de r\u00e9volte sociale en donnant aux ouvriers le sentiment qu\u2019ils ne se heurteraient plus au mur de la r\u00e9pression polici\u00e8re et patronale. Enhardis, ils savaient aussi que rien ne leur serait donn\u00e9 par les partis pour lesquels ils venaient de voter sans qu\u2019ils leur tordent la main. D\u2019o\u00f9 cette dialectique victorieuse \u2014\u00a0mais tellement rare\u00a0\u2014 entre \u00e9lection et mobilisation, urnes et usines. Un gouvernement de gauche qui n\u2019affronterait pas une pression \u00e9quivalente s\u2019enfermerait aussit\u00f4t dans un huis clos avec une technocratie qui depuis longtemps a perdu l\u2019habitude de faire autre chose que du lib\u00e9ralisme. Il n\u2019aurait pour seule hantise que de s\u00e9duire des agences de notation dont nul n\u2019ignore cependant qu\u2019elles \u00ab\u00a0d\u00e9graderont\u00a0\u00bb sur-le-champ tout pays engageant une v\u00e9ritable politique de gauche.<\/p>\n<h3 style=\"text-align: justify;\">Semblable \u00e0 une \u00e9toile morte,<br \/>\nla R\u00e9publique du centre<br \/>\njette ses derniers feux<\/h3>\n<p style=\"text-align: justify;\">Alors, audace ou enlisement\u00a0? Les risques de l\u2019audace \u2014\u00a0isolement, inflation, d\u00e9gradation\u00a0\u2014 nous sont serin\u00e9s de l\u2019aube au cr\u00e9puscule. Oui, mais ceux de l\u2019enlisement\u00a0? Analysant la situation de l\u2019Europe des ann\u00e9es\u00a01930, l\u2019historien Karl Polanyi rappelait que <em>\u00ab\u00a0l\u2019impasse o\u00f9 s\u2019\u00e9tait mis le capitalisme lib\u00e9ral\u00a0\u00bb<\/em> avait alors d\u00e9bouch\u00e9 dans plusieurs pays sur <em>\u00ab\u00a0une r\u00e9forme de l\u2019\u00e9conomie de march\u00e9 r\u00e9alis\u00e9e au prix de l\u2019extirpation de toutes les institutions d\u00e9mocratiques<\/em>\u00a0(<a id=\"nh11\" title=\"Karl Polanyi, La Grande Transformation, Gallimard, Paris, 1983, p.\u00a0(...)\" href=\"http:\/\/www.monde-diplomatique.fr\/2011\/11\/HALIMI\/46895#nb11\" rel=\"footnote\">11<\/a>)<em>\u00a0\u00bb.<\/em> Mais de quelle souverainet\u00e9 populaire peuvent encore se pr\u00e9valoir des d\u00e9cisions europ\u00e9ennes prises \u00e0 la remorque des march\u00e9s\u00a0? D\u00e9j\u00e0, un socialiste aussi mod\u00e9r\u00e9 que M.\u00a0Michel Rocard s\u2019alarme\u00a0: tout nouveau durcissement des conditions impos\u00e9es aux Grecs pourrait provoquer la suspension de la d\u00e9mocratie dans ce pays. <em>\u00ab\u00a0Dans l\u2019\u00e9tat de col\u00e8re o\u00f9 va se trouver ce peuple,<\/em> \u00e9crivait-il le mois dernier, <em>on peut douter qu\u2019aucun gouvernement grec ne puisse tenir sans appui de l\u2019arm\u00e9e. Cette r\u00e9flexion triste vaut sans doute pour le Portugal et\/ou l\u2019Irlande, et\/ou d\u2019autres, plus gros. Jusqu\u2019o\u00f9 ira-t-on<\/em>\u00a0(<a id=\"nh12\" title=\"Michel Rocard, \u00ab Un syst\u00e8me bancaire \u00e0 repenser \u00bb, Le Monde, 4 octobre\u00a0(...)\" href=\"http:\/\/www.monde-diplomatique.fr\/2011\/11\/HALIMI\/46895#nb12\" rel=\"footnote\">12<\/a>) <em>\u00a0?\u00a0\u00bb<\/em><\/p>\n<p style=\"text-align: justify;\">Bien que soutenue par toute une quincaillerie institutionnelle et m\u00e9diatique, la R\u00e9publique du centre chancelle. Une course de vitesse est engag\u00e9e entre le durcissement de l\u2019autoritarisme lib\u00e9ral et l\u2019enclenchement d\u2019une rupture avec le capitalisme. Celle-ci para\u00eet encore lointaine. Mais quand les peuples ne croient plus \u00e0 un jeu politique dont les d\u00e9s sont pip\u00e9s, quand ils observent que les gouvernements se sont d\u00e9pouill\u00e9s de leur souverainet\u00e9, quand ils s\u2019obstinent \u00e0 r\u00e9clamer la mise au pas des banques, quand ils se mobilisent sans savoir o\u00f9 les conduira leur col\u00e8re, cela signifie malgr\u00e9 tout que la gauche est encore vivante.<\/p>\n<\/div>\n<\/div>\n<div>\n<p><strong>Serge Halimi<\/strong><\/p>\n<\/div>\n<\/div>\n<div>\n<div id=\"nb1\">\n<p>(<a title=\"Notes 1\" href=\"http:\/\/www.monde-diplomatique.fr\/2011\/11\/HALIMI\/46895#nh1\" rev=\"footnote\">1<\/a>) Compos\u00e9e de la Commission europ\u00e9enne, de la Banque centrale europ\u00e9enne (BCE) et du Fonds mon\u00e9taire international (FMI).<\/p>\n<\/div>\n<div id=\"nb2\">\n<p>(<a title=\"Notes 2\" href=\"http:\/\/www.monde-diplomatique.fr\/2011\/11\/HALIMI\/46895#nh2\" rev=\"footnote\">2<\/a>) Beno\u00eet Hamon, <em>Tourner la page. Reprenons la marche du progr\u00e8s social,<\/em> Flammarion, Paris, 2011, p.\u00a014-19.<\/p>\n<\/div>\n<div id=\"nb3\">\n<p>(<a title=\"Notes 3\" href=\"http:\/\/www.monde-diplomatique.fr\/2011\/11\/HALIMI\/46895#nh3\" rev=\"footnote\">3<\/a>) Agence France-Presse, 4\u00a0septembre\u00a02011.<\/p>\n<\/div>\n<div id=\"nb4\">\n<p>(<a title=\"Notes 4\" href=\"http:\/\/www.monde-diplomatique.fr\/2011\/11\/HALIMI\/46895#nh4\" rev=\"footnote\">4<\/a>) Fran\u00e7ois Hollande, <em>Devoirs de v\u00e9rit\u00e9,<\/em> Stock, Paris, 2006, p.\u00a091 et\u00a0206.<\/p>\n<\/div>\n<div id=\"nb5\">\n<p>(<a title=\"Notes 5\" href=\"http:\/\/www.monde-diplomatique.fr\/2011\/11\/HALIMI\/46895#nh5\" rev=\"footnote\">5<\/a>) <em>Ibid,<\/em> p.\u00a051 et\u00a043.<\/p>\n<\/div>\n<div id=\"nb6\">\n<p>(<a title=\"Notes 6\" href=\"http:\/\/www.monde-diplomatique.fr\/2011\/11\/HALIMI\/46895#nh6\" rev=\"footnote\">6<\/a>) Lionel Jospin, \u00ab\u00a0Reconstruire la gauche\u00a0\u00bb, <em>Le Monde,<\/em> 11\u00a0avril\u00a01992.<\/p>\n<\/div>\n<div id=\"nb7\">\n<p>(<a title=\"Notes 7\" href=\"http:\/\/www.monde-diplomatique.fr\/2011\/11\/HALIMI\/46895#nh7\" rev=\"footnote\">7<\/a>) Beno\u00eet Hamon, <em>op. cit.,<\/em> p.\u00a0180.<\/p>\n<\/div>\n<div id=\"nb8\">\n<p>(<a title=\"Notes 8\" href=\"http:\/\/www.monde-diplomatique.fr\/2011\/11\/HALIMI\/46895#nh8\" rev=\"footnote\">8<\/a>) Cit\u00e9 par Alain Salles, \u00ab\u00a0L\u2019odyss\u00e9e de Papandr\u00e9ou\u00a0\u00bb, <em>Le Monde,<\/em> 16\u00a0septembre\u00a02011.<\/p>\n<\/div>\n<div id=\"nb9\">\n<p>(<a title=\"Notes 9\" href=\"http:\/\/www.monde-diplomatique.fr\/2011\/11\/HALIMI\/46895#nh9\" rev=\"footnote\">9<\/a>) Lire \u00ab\u00a0<a href=\"http:\/\/www.monde-diplomatique.fr\/2005\/06\/HALIMI\/12484\">Quand la gauche renon\u00e7ait au nom de l\u2019Europe<\/a>\u00a0\u00bb, <em>Le Monde diplomatique,<\/em> juin\u00a02005.<\/p>\n<\/div>\n<div id=\"nb10\">\n<p>(<a title=\"Notes 10\" href=\"http:\/\/www.monde-diplomatique.fr\/2011\/11\/HALIMI\/46895#nh10\" rev=\"footnote\">10<\/a>) Massimo D\u2019Alema, \u00ab\u00a0Le succ\u00e8s de la gauche au Danemark annonce un renouveau europ\u00e9en\u00a0\u00bb, <em>Le Monde,<\/em> 21\u00a0septembre\u00a02011.<\/p>\n<\/div>\n<div id=\"nb11\">\n<p>(<a title=\"Notes 11\" href=\"http:\/\/www.monde-diplomatique.fr\/2011\/11\/HALIMI\/46895#nh11\" rev=\"footnote\">11<\/a>) Karl Polanyi, <em>La Grande Transformation,<\/em> Gallimard, Paris, 1983, p.\u00a0305.<\/p>\n<\/div>\n<div id=\"nb12\">\n<p>(<a title=\"Notes 12\" href=\"http:\/\/www.monde-diplomatique.fr\/2011\/11\/HALIMI\/46895#nh12\" rev=\"footnote\">12<\/a>) Michel Rocard, \u00ab\u00a0Un syst\u00e8me bancaire \u00e0 repenser\u00a0\u00bb, <em>Le Monde,<\/em> 4\u00a0octobre\u00a02011.<\/p>\n<p>Source : <a href=\"http:\/\/www.monde-diplomatique.fr\/2011\/11\/HALIMI\/46895\">http:\/\/www.monde-diplomatique.fr\/2011\/11\/HALIMI\/46895<\/a><\/p>\n<\/div>\n<\/div>\n<\/div>\n<p>&nbsp;<\/p>\n<footer class=\"entry-meta\">Cette entr\u00e9e a \u00e9t\u00e9 publi\u00e9e dans <a title=\"Voir tous les articles dans News\" href=\"http:\/\/www.egalite.be\/?cat=4\" rel=\"category\">News<\/a> le <a title=\"15:09\" href=\"http:\/\/www.egalite.be\/?p=1114\" rel=\"bookmark\"><time class=\"entry-date\" datetime=\"2011-11-18T15:09:21+00:00\">18 novembre 2011<\/time><\/a> <span class=\"by-author\">par <span class=\"author vcard\"><a class=\"url fn n\" title=\"Afficher tous les articles par egalite-news\" href=\"http:\/\/www.egalite.be\/?author=4\" rel=\"author\">egalite-news<\/a><\/span><\/span>.<\/footer>\n","protected":false},"excerpt":{"rendered":"<p>O\u00f9 est la gauche \u00e0 l\u2019heure de la tourmente\u00a0\u00e9conomique\u00a0? Alors que le capitalisme conna\u00eet sa crise la plus s\u00e9rieuse depuis celle des ann\u00e9es\u00a01930, les principaux partis de gauche semblent muets, embarrass\u00e9s. Au mieux, ils promettent de ravauder le syst\u00e8me. Plus souvent, ils cherchent \u00e0 prouver leur sens des responsabilit\u00e9s en recommandant eux aussi une purge &#8230; <a title=\"Peut-on changer le monde ?\" class=\"read-more\" href=\"https:\/\/bruxelles-pantheres.be\/?p=1503\" aria-label=\"En savoir plus sur Peut-on changer le monde ?\">Lire la suite<\/a><\/p>\n","protected":false},"author":1,"featured_media":719,"comment_status":"open","ping_status":"open","sticky":false,"template":"","format":"standard","meta":{"footnotes":""},"categories":[21,36],"tags":[31,19],"class_list":["post-1503","post","type-post","status-publish","format-standard","has-post-thumbnail","hentry","category-anti-imperialisme","category-europe","tag-belgique","tag-pauvrete"],"_links":{"self":[{"href":"https:\/\/bruxelles-pantheres.be\/index.php?rest_route=\/wp\/v2\/posts\/1503","targetHints":{"allow":["GET"]}}],"collection":[{"href":"https:\/\/bruxelles-pantheres.be\/index.php?rest_route=\/wp\/v2\/posts"}],"about":[{"href":"https:\/\/bruxelles-pantheres.be\/index.php?rest_route=\/wp\/v2\/types\/post"}],"author":[{"embeddable":true,"href":"https:\/\/bruxelles-pantheres.be\/index.php?rest_route=\/wp\/v2\/users\/1"}],"replies":[{"embeddable":true,"href":"https:\/\/bruxelles-pantheres.be\/index.php?rest_route=%2Fwp%2Fv2%2Fcomments&post=1503"}],"version-history":[{"count":2,"href":"https:\/\/bruxelles-pantheres.be\/index.php?rest_route=\/wp\/v2\/posts\/1503\/revisions"}],"predecessor-version":[{"id":1505,"href":"https:\/\/bruxelles-pantheres.be\/index.php?rest_route=\/wp\/v2\/posts\/1503\/revisions\/1505"}],"wp:featuredmedia":[{"embeddable":true,"href":"https:\/\/bruxelles-pantheres.be\/index.php?rest_route=\/wp\/v2\/media\/719"}],"wp:attachment":[{"href":"https:\/\/bruxelles-pantheres.be\/index.php?rest_route=%2Fwp%2Fv2%2Fmedia&parent=1503"}],"wp:term":[{"taxonomy":"category","embeddable":true,"href":"https:\/\/bruxelles-pantheres.be\/index.php?rest_route=%2Fwp%2Fv2%2Fcategories&post=1503"},{"taxonomy":"post_tag","embeddable":true,"href":"https:\/\/bruxelles-pantheres.be\/index.php?rest_route=%2Fwp%2Fv2%2Ftags&post=1503"}],"curies":[{"name":"wp","href":"https:\/\/api.w.org\/{rel}","templated":true}]}}