{"id":1514,"date":"2011-11-09T23:12:02","date_gmt":"2011-11-09T22:12:02","guid":{"rendered":"https:\/\/bruxelles-pantheres.be\/?p=1514"},"modified":"2013-11-27T23:13:37","modified_gmt":"2013-11-27T22:13:37","slug":"appel-urgent-lettre-des-refugies-palestiniens","status":"publish","type":"post","link":"https:\/\/bruxelles-pantheres.be\/?p=1514","title":{"rendered":"Appel urgent ! Lettre des r\u00e9fugi\u00e9s palestiniens"},"content":{"rendered":"<div class=\"entry-content\">\n<h3 style=\"text-align: center;\"><a href=\"http:\/\/mcpalestine.canalblog.com\">Appel urgent ! Lettre des r\u00e9fugi\u00e9s palestiniens en Norv\u00e8ge <\/a><\/h3>\n<h3 style=\"text-align: center;\"><a href=\"http:\/\/mcpalestine.canalblog.com\">(en fran\u00e7ais, in English)<\/a><\/h3>\n<div style=\"text-align: justify;\"><strong>40 Palestiniens vivent dans un camp de tentes depuis le 5 avril 2011 !<\/strong><\/div>\n<div><a href=\"http:\/\/1.bp.blogspot.com\/-zwY7OlUag_w\/TrpWY7fYonI\/AAAAAAAAAjM\/Rw91gh4cJNs\/s1600\/Palestinian+camp+I.jpg\"><img decoding=\"async\" class=\"alignleft\" alt=\"\" src=\"https:\/\/lh3.ggpht.com\/-zwY7OlUag_w\/TrpWY7fYonI\/AAAAAAAAAjM\/Rw91gh4cJNs\/s320\/Palestinian+camp+I.jpg\" width=\"320\" height=\"240\" border=\"0\" \/><\/a><\/div>\n<div style=\"text-align: justify;\" align=\"JUSTIFY\">Chers vous tous,<\/div>\n<div style=\"text-align: justify;\" align=\"JUSTIFY\">Nous sommes un groupe de r\u00e9fugi\u00e9s Palestiniens, et demandons l\u2019asile en Norv\u00e8ge; nous l\u2019avons fait pour obtenir une protection et pour pouvoir vivre dans un pays en s\u00e9curit\u00e9. Sans \u00e9tat qui nous appartienne, nous ne sommes que des apatrides; nous sommes priv\u00e9s des droits humains \u00e9l\u00e9mentaires.<!--more--><\/div>\n<div style=\"text-align: justify;\" align=\"JUSTIFY\">Nous sommes venus en Norv\u00e8ge pour obtenir la libert\u00e9 et \u00e9chapper aux forces arm\u00e9es et aux oppressions, auxquels nous devions faire face en Palestine ou dans les \u00e9tats dans lesquels nous avions regagn\u00e9 des camps de r\u00e9fugi\u00e9s, \u00e0 l\u2019instar de l\u2019Iraq, l\u2019Egypte et le Liban. Nous voulons la libert\u00e9, pour \u00e9chapper \u00e0 toutes les r\u00e9pressions et ses cons\u00e9quences\u00a0; nous sommes des \u00eatres humains aimant la paix, nous ne cherchons qu\u2019\u00e0 vivre dans la dignit\u00e9, \u00e0 \u00e9lever nos enfants dans un environnement sain sans avoir \u00e0 nous demander sans cesse si nous serons encore vivants le lendemain; si nous survivrons au prochain bombardement isra\u00e9lien. Cela fait soixante ans que nous sommes expos\u00e9s aux affres de la guerre en Palestine. Certains d\u2019entre nous, depuis 1948, et suite aux cons\u00e9quences du conflit isra\u00e9lien, n\u2019ont ni patrie, ni endroit o\u00f9 aller.<\/div>\n<div style=\"text-align: justify;\" align=\"JUSTIFY\">Apr\u00e8s des ann\u00e9es et des ann\u00e9es d\u2019attente, la Norv\u00e8ge nous a refus\u00e9 le droit \u00e0 l\u2019asile et nous a notifi\u00e9 une d\u00e9cision de refoulement en Palestine (aussi bien vers la Bande de Gaza que vers la Cisjordanie). Certains autres se sont vus demander de retourner dans des pays o\u00f9 ils \u00e9taient d\u00e9j\u00e0 r\u00e9fugi\u00e9s; d\u2019autres encore vers des pays qu\u2019on ne peut regagner sans un visa ou un permis de travail. Ces solutions ne sont pas viables! Et elles le sont encore moins pour les femmes et les enfants!<\/div>\n<div style=\"text-align: justify;\"><a href=\"http:\/\/1.bp.blogspot.com\/-_SW2R-LQhoo\/TrpWnXULxkI\/AAAAAAAAAjU\/tJn5jR4KvKs\/s1600\/Palestinian+camp+II.jpg\"><img decoding=\"async\" alt=\"\" src=\"https:\/\/lh3.ggpht.com\/-_SW2R-LQhoo\/TrpWnXULxkI\/AAAAAAAAAjU\/tJn5jR4KvKs\/s320\/Palestinian+camp+II.jpg\" width=\"320\" height=\"240\" border=\"0\" \/><\/a><\/div>\n<div style=\"text-align: justify;\" align=\"JUSTIFY\">Nous formons un groupe de quarante personnes qui a d\u00e9cid\u00e9 d\u2019organiser un sit-in pacifique aux abords de l\u2019Eglise culturelle de Jakob \u00e0 Oslo, sit-in ayant a d\u00e9but\u00e9 le 5 avril 2011. Nous avons \u00e9galement organis\u00e9 quelques manifestations pacifiques devant le Parlement norv\u00e9gien. Nous avons \u00e9tabli un camp avec quelques tentes, o\u00f9 nous avons cuisin\u00e9, dormi, et discut\u00e9 avec les passants de notre situation. Nous sommes sans abri depuis cette date. Aujourd\u2019hui encore, nous d\u00e9pendons du soutien des c\u0153urs g\u00e9n\u00e9reux de Norv\u00e9giens qui croient en nous et en notre cause!<\/div>\n<div style=\"text-align: justify;\" align=\"JUSTIFY\">Nous supportons cette situation depuis plus de 200 jours, expos\u00e9s \u00e0 la pluie, endurant des conditions de vie inhumaines, tout cela en esp\u00e9rant gagner la sympathie du gouvernement norv\u00e9gien et \u00eatre trait\u00e9 avec justice, ni plus ni moins!<\/div>\n<div style=\"text-align: justify;\"><a href=\"http:\/\/2.bp.blogspot.com\/-RFmxyDvpPrY\/TrpWxKrOvzI\/AAAAAAAAAjc\/7hAi_qhs4AE\/s1600\/Palestinian+camp+III.jpg\"><img decoding=\"async\" alt=\"\" src=\"https:\/\/lh3.ggpht.com\/-RFmxyDvpPrY\/TrpWxKrOvzI\/AAAAAAAAAjc\/7hAi_qhs4AE\/s320\/Palestinian+camp+III.jpg\" width=\"320\" height=\"240\" border=\"0\" \/><\/a><\/div>\n<div style=\"text-align: justify;\" align=\"JUSTIFY\">Nous vous \u00e9crivons car nous sentons que nos conditions difficiles ne vont pas changer, pas plus que nous allons r\u00e9ussir \u00e0 convaincre le gouvernement de nous consid\u00e9rer comme des humains plut\u00f4t que comme des chiffres \u00e0 traiter. La plupart d\u2019entre nous souffrons \u00e0 ce stade de d\u00e9pression, se sentant abandonn\u00e9, et en butte \u00e0 des probl\u00e8mes de sant\u00e9. Nous d\u00e9sesp\u00e9rons d\u2019obtenir de l\u2019aide et du secours, partag\u00e9s entre la tristesse d\u2019\u00eatre loin de nos familles et la crainte pour nos vies. Nous sommes litt\u00e9ralement d\u00e9chir\u00e9s, ayant l\u2019impression de ne plus savoir quels sont nos droits l\u00e9gaux et humains. Mais ce dont nous sommes certains c\u2019est que nous envoyer vers la mort ou vivre dans les limbes n\u2019est pas le meilleur choix que le gouvernement puisse nous offrir. Nous vous \u00e9crivons pour obtenir de vous un soutien, pour que vous puissiez t\u00e9moigner de solidarit\u00e9 envers votre prochain. Nous avons juste besoin d\u2019\u00eatre sauv\u00e9s de cette situation dans laquelle nous sommes emp\u00eatr\u00e9s, et de ce futur incertain qui nous attend.<\/div>\n<div style=\"text-align: justify;\" align=\"JUSTIFY\">Nous esp\u00e9rons vous voir et vous entendre tr\u00e8s bient\u00f4t, avant que l\u2019hiver norv\u00e9gien ne nous attrape dans les rues d\u2019Oslo\u2026<\/div>\n<div style=\"text-align: justify;\" align=\"JUSTIFY\">Avec toute notre amiti\u00e9,<\/div>\n<div style=\"text-align: justify;\" align=\"JUSTIFY\">Le Groupe de R\u00e9fugi\u00e9s palestiniens en Norv\u00e8ge, Abords de l\u2019Eglise culturelle de Jakob,<\/div>\n<div style=\"text-align: justify;\" align=\"JUSTIFY\">Pour tous contacts et infos: <strong>Mohamed Ganam<\/strong> +47 455 55025 et <strong>Ashraf Khoffas<\/strong> +47 968 20 774<\/div>\n<div style=\"text-align: justify;\" align=\"JUSTIFY\"><strong>Adresse\u00a0<\/strong>:<\/div>\n<div style=\"text-align: justify;\" align=\"JUSTIFY\">Kulturkirken Jakob<\/div>\n<div style=\"text-align: justify;\" align=\"JUSTIFY\">Hausmannsgate 14<\/div>\n<div style=\"text-align: justify;\" align=\"JUSTIFY\">N-0182 Oslo<\/div>\n<div style=\"text-align: justify;\"><a href=\"http:\/\/3.bp.blogspot.com\/-kh-EWNk0XHk\/TrpW5PfUMvI\/AAAAAAAAAjk\/iQwDZleXu1A\/s1600\/Palestinian+camp+IV.jpg\"><img decoding=\"async\" alt=\"\" src=\"https:\/\/lh3.ggpht.com\/-kh-EWNk0XHk\/TrpW5PfUMvI\/AAAAAAAAAjk\/iQwDZleXu1A\/s320\/Palestinian+camp+IV.jpg\" width=\"320\" height=\"213\" border=\"0\" \/><\/a><\/div>\n<div style=\"text-align: justify;\">Dear\u2026,<br \/>\nwe are a group of Palestinian refugees who applied for asylum in Norway; we have done this to be able to get protection and to live in a safe country. We are stateless without a country; we are deprived from basic human rights in this life.<br \/>\nWe came to Norway to seek freedom from all kind of military and security oppressions, that we previously were exposed to back in Palestine or countries we were refugees in, i.e. Iraq, Egypt and Lebanon. We are seeking freedom from all war repression and consequences, we are peace loving humans, who are looking to live a dignified life, be able to raise our kids in safe environment without wondering if we\u2019ll be alive tomorrow or we\u2019ll be dead, whither we\u2019ll survive another Israeli air-strike or not. Back in Palestine we have been exposed to war for over sixty years. Some of us due to the war and the Israeli conflict since the 1948 have had no land or country even to go back to.<br \/>\nAfter years of waiting, Norway rejected our asylum applications and gave us a final decision of deportation, back to Palestine (Gaza, west bank) others were asked to leave back to countries they already were refugees in, or to countries Palestinians can\u2019t enter without a work visa or permit. These solutions are not viable ones, Specially for women, kids or even men!<\/div>\n<div style=\"text-align: justify;\">We are a group of 40 people decided to hold a peaceful sit-in outside the Jacob-church in Oslo, starting April 5th, 2011, we\u2019ve organized few peaceful demonstrations in front of the Norwegian parliament; we\u2019ve build a tent camp and started cooking, sleeping and talking to people passing by about our cause, we have been without shelter since that date. as of today, we are living of the support of the kind hearted Norwegians who believed in us and in our cause!<\/div>\n<div style=\"text-align: justify;\">We have tolerated more than 200 days as of today, been exposed to rain, experiencing inhumane conditions so we can gain sympathy from the Norwegian government and to be treated fairly with no use so far!<br \/>\nWe are writing to you after we felt that our conditions will not change nor we\u2019ll succeed to convince the government to look at us as humans instead of being case numbers to them, most of us at this point are suffering from depression, feeling helpless and have many physical health related issues. We are desperate for rescue and help, between missing our families and be worried for our lives, we are torn, not sure what are our legal and human rights are, but we are pretty sure, sending us to die or living in limbo is not the best option this government can offer us. We are writing to you so you can support our cause, show solidarity with your fellow humans. We just need to be rescued from the current situation we found ourselves in and from the vague future that is awaiting us.<br \/>\nWe look forward to hear from you soon before the Norwegian winter catch up with us in the streets of Oslo.<br \/>\nYours,<\/div>\n<div style=\"text-align: justify;\">Group of Palestinian refugees in Norway, Outside the Jacob Church<\/div>\n<div style=\"text-align: justify;\">For contacts: Mohamed Ganam +47 455 55025 and Ashraf Khoffas +47 968 20 774<\/div>\n<div style=\"text-align: justify;\">Email:kontakt@palestinerleir.no<\/div>\n<div style=\"text-align: justify;\">Address:<\/div>\n<div style=\"text-align: justify;\">Kulturkirken Jakob<\/div>\n<div style=\"text-align: justify;\">Hausmannsgate 14<\/div>\n<div style=\"text-align: justify;\">N-0182 Oslo<\/div>\n<div style=\"text-align: justify;\"><strong>SVP : Envoyez cette lettre \u00e0 l\u2019ambassade nov\u00e9gienne et demandez une r\u00e9ponse \u00e0 cette lettre\u00a0<\/strong><\/div>\n<h4 style=\"text-align: justify;\">Adresse de l\u2019Ambassade Royale de Norv\u00e8ge, Rue Archim\u00e8de 17,1000 Bruxelles<\/h4>\n<h4 style=\"text-align: justify;\">\u00a0T\u00e9l\u00e9phone<\/h4>\n<div style=\"text-align: justify;\">+ 32 (0) 2 238 73 00 (en d\u00e9hors des heures d\u2019ouverture, et uniquement en cas d\u2019urgence: 0474 95 01 37)<\/div>\n<h4 style=\"text-align: justify;\">\u00a0Fax<\/h4>\n<div style=\"text-align: justify;\">+ 32 (0) 2\u00a0238\u00a073 90<\/div>\n<h4 style=\"text-align: justify;\">\u00a0Courriel<\/h4>\n<div style=\"text-align: justify;\"><a href=\"mailto:emb.brussels@mfa.no\">emb.brussels@mfa.no<\/a><\/div>\n<\/div>\n","protected":false},"excerpt":{"rendered":"<p>Appel urgent ! Lettre des r\u00e9fugi\u00e9s palestiniens en Norv\u00e8ge (en fran\u00e7ais, in English) 40 Palestiniens vivent dans un camp de tentes depuis le 5 avril 2011 ! Chers vous tous, Nous sommes un groupe de r\u00e9fugi\u00e9s Palestiniens, et demandons l\u2019asile en Norv\u00e8ge; nous l\u2019avons fait pour obtenir une protection et pour pouvoir vivre dans un &#8230; <a title=\"Appel urgent ! Lettre des r\u00e9fugi\u00e9s palestiniens\" class=\"read-more\" href=\"https:\/\/bruxelles-pantheres.be\/?p=1514\" aria-label=\"En savoir plus sur Appel urgent ! Lettre des r\u00e9fugi\u00e9s palestiniens\">Lire la suite<\/a><\/p>\n","protected":false},"author":1,"featured_media":804,"comment_status":"open","ping_status":"open","sticky":false,"template":"","format":"standard","meta":{"footnotes":""},"categories":[21,36,6,39],"tags":[23,15],"class_list":["post-1514","post","type-post","status-publish","format-standard","has-post-thumbnail","hentry","category-anti-imperialisme","category-europe","category-palestine-moyen-orient","category-sans-papier","tag-discrimination","tag-resistance"],"_links":{"self":[{"href":"https:\/\/bruxelles-pantheres.be\/index.php?rest_route=\/wp\/v2\/posts\/1514","targetHints":{"allow":["GET"]}}],"collection":[{"href":"https:\/\/bruxelles-pantheres.be\/index.php?rest_route=\/wp\/v2\/posts"}],"about":[{"href":"https:\/\/bruxelles-pantheres.be\/index.php?rest_route=\/wp\/v2\/types\/post"}],"author":[{"embeddable":true,"href":"https:\/\/bruxelles-pantheres.be\/index.php?rest_route=\/wp\/v2\/users\/1"}],"replies":[{"embeddable":true,"href":"https:\/\/bruxelles-pantheres.be\/index.php?rest_route=%2Fwp%2Fv2%2Fcomments&post=1514"}],"version-history":[{"count":1,"href":"https:\/\/bruxelles-pantheres.be\/index.php?rest_route=\/wp\/v2\/posts\/1514\/revisions"}],"predecessor-version":[{"id":1515,"href":"https:\/\/bruxelles-pantheres.be\/index.php?rest_route=\/wp\/v2\/posts\/1514\/revisions\/1515"}],"wp:featuredmedia":[{"embeddable":true,"href":"https:\/\/bruxelles-pantheres.be\/index.php?rest_route=\/wp\/v2\/media\/804"}],"wp:attachment":[{"href":"https:\/\/bruxelles-pantheres.be\/index.php?rest_route=%2Fwp%2Fv2%2Fmedia&parent=1514"}],"wp:term":[{"taxonomy":"category","embeddable":true,"href":"https:\/\/bruxelles-pantheres.be\/index.php?rest_route=%2Fwp%2Fv2%2Fcategories&post=1514"},{"taxonomy":"post_tag","embeddable":true,"href":"https:\/\/bruxelles-pantheres.be\/index.php?rest_route=%2Fwp%2Fv2%2Ftags&post=1514"}],"curies":[{"name":"wp","href":"https:\/\/api.w.org\/{rel}","templated":true}]}}