{"id":1516,"date":"2011-11-05T23:14:42","date_gmt":"2011-11-05T22:14:42","guid":{"rendered":"https:\/\/bruxelles-pantheres.be\/?p=1516"},"modified":"2013-11-27T23:18:22","modified_gmt":"2013-11-27T22:18:22","slug":"la-liberte-dexpression-nest-pas-a-defendre-elle-est-a-conquerir","status":"publish","type":"post","link":"https:\/\/bruxelles-pantheres.be\/?p=1516","title":{"rendered":"La Libert\u00e9 D\u2019Expression N\u2019Est Pas \u00c0 D\u00e9fendre : Elle Est \u00c0 Conqu\u00e9rir"},"content":{"rendered":"<article class=\"post-1042 post type-post status-publish format-standard hentry category-news\" id=\"post-1042\">\n<div class=\"entry-content\">\n<div id=\"contenu\">\n<div>\n<div>\n<h4><img decoding=\"async\" class=\"alignleft\" alt=\"http:\/\/static.skynetblogs.be\/media\/138133\/dyn007_original_600_480_gif_2585772_718adf2964dfd12233fac5b7dba68739.gif\" src=\"http:\/\/static.skynetblogs.be\/media\/138133\/dyn007_original_600_480_gif_2585772_718adf2964dfd12233fac5b7dba68739.gif\" width=\"432\" height=\"344\" \/><\/h4>\n<\/div>\n<\/div>\n<div>\n<div>\n<div>\n<p style=\"text-align: justify;\">(Le collectif signataire de ce texte est compos\u00e9 de\u00a0: Sa\u00efd Bouamama, Youssef Boussoumah, Houria Bouteldja, Henri Braun, Abdelaziz Chaambi, Ismahane Chouder, Olivier Cyran, Christine Delphy, Thomas Deltombe, Rokhaya Diallo, S\u00e9bastien Fontenelle, Nawel Gafsia, Laurent L\u00e9vy, Hassina Mecha\u00ef, Ndella Paye, Faysal Riad, Arielle Saint Lazare, Karim Tbaili, Pierre Tevanian, Sylvie Tissot, et Najate Zouggari.)<\/p>\n<p style=\"text-align: justify;\"><strong>Parce que la libert\u00e9 d\u2019expression est pour nous un principe pr\u00e9cieux, nous refusons cat\u00e9goriquement l\u2019instrumentalisation bouffonne et int\u00e9ress\u00e9e qui en est actuellement faite par le couple Gu\u00e9ant-Charb, par la classe politique et par les grands m\u00e9dias.<\/strong><\/p>\n<p style=\"text-align: justify;\">Nous affirmons\u00a0:<!--more--><\/p>\n<p style=\"text-align: justify;\">\u2022 qu\u2019un cocktail molotov lanc\u00e9 la nuit dans des locaux vides et n\u2019occasionnant que des d\u00e9g\u00e2ts mat\u00e9riels ne m\u00e9rite pas une mobilisation m\u00e9diatique et politique sup\u00e9rieure \u00e0 celle, pour le moins discr\u00e8te, qu\u2019occasionne l\u2019incendie ou la mise \u00e0 sac d\u2019une mosqu\u00e9e ou d\u2019un cimeti\u00e8re musulman.<\/p>\n<p style=\"text-align: justify;\">\u2022 que la disproportion entre les unes alarmistes sur l\u2019incendie de <em>Charlie Hebdo<\/em> et les br\u00e8ves de dix lignes sur les saccages de lieux de culte musulmans entretient une vision du monde raciste\u00a0: si un saccage est plus grave qu\u2019un autre, c\u2019est que les biens des uns sont plus pr\u00e9cieux que les biens des autres, et c\u2019est en d\u00e9finitive que les uns valent plus que les autres.<\/p>\n<p style=\"text-align: justify;\">\u2022 que le climat d\u2019\u00e9tat d\u2019urgence et d\u2019union sacr\u00e9e qui s\u2019instaure aujourd\u2019hui autour de <em>Charlie Hebdo<\/em> est d\u2019autant plus odieux qu\u2019il tombe au m\u00eame moment qu\u2019un silence et une indiff\u00e9rence quasi g\u00e9n\u00e9rale face \u00e0 un autre incendie, lui aussi parisien, lui aussi d\u2019origine criminelle, \u00e0 ceci pr\u00e8s qu\u2019il visait un b\u00e2timent occup\u00e9 par des Roms et qu\u2019il a entra\u00een\u00e9 une mort d\u2019homme\u00a0: <a href=\"http:\/\/www.bagnoletenvert.com\/article-drame-de-la-baraka-rue-des-pyrenees-la-mort-de-ion-salagean-87528013.html\" target=\"_blank\" rel=\"external\">Ion Salagean<\/a>.<\/p>\n<p style=\"text-align: justify;\">\u2022 que <em>Charlie Hebdo<\/em>, en acceptant la visite int\u00e9ress\u00e9e de Claude Gu\u00e9ant, qui incrimine avec empressement des \u00ab\u00a0extr\u00e9mistes musulmans\u00a0\u00bb, en l\u2019absence du moindre \u00e9l\u00e9ment de preuve, participe, comme il l\u2019a d\u00e9j\u00e0 fait dans le pass\u00e9 en publiant des articles ou des dessins antimusulmans, \u00e0 la confusion g\u00e9n\u00e9rale, \u00e0 la sarkozisation et \u00e0 la lep\u00e9nisation des esprits.<\/p>\n<p style=\"text-align: justify;\">\u2022 qu\u2019il n\u2019y a pas lieu de s\u2019apitoyer sur les journalistes de <em>Charlie Hebdo<\/em>, que les d\u00e9g\u00e2ts mat\u00e9riels seront pris en charge par leur assurance, que le buzz m\u00e9diatique et l\u2019islamophobie ambiante assureront certainement \u00e0 l\u2019hebdomadaire, au moins ponctuellement, des ventes d\u00e9cupl\u00e9es, comme cela s\u2019\u00e9tait produit \u00e0 l\u2019occasion de la premi\u00e8re \u00ab\u00a0affaire des caricatures\u00a0\u00bb \u2013 bref\u00a0: que ce fameux cocktail molotov risque plut\u00f4t de relancer pour un tour un hebdomadaire qui, ces derniers mois, s\u2019enlisait en silence dans la m\u00e9vente et les difficult\u00e9s financi\u00e8res.<\/p>\n<p style=\"text-align: justify;\">\u2022 que, contrairement \u00e0 ce qui dit et se r\u00e9p\u00e8te jusqu\u2019\u00e0 la naus\u00e9e \u00e0 la faveur de ce nouveau buzz antimusulman, la libert\u00e9 de critiquer l\u2019islam est tout sauf menac\u00e9e, et que toute personne dot\u00e9e d\u2019un minimum de bon sens peut m\u00eame constater, en inspectant semaine apr\u00e8s semaine la devanture de son kiosque ou les programmes de t\u00e9l\u00e9vision, que concernant l\u2019islam, non seulement la critique mais aussi la caricature et l\u2019injure prosp\u00e8rent en toute tranquillit\u00e9 et en toute bonhomie depuis au moins une d\u00e9cennie.<\/p>\n<p style=\"text-align: justify;\">\u2022 qu\u2019en revanche, il est une libert\u00e9 d\u2019expression qui est bel et bien menac\u00e9e, et m\u00eame plus d\u2019une\u00a0: celle pour commencer des femmes qui voudraient s\u2019habiller comme bon leur semble, sans qu\u2019un \u00c9tat national-la\u00efque leur impose par la loi un <em>dress-code<\/em> de bonne musulmane cheveux aux vents\u00a0; celle de ces m\u00eames femmes lorsqu\u2019elles voudraient faire entendre leur ras-le-bol des regards, injures et discriminations qu\u2019elles subissent quotidiennement au motif qu\u2019elles portent un foulard\u00a0; celle des sans-papiers qui aimeraient avoir la parole et informer le public sur la r\u00e9alit\u00e9 de leurs conditions de vie\u00a0; celle des SDF, des ch\u00f4meurs, des pr\u00e9caires, qui sont les perp\u00e9tuels recal\u00e9s de l\u2019espace public officiel \u2013 cet espace de \u00ab\u00a0libre expression\u00a0\u00bb qu\u2019il s\u2019agirait aujourd\u2019hui de d\u00e9fendre, main dans la main avec Charb, Luz, Riss et leurs supporteurs [Claude Gu\u00e9ant, Ivan Rioufol et Marine Le Pen.<\/p>\n<p style=\"text-align: justify;\">\u2022 que les le\u00e7ons de tol\u00e9rance adress\u00e9es par l\u2019\u00e9lite blanche aux musulmans, pr\u00e9sum\u00e9s coupables de l\u2019incendie, sont pour le moins malvenues puisque, contrairement \u00e0 ce qui se dit et se r\u00e9p\u00e8te, le d\u00e9lit de blasph\u00e8me existe en France\u00a0: depuis les lois Sarkozy de 2003, de tr\u00e8s lourdes amendes et peines de prison sont pr\u00e9vues contre toute \u00ab\u00a0offense au drapeau ou \u00e0 l\u2019hymne national\u00a0\u00bb.<\/p>\n<p style=\"text-align: justify;\">\u2022 que la libert\u00e9 d\u2019expression consiste \u00e0 donner la parole aussi \u00e0 la masse de celles et ceux, musulmans ou pas, qui n\u2019\u00e9prouvent absolument aucune sympathie pour <em>Charlie Hebdo<\/em>, y compris \u00ab\u00a0dans ce moment difficile\u00a0\u00bb, \u00e0 toutes celles et ceux qui n\u2019ont, depuis des ann\u00e9es, aucun espace dans les grands m\u00e9dias pour dire leur \u00e9coeurement face \u00e0 la nouvelle marque de fabrique de cet hebdomadaire\u00a0: un anticl\u00e9ricalisme primaire doubl\u00e9 d\u2019une obsession islamophobe.<\/p>\n<p style=\"text-align: justify;\"><strong>\u2022 que, pour commencer, la libert\u00e9 d\u2019expression consisterait, pour que les amis de <em>Charlie Hebdo<\/em> retrouvent une once d\u2019honneur, \u00e0 donner abondamment la parole aux proches de Ion Salagean, \u00e0 ses amis r\u00e9sidents du 163 rue des Pyr\u00e9n\u00e9es, et plus largement aux Roms qui subissent depuis de nombreux mois, et depuis bien plus longtemps en fait, le plus brutal et le plus assum\u00e9 des racismes d\u2019\u00c9tat.<\/strong><\/p>\n<p style=\"text-align: justify;\">P.-S. Sa\u00efd Bouamama est sociologue et militant antiraciste\u00a0; Youssef Boussoumah et Houria Bouteldja sont membres du Parti des Indig\u00e8nes de la R\u00e9publique\u00a0; Abdelaziz Chaambi est porte parole du Collectif contre le racisme et l\u2019islamophobie\u00a0; Ismahane Chouder et Ndella Paye sont membres du Collectif des F\u00e9ministes Pour l\u2019Egalit\u00e9, de Mamans Toutes \u00e9gales et de Participation et Spiritualit\u00e9 musulmanes\u00a0; Christine Delphy est sociologue et militante f\u00e9ministe\u00a0; Olivier Cyran, Thomas Deltombe, Rokhaya Diallo, S\u00e9bastien Fontenelle et Hassina Mecha\u00ef sont journalistes\u00a0; Henri Braun et Nawel Gafsia sont avocats\u00a0; Sylvie Tissot est sociologue et militante f\u00e9ministe\u00a0; Arielle Saint Lazare est militante f\u00e9ministe\u00a0; Laurent L\u00e9vy, Faysal Riad, Karim Tbaili, Pierre Tevanian et Najate Zouggari sont militants antiracistes.<\/p>\n<\/div>\n<\/div>\n<\/div>\n<\/div>\n<\/div>\n<\/article>\n","protected":false},"excerpt":{"rendered":"<p>(Le collectif signataire de ce texte est compos\u00e9 de\u00a0: Sa\u00efd Bouamama, Youssef Boussoumah, Houria Bouteldja, Henri Braun, Abdelaziz Chaambi, Ismahane Chouder, Olivier Cyran, Christine Delphy, Thomas Deltombe, Rokhaya Diallo, S\u00e9bastien Fontenelle, Nawel Gafsia, Laurent L\u00e9vy, Hassina Mecha\u00ef, Ndella Paye, Faysal Riad, Arielle Saint Lazare, Karim Tbaili, Pierre Tevanian, Sylvie Tissot, et Najate Zouggari.) Parce que &#8230; <a title=\"La Libert\u00e9 D\u2019Expression N\u2019Est Pas \u00c0 D\u00e9fendre : Elle Est \u00c0 Conqu\u00e9rir\" class=\"read-more\" href=\"https:\/\/bruxelles-pantheres.be\/?p=1516\" aria-label=\"En savoir plus sur La Libert\u00e9 D\u2019Expression N\u2019Est Pas \u00c0 D\u00e9fendre : Elle Est \u00c0 Conqu\u00e9rir\">Lire la suite<\/a><\/p>\n","protected":false},"author":1,"featured_media":881,"comment_status":"open","ping_status":"open","sticky":false,"template":"","format":"standard","meta":{"footnotes":""},"categories":[21,36,42,4,7,28,37,39],"tags":[31,14,13,15],"class_list":["post-1516","post","type-post","status-publish","format-standard","has-post-thumbnail","hentry","category-anti-imperialisme","category-europe","category-homophobie","category-islamophobie","category-negrophobie","category-racismes","category-romophobie","category-sans-papier","tag-belgique","tag-bruxelles","tag-nordine-saidi","tag-resistance"],"_links":{"self":[{"href":"https:\/\/bruxelles-pantheres.be\/index.php?rest_route=\/wp\/v2\/posts\/1516","targetHints":{"allow":["GET"]}}],"collection":[{"href":"https:\/\/bruxelles-pantheres.be\/index.php?rest_route=\/wp\/v2\/posts"}],"about":[{"href":"https:\/\/bruxelles-pantheres.be\/index.php?rest_route=\/wp\/v2\/types\/post"}],"author":[{"embeddable":true,"href":"https:\/\/bruxelles-pantheres.be\/index.php?rest_route=\/wp\/v2\/users\/1"}],"replies":[{"embeddable":true,"href":"https:\/\/bruxelles-pantheres.be\/index.php?rest_route=%2Fwp%2Fv2%2Fcomments&post=1516"}],"version-history":[{"count":1,"href":"https:\/\/bruxelles-pantheres.be\/index.php?rest_route=\/wp\/v2\/posts\/1516\/revisions"}],"predecessor-version":[{"id":1517,"href":"https:\/\/bruxelles-pantheres.be\/index.php?rest_route=\/wp\/v2\/posts\/1516\/revisions\/1517"}],"wp:featuredmedia":[{"embeddable":true,"href":"https:\/\/bruxelles-pantheres.be\/index.php?rest_route=\/wp\/v2\/media\/881"}],"wp:attachment":[{"href":"https:\/\/bruxelles-pantheres.be\/index.php?rest_route=%2Fwp%2Fv2%2Fmedia&parent=1516"}],"wp:term":[{"taxonomy":"category","embeddable":true,"href":"https:\/\/bruxelles-pantheres.be\/index.php?rest_route=%2Fwp%2Fv2%2Fcategories&post=1516"},{"taxonomy":"post_tag","embeddable":true,"href":"https:\/\/bruxelles-pantheres.be\/index.php?rest_route=%2Fwp%2Fv2%2Ftags&post=1516"}],"curies":[{"name":"wp","href":"https:\/\/api.w.org\/{rel}","templated":true}]}}