{"id":1520,"date":"2011-11-02T23:21:34","date_gmt":"2011-11-02T22:21:34","guid":{"rendered":"https:\/\/bruxelles-pantheres.be\/?p=1520"},"modified":"2013-11-27T23:24:41","modified_gmt":"2013-11-27T22:24:41","slug":"saigner-les-chomeurs-pour-soigner-les-banquiers-inacceptable","status":"publish","type":"post","link":"https:\/\/bruxelles-pantheres.be\/?p=1520","title":{"rendered":"Saigner les ch\u00f4meurs pour soigner les banquiers? Inacceptable!"},"content":{"rendered":"<table width=\"497\">\n<tbody>\n<tr>\n<td width=\"100%\"><img decoding=\"async\" class=\"decoded aligncenter\" alt=\"http:\/\/www.egalite.be\/wp-content\/uploads\/2011\/11\/png_dessin298_titom_chasse_aux_chomeurs-300x212.png\" src=\"http:\/\/www.egalite.be\/wp-content\/uploads\/2011\/11\/png_dessin298_titom_chasse_aux_chomeurs-300x212.png\" \/><\/td>\n<td align=\"right\" width=\"100%\"><\/td>\n<td align=\"right\" width=\"100%\"><\/td>\n<td align=\"right\" width=\"100%\"><\/td>\n<\/tr>\n<\/tbody>\n<\/table>\n<h3 style=\"text-align: center;\">Carte-blanche :<\/h3>\n<p>publi\u00e9e dans Le Soir du 26 octobre 2011<\/p>\n<p style=\"text-align: justify;\">par<strong> Thierry Bodson<\/strong>, Secr\u00e9taire g\u00e9n\u00e9ral de la FGTB Wallonne;<strong> Alain Clauwaert<\/strong>, Pr\u00e9sident,<strong> Paul Lootens<\/strong>, Secr\u00e9taire g\u00e9n\u00e9ral de la Centrale g\u00e9n\u00e9rale; <strong>Jean-Marie Constant<\/strong>, Pr\u00e9sident du Comit\u00e9 R\u00e9gional Wallon de la CSC; <strong>Erwin De Deyn<\/strong>, Pr\u00e9sident et <strong>Myriam Delm\u00e9e<\/strong>, Vice-Pr\u00e9sidente du SETCA; <strong>Arnaud Lismond<\/strong>, Pr\u00e9sident du Collectif solidarit\u00e9 contre l\u2019exclusion; <strong>Pedro Rodriguez<\/strong>, Responsable Francophone des Travailleurs Sans Emploi de la CSC; <strong>Guy Tordeur <\/strong>Secr\u00e9taire f\u00e9d\u00e9ral et <strong>Philippe Vansnick<\/strong>, Secr\u00e9taire f\u00e9d\u00e9ral adjoint de la CSC Bruxelles;<strong> V\u00e9ronique van der Plancke<\/strong>, Vice-Pr\u00e9sidente de la Ligue des droits de l\u2019Homme; <strong>Felipe Van Keirsbilck<\/strong>, Secr\u00e9taire g\u00e9n\u00e9ral\u00a0 de la Centrale Nationale des Employ\u00e9s; <strong>Philippe Van Muylder<\/strong>, Secr\u00e9taire g\u00e9n\u00e9ral de la FGTB Bruxelles.<\/p>\n<p>Alors que l\u2019Etat f\u00e9d\u00e9ral se pr\u00e9pare une nouvelle fois \u00e0 mettre \u00e0 charge des contribuables les pertes li\u00e9es aux sp\u00e9culations des banquiers, nous n\u2019accepterons pas que le nouveau gouvernement demande aux ch\u00f4meurs de r\u00e9gler l\u2019addition.<!--more--><\/p>\n<p style=\"text-align: justify;\">Cet \u00e9t\u00e9, la Ministre F\u00e9d\u00e9rale de l\u2019emploi pointait elle-m\u00eame l\u2019augmentation fulgurante des sanctions contre les ch\u00f4meurs (suspensions, exclusions\u2026) depuis l\u2019adoption en 2004 du \u00ab\u00a0plan de contr\u00f4le renforc\u00e9\u00a0\u00bb et la syst\u00e9matisation de la transmission \u00e0 l\u2019ONEm des informations des offices de placement r\u00e9gionaux (de 34.000 \u00e0 108.000 sanctions annuelles en 10 ans).<\/p>\n<p>Les responsables politiques connaissent donc tr\u00e8s bien les effets socialement d\u00e9sastreux de ce que nous d\u00e9non\u00e7ons depuis 2004 comme une v\u00e9ritable \u00ab\u00a0chasse aux ch\u00f4meurs\u00a0\u00bb et dont les CPAS wallons pointent \u00e9galement les effets catastrophiques. Nous attendons donc du futur gouvernement f\u00e9d\u00e9ral qu\u2019il y mette fin.<\/p>\n<p><strong>Exclure, appauvrir et scinder<\/strong><\/p>\n<p>Nous sommes choqu\u00e9s que les discussions li\u00e9es \u00e0 la formation d\u2019un nouveau Gouvernement f\u00e9d\u00e9ral ne pr\u00e9voient pas de stopper l\u2019avalanche de contr\u00f4les et d\u2019exclusions que subissent les sans emploi, mais bien de lancer une nouvelle chasse aux ch\u00f4meurs qui les rejettera par dizaines de milliers dans la pauvret\u00e9 et vers les CPAS.<\/p>\n<p>Le contr\u00f4le et l\u2019accompagnement renforc\u00e9s des ch\u00f4meurs ne cr\u00e9ent pas un seul emploi, mais bien des avalanches de sanctions et d\u2019exclusions. Car il n\u2019y a pas aujourd\u2019hui un manque de travailleurs, mais un manque d\u2019emplois offerts. Il est cynique de forcer 100 ch\u00f4meurs \u00e0 multiplier des d\u00e9marches de recherche d\u2019avance inutiles s\u2019il n\u2019y a qu\u2019un seul emploi disponible. Et pourtant c\u2019est bien l\u2019extension et le renforcement du contr\u00f4le qui sont actuellement discut\u00e9s : pour les jeunes, avant m\u00eame de percevoir une premi\u00e8re allocation et m\u00eame pour les plus de 50 ans !\u00a0 Les ch\u00f4meurs ont besoin d\u2019\u00eatre accompagn\u00e9s, pas d\u2019\u00eatre harcel\u00e9s. Il est inacceptable de sanctionner quelqu\u2019un \u00e0 qui on n\u2019a pu proposer aucun emploi convenable.<\/p>\n<p>L\u2019appauvrissement des ch\u00f4meurs est \u00e9galement en discussion\u00a0: les allocations des ch\u00f4meurs de longue dur\u00e9e (pourtant d\u00e9j\u00e0 inf\u00e9rieures au seuil de pauvret\u00e9) seraient diminu\u00e9es au nom du retour \u00e0 l\u2019emploi. Cela signifie dans les faits d\u00e9molir un pan de la s\u00e9curit\u00e9 sociale f\u00e9d\u00e9rale et renvoyer ultimement les sans emploi vers la solidarit\u00e9 organis\u00e9e au niveau des CPAS ou des familles pour les uns, vers le d\u00e9nuement pour les autres.<\/p>\n<p>La \u00ab\u00a0responsabilisation\u00a0\u00bb des r\u00e9gions sur l\u2019\u00e9volution de leur taux d\u2019emploi risque \u00e9galement de les pousser \u00e0 rejeter les sans emploi hors de leurs fronti\u00e8res (comme ce fut r\u00e9cemment le cas pour les demandeurs d\u2019asile) et toute atteinte \u00e0 l\u2019unit\u00e9 f\u00e9d\u00e9rale des normes de l\u2019assurance ch\u00f4mage et de leur contr\u00f4le ne manquera pas de g\u00e9n\u00e9rer \u00e0 br\u00e8ve \u00e9ch\u00e9ance la scission de l\u2019indemnisation du ch\u00f4mage et d\u00e9s lors de la formation des salaires. On le sait, dans le contexte d\u2019\u00e9volutions d\u00e9mographiques diff\u00e9renti\u00e9es\u00a0 certaines forces nationalistes ne verraient pas cette scission d\u2019un mauvais \u0153il, tandis que le patronat y trouverait un nouvel instrument majeur pour mettre en concurrence les travailleurs des diff\u00e9rentes r\u00e9gions et casser les protections sociales.<\/p>\n<p><strong>Refusons que l\u2019on brade la s\u00e9curit\u00e9 sociale<\/strong><\/p>\n<p>A coup de r\u00e9formes fiscales injustes, les richesses se sont accumul\u00e9es dans quelques mains. Comme l\u2019indiquait Le Soir ce 13 septembre, \u00ab\u00a0La richesse globale (hors immobilier) des Belges a d\u00e9pass\u00e9 pour la premi\u00e8re fois, fin 2010, le cap des 900 milliards d\u2019euros [&#8230;] En deux ans, les actifs totaux d\u00e9tenus par des particuliers belges ont ainsi gonfl\u00e9 de plus de 100 milliards d\u2019euros\u00a0\u00bb. Pour soutenir l\u2019emploi, l\u2019Etat f\u00e9d\u00e9ral doit mobiliser ces richesses et non saigner les ch\u00f4meurs.<\/p>\n<p>Nous ne voulons pas d\u2019une soci\u00e9t\u00e9 \u00e0 l\u2019am\u00e9ricaine, toujours plus in\u00e9galitaire, o\u00f9 l\u2019indemnisation limit\u00e9e dans le temps du ch\u00f4mage cr\u00e9e une horde de travailleurs pauvres. Ce mod\u00e8le a \u00e9chou\u00e9 l\u00e0-bas, nous refusons qu\u2019on nous l\u2019impose ici.<\/p>\n<p>L\u2019assurance ch\u00f4mage est un pilier essentiel de la s\u00e9curit\u00e9 sociale, dont nous avons h\u00e9rit\u00e9 des luttes ant\u00e9rieures. Elle organise la solidarit\u00e9 entre les travailleurs, entre les r\u00e9gions et oblige les employeurs \u00e0 offrir au moins une r\u00e9mun\u00e9ration et des conditions de travail minimales. Nous refusons que l\u2019on brade la s\u00e9curit\u00e9 sociale et la solidarit\u00e9 nationale en pr\u00e9tendant les sauver. Nous refusons que l\u2019on fasse payer les ch\u00f4meurs pour financer les banquiers.<\/p>\n<p>Nous en appelons \u00e0 un large d\u00e9bat public, \u00e0 l\u2019\u00e9laboration d\u2019un projet d\u2019avenir \u00e9quilibr\u00e9 qui ne se fasse pas sur le dos des sans emploi et, au besoin, \u00e0 la mobilisation sociale et citoyenne pour d\u00e9fendre l\u2019assurance ch\u00f4mage, part essentielle de la s\u00e9curit\u00e9 sociale f\u00e9d\u00e9rale construite par les travailleurs de ce pays.<\/p>\n<p style=\"text-align: justify;\"><a href=\"http:\/\/www.asbl-csce.be\/index.php?option=com_content&amp;task=view&amp;id=38\">http:\/\/www.asbl-csce.be\/index.php?option=com_content&amp;task=view&amp;id=38<\/a><\/p>\n","protected":false},"excerpt":{"rendered":"<p>Carte-blanche : publi\u00e9e dans Le Soir du 26 octobre 2011 par Thierry Bodson, Secr\u00e9taire g\u00e9n\u00e9ral de la FGTB Wallonne; Alain Clauwaert, Pr\u00e9sident, Paul Lootens, Secr\u00e9taire g\u00e9n\u00e9ral de la Centrale g\u00e9n\u00e9rale; Jean-Marie Constant, Pr\u00e9sident du Comit\u00e9 R\u00e9gional Wallon de la CSC; Erwin De Deyn, Pr\u00e9sident et Myriam Delm\u00e9e, Vice-Pr\u00e9sidente du SETCA; Arnaud Lismond, Pr\u00e9sident du Collectif &#8230; <a title=\"Saigner les ch\u00f4meurs pour soigner les banquiers? Inacceptable!\" class=\"read-more\" href=\"https:\/\/bruxelles-pantheres.be\/?p=1520\" aria-label=\"En savoir plus sur Saigner les ch\u00f4meurs pour soigner les banquiers? Inacceptable!\">Lire la suite<\/a><\/p>\n","protected":false},"author":1,"featured_media":878,"comment_status":"open","ping_status":"open","sticky":false,"template":"","format":"standard","meta":{"footnotes":""},"categories":[22],"tags":[31,14,23,19],"class_list":["post-1520","post","type-post","status-publish","format-standard","has-post-thumbnail","hentry","category-emploi","tag-belgique","tag-bruxelles","tag-discrimination","tag-pauvrete"],"_links":{"self":[{"href":"https:\/\/bruxelles-pantheres.be\/index.php?rest_route=\/wp\/v2\/posts\/1520","targetHints":{"allow":["GET"]}}],"collection":[{"href":"https:\/\/bruxelles-pantheres.be\/index.php?rest_route=\/wp\/v2\/posts"}],"about":[{"href":"https:\/\/bruxelles-pantheres.be\/index.php?rest_route=\/wp\/v2\/types\/post"}],"author":[{"embeddable":true,"href":"https:\/\/bruxelles-pantheres.be\/index.php?rest_route=\/wp\/v2\/users\/1"}],"replies":[{"embeddable":true,"href":"https:\/\/bruxelles-pantheres.be\/index.php?rest_route=%2Fwp%2Fv2%2Fcomments&post=1520"}],"version-history":[{"count":1,"href":"https:\/\/bruxelles-pantheres.be\/index.php?rest_route=\/wp\/v2\/posts\/1520\/revisions"}],"predecessor-version":[{"id":1521,"href":"https:\/\/bruxelles-pantheres.be\/index.php?rest_route=\/wp\/v2\/posts\/1520\/revisions\/1521"}],"wp:featuredmedia":[{"embeddable":true,"href":"https:\/\/bruxelles-pantheres.be\/index.php?rest_route=\/wp\/v2\/media\/878"}],"wp:attachment":[{"href":"https:\/\/bruxelles-pantheres.be\/index.php?rest_route=%2Fwp%2Fv2%2Fmedia&parent=1520"}],"wp:term":[{"taxonomy":"category","embeddable":true,"href":"https:\/\/bruxelles-pantheres.be\/index.php?rest_route=%2Fwp%2Fv2%2Fcategories&post=1520"},{"taxonomy":"post_tag","embeddable":true,"href":"https:\/\/bruxelles-pantheres.be\/index.php?rest_route=%2Fwp%2Fv2%2Ftags&post=1520"}],"curies":[{"name":"wp","href":"https:\/\/api.w.org\/{rel}","templated":true}]}}