{"id":1528,"date":"2011-10-23T23:32:52","date_gmt":"2011-10-23T22:32:52","guid":{"rendered":"https:\/\/bruxelles-pantheres.be\/?p=1528"},"modified":"2013-11-27T23:35:19","modified_gmt":"2013-11-27T22:35:19","slug":"contre-lisolement-carceral","status":"publish","type":"post","link":"https:\/\/bruxelles-pantheres.be\/?p=1528","title":{"rendered":"Contre l\u2019isolement carce\u0301ral"},"content":{"rendered":"<p><iframe src=\"\/\/www.youtube.com\/embed\/Vz5DfEgRLhw\" height=\"315\" width=\"420\" allowfullscreen=\"\" frameborder=\"0\"><\/iframe><\/p>\n<p>Samira Benallal :<br \/>\nPour rappel, nous nous sommes rassembler pour d\u00e9noncer un d\u00e9ni de justice, un isolement arbitraire et contre productif que subit mon fr\u00e8re Nordin Benallal depuis 1 an dans les HQS de la prison de Bruges. Du cas concret de Nordin, nous voulions d\u00e9noncer le traitement inhumain que vivent les d\u00e9tenus mis en isolement. Ce traitement est une v\u00e9ritable torture blanche et peu importe le d\u00e9lit commis par les d\u00e9tenus, \u00e7a reste avant tout des \u00eatre humains qui doivent purger leur peine dans le respect de la dignit\u00e9 humaine.<\/p>\n","protected":false},"excerpt":{"rendered":"<p>Samira Benallal : Pour rappel, nous nous sommes rassembler pour d\u00e9noncer un d\u00e9ni de justice, un isolement arbitraire et contre productif que subit mon fr\u00e8re Nordin Benallal depuis 1 an dans les HQS de la prison de Bruges. Du cas concret de Nordin, nous voulions d\u00e9noncer le traitement inhumain que vivent les d\u00e9tenus mis en &#8230; <a title=\"Contre l\u2019isolement carce\u0301ral\" class=\"read-more\" href=\"https:\/\/bruxelles-pantheres.be\/?p=1528\" aria-label=\"En savoir plus sur Contre l\u2019isolement carce\u0301ral\">Lire la suite<\/a><\/p>\n","protected":false},"author":1,"featured_media":443,"comment_status":"open","ping_status":"open","sticky":false,"template":"","format":"standard","meta":{"footnotes":""},"categories":[24,8,28,17,5],"tags":[31,14,76,29],"class_list":["post-1528","post","type-post","status-publish","format-standard","has-post-thumbnail","hentry","category-belgique-maroc","category-prisons","category-racismes","category-video","category-violence-policiere","tag-belgique","tag-bruxelles","tag-nordin-benallal","tag-torture"],"_links":{"self":[{"href":"https:\/\/bruxelles-pantheres.be\/index.php?rest_route=\/wp\/v2\/posts\/1528","targetHints":{"allow":["GET"]}}],"collection":[{"href":"https:\/\/bruxelles-pantheres.be\/index.php?rest_route=\/wp\/v2\/posts"}],"about":[{"href":"https:\/\/bruxelles-pantheres.be\/index.php?rest_route=\/wp\/v2\/types\/post"}],"author":[{"embeddable":true,"href":"https:\/\/bruxelles-pantheres.be\/index.php?rest_route=\/wp\/v2\/users\/1"}],"replies":[{"embeddable":true,"href":"https:\/\/bruxelles-pantheres.be\/index.php?rest_route=%2Fwp%2Fv2%2Fcomments&post=1528"}],"version-history":[{"count":1,"href":"https:\/\/bruxelles-pantheres.be\/index.php?rest_route=\/wp\/v2\/posts\/1528\/revisions"}],"predecessor-version":[{"id":1529,"href":"https:\/\/bruxelles-pantheres.be\/index.php?rest_route=\/wp\/v2\/posts\/1528\/revisions\/1529"}],"wp:featuredmedia":[{"embeddable":true,"href":"https:\/\/bruxelles-pantheres.be\/index.php?rest_route=\/wp\/v2\/media\/443"}],"wp:attachment":[{"href":"https:\/\/bruxelles-pantheres.be\/index.php?rest_route=%2Fwp%2Fv2%2Fmedia&parent=1528"}],"wp:term":[{"taxonomy":"category","embeddable":true,"href":"https:\/\/bruxelles-pantheres.be\/index.php?rest_route=%2Fwp%2Fv2%2Fcategories&post=1528"},{"taxonomy":"post_tag","embeddable":true,"href":"https:\/\/bruxelles-pantheres.be\/index.php?rest_route=%2Fwp%2Fv2%2Ftags&post=1528"}],"curies":[{"name":"wp","href":"https:\/\/api.w.org\/{rel}","templated":true}]}}