{"id":1534,"date":"2011-09-22T23:43:35","date_gmt":"2011-09-22T22:43:35","guid":{"rendered":"https:\/\/bruxelles-pantheres.be\/?p=1534"},"modified":"2013-11-27T23:45:57","modified_gmt":"2013-11-27T22:45:57","slug":"troy-davis-avait-fait-parvenir-une-lettre-a-ses-avocats-en-voici-de-larges-extraits","status":"publish","type":"post","link":"https:\/\/bruxelles-pantheres.be\/?p=1534","title":{"rendered":"Troy Davis avait fait parvenir une lettre \u00e0 ses avocats. En voici de larges extraits"},"content":{"rendered":"<div class=\"entry-content\">\n<p><a href=\"http:\/\/www.egalite.be\/wp-content\/uploads\/2011\/09\/I_am_troy_davis.jpg\"><img decoding=\"async\" class=\"size-full wp-image-533 alignleft\" title=\"I_am_troy_davis\" alt=\"\" src=\"http:\/\/www.egalite.be\/wp-content\/uploads\/2011\/09\/I_am_troy_davis.jpg\" width=\"100\" height=\"166\" \/><\/a><\/p>\n<p>\u00ab\u00a0Je veux vous remercier tous pour vos efforts et votre d\u00e9vouement en faveur des droits de l\u2019homme et de la bont\u00e9 humaine ; lors de ces derni\u00e8res ann\u00e9es, j\u2019ai \u00e9prouv\u00e9 tant d\u2019\u00e9motions, de joie, de tristesse\u2026 sans jamais perdre la foi. C\u2019est gr\u00e2ce \u00e0 vous tous que je suis en vie aujourd\u2019hui (\u2026) Ma soeur Martina me dit (\u2026) qu\u2019elle n\u2019arr\u00eatera jamais de se battre pour me sauver la vie et prouver au monde que je suis innocent de ce crime terrible.<!--more--><\/p>\n<p>Je suis \u00e9mu, quand je d\u00e9couvre des mails du monde entier, venant d\u2019endroits que je n\u2019imaginais m\u00eame pas conna\u00eetre un jour, de personnes parlant des langues et exprimant des cultures et des religions que je ne pouvais seulement esp\u00e9rer d\u00e9couvrir un jour (\u2026) Ce n\u2019est pas une affaire qui concerne la peine de mort, ce n\u2019est pas une affaire qui concerne Troy Davis, c\u2019est une affaire qui touche \u00e0 la justice et \u00e0 l\u2019esprit humain (\u2026)<\/p>\n<p>\u00ab\u00a0Il y a tant d\u2019autres Troy Davis\u00a0\u00bb<\/p>\n<p>Je ne peux pas r\u00e9pondre \u00e0 toutes vos lettres, mais je les lis toutes. Je ne peux pas vous voir tous, mais j\u2019imagine vos visages. Je ne peux pas vous entendre parler, mais vos lettres m\u2019emm\u00e8nent aux quatre coins du monde. Je ne peux pas vous toucher physiquement, mais je sens votre chaleur tous les jours que j\u2019existe.<\/p>\n<p>Donc merci, et souvenez-vous que je suis dans un endroit o\u00f9 l\u2019ex\u00e9cution peut seulement d\u00e9truire votre \u00e9tat physique, mais gr\u00e2ce \u00e0 ma foi en Dieu, \u00e0 ma famille et \u00e0 vous tous, je suis spirituellement libre depuis longtemps, et peu importe ce qui arrivera dans les jours et les semaines \u00e0 venir, ce mouvement pour abolir la peine de mort, pour rechercher la vraie justice, pour faire \u00e9clater un syst\u00e8me qui ne r\u00e9ussit pas \u00e0 prot\u00e9ger ses innocents, doit \u00eatre acc\u00e9l\u00e9r\u00e9.<\/p>\n<p>Il y a tant d\u2019autres Troy Davis. Ce combat pour abolir la peine de mort ne sera pas gagn\u00e9 ou perdu \u00e0 travers moi, mais \u00e0 travers notre force \u00e0 avancer et \u00e0 sauver chaque personne innocente emprisonn\u00e9e \u00e0 travers le monde. Nous devons d\u00e9manteler ce syst\u00e8me injuste, ville par ville, \u00c9tat par \u00c9tat, et pays par pays. J\u2019ai h\u00e2te d\u2019\u00eatre avec vous, peu importe que ce soit physiquement ou spirituellement, et ce jour-l\u00e0, j\u2019annoncerai : \u2018Je suis Troy Davis, et je suis libre !\u2019 \u2018Ne cessez jamais le combat pour la justice, et nous gagnerons !\u2019\u00a0\u00bb<\/p>\n<\/div>\n","protected":false},"excerpt":{"rendered":"<p>\u00ab\u00a0Je veux vous remercier tous pour vos efforts et votre d\u00e9vouement en faveur des droits de l\u2019homme et de la bont\u00e9 humaine ; lors de ces derni\u00e8res ann\u00e9es, j\u2019ai \u00e9prouv\u00e9 tant d\u2019\u00e9motions, de joie, de tristesse\u2026 sans jamais perdre la foi. C\u2019est gr\u00e2ce \u00e0 vous tous que je suis en vie aujourd\u2019hui (\u2026) Ma soeur &#8230; <a title=\"Troy Davis avait fait parvenir une lettre \u00e0 ses avocats. En voici de larges extraits\" class=\"read-more\" href=\"https:\/\/bruxelles-pantheres.be\/?p=1534\" aria-label=\"En savoir plus sur Troy Davis avait fait parvenir une lettre \u00e0 ses avocats. En voici de larges extraits\">Lire la suite<\/a><\/p>\n","protected":false},"author":1,"featured_media":191,"comment_status":"open","ping_status":"open","sticky":false,"template":"","format":"standard","meta":{"footnotes":""},"categories":[7,8,28],"tags":[23,29,49],"class_list":["post-1534","post","type-post","status-publish","format-standard","has-post-thumbnail","hentry","category-negrophobie","category-prisons","category-racismes","tag-discrimination","tag-torture","tag-usa"],"_links":{"self":[{"href":"https:\/\/bruxelles-pantheres.be\/index.php?rest_route=\/wp\/v2\/posts\/1534","targetHints":{"allow":["GET"]}}],"collection":[{"href":"https:\/\/bruxelles-pantheres.be\/index.php?rest_route=\/wp\/v2\/posts"}],"about":[{"href":"https:\/\/bruxelles-pantheres.be\/index.php?rest_route=\/wp\/v2\/types\/post"}],"author":[{"embeddable":true,"href":"https:\/\/bruxelles-pantheres.be\/index.php?rest_route=\/wp\/v2\/users\/1"}],"replies":[{"embeddable":true,"href":"https:\/\/bruxelles-pantheres.be\/index.php?rest_route=%2Fwp%2Fv2%2Fcomments&post=1534"}],"version-history":[{"count":1,"href":"https:\/\/bruxelles-pantheres.be\/index.php?rest_route=\/wp\/v2\/posts\/1534\/revisions"}],"predecessor-version":[{"id":1535,"href":"https:\/\/bruxelles-pantheres.be\/index.php?rest_route=\/wp\/v2\/posts\/1534\/revisions\/1535"}],"wp:featuredmedia":[{"embeddable":true,"href":"https:\/\/bruxelles-pantheres.be\/index.php?rest_route=\/wp\/v2\/media\/191"}],"wp:attachment":[{"href":"https:\/\/bruxelles-pantheres.be\/index.php?rest_route=%2Fwp%2Fv2%2Fmedia&parent=1534"}],"wp:term":[{"taxonomy":"category","embeddable":true,"href":"https:\/\/bruxelles-pantheres.be\/index.php?rest_route=%2Fwp%2Fv2%2Fcategories&post=1534"},{"taxonomy":"post_tag","embeddable":true,"href":"https:\/\/bruxelles-pantheres.be\/index.php?rest_route=%2Fwp%2Fv2%2Ftags&post=1534"}],"curies":[{"name":"wp","href":"https:\/\/api.w.org\/{rel}","templated":true}]}}