{"id":1538,"date":"2011-08-26T23:48:51","date_gmt":"2011-08-26T22:48:51","guid":{"rendered":"https:\/\/bruxelles-pantheres.be\/?p=1538"},"modified":"2013-11-27T23:50:26","modified_gmt":"2013-11-27T22:50:26","slug":"message-a-envoye-a-de-creminelle","status":"publish","type":"post","link":"https:\/\/bruxelles-pantheres.be\/?p=1538","title":{"rendered":"Message \u00e0 envoy\u00e9 \u00e0 De Creminelle"},"content":{"rendered":"<p>&nbsp;<\/p>\n<div class=\"entry-content\">\n<p><a href=\"http:\/\/www.egalite.be\/wp-content\/uploads\/2011\/08\/crembo-in-axie1.jpg\"><img decoding=\"async\" class=\"aligncenter size-medium wp-image-488\" title=\"crembo-in-axie\" alt=\"\" src=\"http:\/\/www.egalite.be\/wp-content\/uploads\/2011\/08\/crembo-in-axie1-300x239.jpg\" width=\"300\" height=\"239\" \/><\/a><\/p>\n<p>Monsieur le Ministre,\u00a0<a href=\"http:\/\/www.pieterdecrem.be\/index.php?id=153&amp;L=1\" target=\"_blank\" rel=\"nofollow\">http:\/\/www.pieterdecrem.be\/index.php?id=153&amp;L=1<\/a><br \/>\nVous n\u2019ignorez certainement pas que les habitants de la bande de Gaza sont en train de se faire bombarder quotidiennement par l\u2019\u00e9tat d\u2019Isra\u00ebl.<br \/>\nHommes, femmes, enfants, vieillard, handicap\u00e9s, les bombes sionistes ne font pas de distinction.<!--more--><br \/>\nAvec la m\u00eame logique que celle adopter en Lybie, c\u2019est \u00e0 dire bombarder le pays pour \u00ab\u00a0sauver\u00a0\u00bb les civils, je vous demande que nos F16 qui bombardent encore aujourd\u2019hui la Libye, s\u2019en aillent bombarder TEL AVIV pour que les isra\u00e9liens se retourne contre leur propre gouvernement afin qu\u2019il cesse de massacrer des civils innocents.<\/p>\n<\/div>\n","protected":false},"excerpt":{"rendered":"<p>&nbsp; Monsieur le Ministre,\u00a0http:\/\/www.pieterdecrem.be\/index.php?id=153&amp;L=1 Vous n\u2019ignorez certainement pas que les habitants de la bande de Gaza sont en train de se faire bombarder quotidiennement par l\u2019\u00e9tat d\u2019Isra\u00ebl. Hommes, femmes, enfants, vieillard, handicap\u00e9s, les bombes sionistes ne font pas de distinction.<\/p>\n","protected":false},"author":1,"featured_media":734,"comment_status":"open","ping_status":"open","sticky":false,"template":"","format":"standard","meta":{"footnotes":""},"categories":[21],"tags":[31,38,13],"class_list":["post-1538","post","type-post","status-publish","format-standard","has-post-thumbnail","hentry","category-anti-imperialisme","tag-belgique","tag-guerre","tag-nordine-saidi"],"_links":{"self":[{"href":"https:\/\/bruxelles-pantheres.be\/index.php?rest_route=\/wp\/v2\/posts\/1538","targetHints":{"allow":["GET"]}}],"collection":[{"href":"https:\/\/bruxelles-pantheres.be\/index.php?rest_route=\/wp\/v2\/posts"}],"about":[{"href":"https:\/\/bruxelles-pantheres.be\/index.php?rest_route=\/wp\/v2\/types\/post"}],"author":[{"embeddable":true,"href":"https:\/\/bruxelles-pantheres.be\/index.php?rest_route=\/wp\/v2\/users\/1"}],"replies":[{"embeddable":true,"href":"https:\/\/bruxelles-pantheres.be\/index.php?rest_route=%2Fwp%2Fv2%2Fcomments&post=1538"}],"version-history":[{"count":1,"href":"https:\/\/bruxelles-pantheres.be\/index.php?rest_route=\/wp\/v2\/posts\/1538\/revisions"}],"predecessor-version":[{"id":1539,"href":"https:\/\/bruxelles-pantheres.be\/index.php?rest_route=\/wp\/v2\/posts\/1538\/revisions\/1539"}],"wp:featuredmedia":[{"embeddable":true,"href":"https:\/\/bruxelles-pantheres.be\/index.php?rest_route=\/wp\/v2\/media\/734"}],"wp:attachment":[{"href":"https:\/\/bruxelles-pantheres.be\/index.php?rest_route=%2Fwp%2Fv2%2Fmedia&parent=1538"}],"wp:term":[{"taxonomy":"category","embeddable":true,"href":"https:\/\/bruxelles-pantheres.be\/index.php?rest_route=%2Fwp%2Fv2%2Fcategories&post=1538"},{"taxonomy":"post_tag","embeddable":true,"href":"https:\/\/bruxelles-pantheres.be\/index.php?rest_route=%2Fwp%2Fv2%2Ftags&post=1538"}],"curies":[{"name":"wp","href":"https:\/\/api.w.org\/{rel}","templated":true}]}}