{"id":1542,"date":"2011-08-04T23:54:14","date_gmt":"2011-08-04T22:54:14","guid":{"rendered":"https:\/\/bruxelles-pantheres.be\/?p=1542"},"modified":"2013-11-27T23:57:54","modified_gmt":"2013-11-27T22:57:54","slug":"la-marche-des-sans-papiers","status":"publish","type":"post","link":"https:\/\/bruxelles-pantheres.be\/?p=1542","title":{"rendered":"La marche des Sans Papiers"},"content":{"rendered":"<p style=\"text-align: right;\"><em><strong>La marche des Sans Papiers Le 19 Juillet 2011\u00a0<\/strong><\/em><\/p>\n<p>Le mardi 19 juillet, pr\u00e8s de 200 sans-papiers ont manifest\u00e9 devant les bureaux du cdH et devant le cabinet du secr\u00e9taire d\u2019\u00c9tat \u00e0 la politique de Migration et d\u2019Asile, Melchior Wathelet.<br \/>\nNous avons interrog\u00e9 les manifestants sur les raisons de leur engagement.<\/p>\n<p>Bachir du SPBelgique et Olivier de Bxlaique<!--more--><iframe src=\"\/\/player.vimeo.com\/video\/27028050\" height=\"281\" width=\"500\" allowfullscreen=\"\" frameborder=\"0\"><\/iframe><\/p>\n<p><a href=\"http:\/\/vimeo.com\/27028050\">SANS PAPIERS avec citoyennet\u00e9<\/a> from <a href=\"http:\/\/vimeo.com\/bxllaique\">BRUXELLES LAIQUE<\/a> on <a href=\"https:\/\/vimeo.com\">Vimeo<\/a>.<\/p>\n<h1>LA VOI SANS FRONTI\u00c8RES<\/h1>\n<div>\n<p>La voi sans fronti\u00e8res veut donner la parole aux sans papiers. Elle diffuse des infos, cr\u00e9e des d\u00e9bats et r\u00e9colte des t\u00e9moignages autour des luttes des sans papiers mais aussi sur leur vie au quotidien. L\u2019id\u00e9e de l\u2019\u00e9mission est n\u00e9e de discussions sur comment relancer une \u00e9nergie et une envie de lutter. En \u00e9mettant principalement en fran\u00e7ais et en arabe, nous voulons ainsi cr\u00e9er une espace de rencontre.<\/p>\n<p>Nous accueillons tous ceux qui veulent nous rejoindre, que \u00e7a soit d\u2019autres horizons ou dans une autre langue, pour cr\u00e9er cette \u00e9mission. Pour le moment l\u2019\u00e9quipe c\u2019est Faissal, Sa\u00efd, Gwendoline, C\u00e9line, Anas et Maaika.<\/p>\n<p>Contact\u00a0: vsf1000@hotmail.fr ou appelez pendant l\u2019\u00e9mission au 02\/7320450<\/p>\n<p><em>Chaque 4i\u00e8me samedi du mois et rediffus\u00e9 le deuxi\u00e8me samedi du mois d\u2019apr\u00e8s\u00a0!<\/em><\/p>\n<p>105.4 FM ou sur internet :\u00a0<a href=\"http:\/\/www.radiopanik.org\/spip\/Ecoutez-radio-Panik\">http:\/\/www.radiopanik.org\/spip\/Ecoutez-radio-Panik<\/a><\/p>\n<\/div>\n<h3><strong>Emission du 23 Juillet 2011:T\u00e9moinages de centres ferm\u00e9s\u00a0<\/strong><\/h3>\n<div>Mis en ligne le vendredi 22 juillet 2011 par\u00a0<a href=\"http:\/\/www.radiopanik.org\/spip\/_Orignal_\">Orignal<\/a><\/div>\n<p>Les centres ferm\u00e9s sont des prisons plus que m\u00e9connues en Belgique et partout en Europe. Nous avons d\u00e9cid\u00e9 de reprendre toute une s\u00e9rie de t\u00e9moignages du site gettingthevoiceout.wordpress.com et de vous les proposer. Ces t\u00e9moignages de d\u00e9tenus qui nous viennent de l\u2019int\u00e9rieur permettent de mieux comprendre l\u2019horreur de ces centres et des politiques d\u2019expulsion et de migration en g\u00e9n\u00e9ral.<\/p>\n<p><strong>Diffusions le 23\/07 et le 13\/08 en direct sur radiopanik<\/strong><\/p>\n<p>Ecoutez: \u00a0<a href=\"http:\/\/www.radiopanik.org\/spip\/IMG\/mp3\/110723_VoiSansFrontieres_TemoignagesGTVO.mp3\">La voi sans fronti\u00e8res\u00a0: Getting the voice out<\/a><br \/>\n<em>Musiques\u00a0: \u2013 Bachir \u00e0 la guitare\u00a0<\/em><\/p>\n<p><em><\/em><em><img decoding=\"async\" alt=\"-\" src=\"http:\/\/www.radiopanik.org\/spip\/squelettes-dist\/puce.gif\" width=\"8\" height=\"11\" \/>\u00a0Les Louise Mitchels\u00a0: \u201cHeureux l\u2019\u00e9l\u00e8ve qui comme la rivi\u00e8re peut suivre son cours sans sortir de son lit\u201d\u00a0<\/em><\/p>\n<p style=\"text-align: left;\"><em><img decoding=\"async\" alt=\"-\" src=\"http:\/\/www.radiopanik.org\/spip\/squelettes-dist\/puce.gif\" width=\"8\" height=\"11\" \/>\u00a0Ren\u00e9 Binam\u00e9\u00a0: La vie s\u2019\u00e9coule<\/em><\/p>\n<p style=\"text-align: left;\"><em><\/em><iframe src=\"\/\/www.youtube.com\/embed\/JePKy9kwn7c\" height=\"315\" width=\"420\" allowfullscreen=\"\" frameborder=\"0\"><\/iframe><\/p>\n","protected":false},"excerpt":{"rendered":"<p>La marche des Sans Papiers Le 19 Juillet 2011\u00a0 Le mardi 19 juillet, pr\u00e8s de 200 sans-papiers ont manifest\u00e9 devant les bureaux du cdH et devant le cabinet du secr\u00e9taire d\u2019\u00c9tat \u00e0 la politique de Migration et d\u2019Asile, Melchior Wathelet. Nous avons interrog\u00e9 les manifestants sur les raisons de leur engagement. Bachir du SPBelgique et &#8230; <a title=\"La marche des Sans Papiers\" class=\"read-more\" href=\"https:\/\/bruxelles-pantheres.be\/?p=1542\" aria-label=\"En savoir plus sur La marche des Sans Papiers\">Lire la suite<\/a><\/p>\n","protected":false},"author":1,"featured_media":967,"comment_status":"open","ping_status":"open","sticky":false,"template":"","format":"standard","meta":{"footnotes":""},"categories":[21,24,36,8,28,37,39],"tags":[31,14,13,15],"class_list":["post-1542","post","type-post","status-publish","format-standard","has-post-thumbnail","hentry","category-anti-imperialisme","category-belgique-maroc","category-europe","category-prisons","category-racismes","category-romophobie","category-sans-papier","tag-belgique","tag-bruxelles","tag-nordine-saidi","tag-resistance"],"_links":{"self":[{"href":"https:\/\/bruxelles-pantheres.be\/index.php?rest_route=\/wp\/v2\/posts\/1542","targetHints":{"allow":["GET"]}}],"collection":[{"href":"https:\/\/bruxelles-pantheres.be\/index.php?rest_route=\/wp\/v2\/posts"}],"about":[{"href":"https:\/\/bruxelles-pantheres.be\/index.php?rest_route=\/wp\/v2\/types\/post"}],"author":[{"embeddable":true,"href":"https:\/\/bruxelles-pantheres.be\/index.php?rest_route=\/wp\/v2\/users\/1"}],"replies":[{"embeddable":true,"href":"https:\/\/bruxelles-pantheres.be\/index.php?rest_route=%2Fwp%2Fv2%2Fcomments&post=1542"}],"version-history":[{"count":1,"href":"https:\/\/bruxelles-pantheres.be\/index.php?rest_route=\/wp\/v2\/posts\/1542\/revisions"}],"predecessor-version":[{"id":1543,"href":"https:\/\/bruxelles-pantheres.be\/index.php?rest_route=\/wp\/v2\/posts\/1542\/revisions\/1543"}],"wp:featuredmedia":[{"embeddable":true,"href":"https:\/\/bruxelles-pantheres.be\/index.php?rest_route=\/wp\/v2\/media\/967"}],"wp:attachment":[{"href":"https:\/\/bruxelles-pantheres.be\/index.php?rest_route=%2Fwp%2Fv2%2Fmedia&parent=1542"}],"wp:term":[{"taxonomy":"category","embeddable":true,"href":"https:\/\/bruxelles-pantheres.be\/index.php?rest_route=%2Fwp%2Fv2%2Fcategories&post=1542"},{"taxonomy":"post_tag","embeddable":true,"href":"https:\/\/bruxelles-pantheres.be\/index.php?rest_route=%2Fwp%2Fv2%2Ftags&post=1542"}],"curies":[{"name":"wp","href":"https:\/\/api.w.org\/{rel}","templated":true}]}}