{"id":1550,"date":"2011-06-26T18:27:48","date_gmt":"2011-06-26T17:27:48","guid":{"rendered":"https:\/\/bruxelles-pantheres.be\/?p=1550"},"modified":"2013-11-30T18:29:41","modified_gmt":"2013-11-30T17:29:41","slug":"urgence-pedagogique-a-lattention-des-medias-francais","status":"publish","type":"post","link":"https:\/\/bruxelles-pantheres.be\/?p=1550","title":{"rendered":"Urgence p\u00e9dagogique \u00e0 l\u2019attention des m\u00e9dias fran\u00e7ais"},"content":{"rendered":"<div class=\"entry-content\">\n<div dir=\"ltr\"><a href=\"http:\/\/www.egalite.be\/wp-content\/uploads\/2011\/10\/Salah_6_ans.jpg\"><img decoding=\"async\" class=\"size-medium wp-image-565 alignleft\" title=\"Salah_6_ans\" alt=\"\" src=\"http:\/\/www.egalite.be\/wp-content\/uploads\/2011\/10\/Salah_6_ans-212x300.jpg\" width=\"212\" height=\"300\" \/><\/a><\/p>\n<div><strong>Face \u00e0 l\u2019indigeste tarte \u00e0 la cr\u00e8me qui nous a \u00e9t\u00e9 propos\u00e9e ces derniers jours par l\u2019ensemble des m\u00e9dias fran\u00e7ais c\u00e9l\u00e9brant le <em>\u00ab\u00a0triste anniversaire des 5 ans de d\u00e9tention du jeune soldat franco-isra\u00e9lien Gilad Shalit\u00a0\u00bb<\/em>, il me para\u00eet urgent de rappeler certains faits:<\/strong><\/div>\n<div>&#8211;\u00a0\u00a0\u00a0\u00a0\u00a0\u00a0\u00a0\u00a0\u00a0 &gt; le prisonnier en question est un soldat. Captur\u00e9 par la r\u00e9sistance palestinienne lors d\u2019op\u00e9rations dans la Bande de Gaza o\u00f9 il n\u2019avait rien \u00e0 y faire, sinon exercer comme ses comp\u00e8res, ses exactions \u00e0 l\u2019encontre de populations occup\u00e9es;<\/div>\n<div>&#8211;\u00a0\u00a0\u00a0\u00a0\u00a0\u00a0\u00a0\u00a0\u00a0 &gt; rappel: qu\u2019est-ce qu\u2019un soldat? C\u2019est un individu qui accepte une formation au combat et \u00e0 la guerre. En d\u2019autres mots, son apprentissage a pour objectif de tuer;<\/div>\n<div>&#8211; \u00a0 \u00a0 \u00a0&gt; les lois isra\u00e9liennes permettant \u00e0 tout individu de refuser d\u2019effectuer son service militaire, en devenant objecteur de conscience, c\u2019est donc le strict choix de ce soldat de le prester ou non, et donc, d\u2019en subir les risques \u00e9ventuels en connaissance de cause;<\/div>\n<div>&#8211; \u00a0 \u00a0 \u00a0 &gt; en-dehors de faire l\u2019apologie du service militaire et de celles et ceux qui s\u2019y soumettent, je ne vois pas tr\u00e8s bien le but de ces relais m\u00e9diatiques, sauf \u00e0 penser que l\u2019Etat fran\u00e7ais et les m\u00e9dias qu\u2019il contr\u00f4le, sont singuli\u00e8rement complices de soutien \u00e0 l\u2019apartheid contenu, mis en place et v\u00e9rifi\u00e9 chaque jour dans l\u2019id\u00e9ologie sioniste.<!--more--><\/div>\n<div>D\u2019autre part et dans le m\u00eame ordre, pourquoi donc ces m\u00eames m\u00e9dias ignorent-ils le sort r\u00e9serv\u00e9 \u00e0 un autre jeune, Salah Hamouri, franco-palestinien? Celui-ci a \u00e9t\u00e9 captur\u00e9 par les forces arm\u00e9es isra\u00e9liennes pour motif qu\u2019il contestait l\u2019occupation de son pays, appartenait au FPLP (Front Populaire de Lib\u00e9ration de la Palestine), et <em>\u00ab\u00a0aurait eu le projet<\/em> <em>d\u2019un attentat\u00a0\u00bb<\/em>. Pour plus de d\u00e9tails, voir: <a href=\"http:\/\/fr.wikipedia.org\/wiki\/Salah_Hamouri\">http:\/\/fr.wikipedia.org\/wiki\/Salah_Hamouri<\/a><\/div>\n<div>Loin d\u2019\u00eatre un soldat, ce civil croupit depuis mars 2005 dans les ge\u00f4les isra\u00e9liennes et y purge une peine de 14 ans ramen\u00e9e \u00e0 7 ans, mais l\u00e0, aucun m\u00e9dia ne s\u2019en fait le relais. Encore et toujours, nous pouvons constater le deux poids, deux mesures dans le traitement de l\u2019information et par ricochet, dans celui de la justice\u2026<\/div>\n<div>Par ailleurs, faut-il rappeler la r\u00e9alit\u00e9 des prisons isra\u00e9liennes o\u00f9 croupissent depuis des ann\u00e9es pr\u00e8s de 10.000 prisonniers palestiniens? Faut-il rappeler que s\u2019y trouvent des femmes qui y ont accouch\u00e9 de leur b\u00e9b\u00e9 dans des conditions infra-humaines; que s\u2019y trouvent de nombreux mineurs; et aussi des mandataires politiques arr\u00eat\u00e9s pour le simple fait d\u2019appartenir au parti Hamas? Et qu\u2019en disent nos m\u00e9dias si prompts \u00e0 \u00e9riger en ic\u00f4ne l\u2019effigie d\u2019un soldat? Rien.<\/div>\n<div>Ainsi, le tr\u00e8s sioniste maire de Paris qui a refus\u00e9 de nommer Salah Hamouri en tant que citoyen d\u2019honneur de la ville de Paris \u00e0 l\u2019instar du soldat Shalit, peut bien afficher en long et en large la photo du soldat fait prisonnier par la r\u00e9sistance palestinienne, je n\u2019oublie ni ne confonds jamais les plans et sais me rappeler qui occupe brutalement l\u2019autre depuis plus de 63 ans.<\/div>\n<div>D\u00e8s lors, excusez-moi du peu, mais je me fous que la d\u00e9tention de ce soldat se poursuive encore quelques ann\u00e9es suppl\u00e9mentaires. Il a choisi de participer \u00e0 la machine de guerre isra\u00e9lienne et d\u2019occupation de terres palestiniennes, il contrevient d\u2019ailleurs ainsi aux diff\u00e9rentes r\u00e9solutions de l\u2019ONU, qu\u2019il en assume les cons\u00e9quences. Et que les m\u00e9dias franco-sionistes revoient donc leur copie !<\/div>\n<div><strong>Daniel Vanhove<\/strong><\/div>\n<div>Observateur civil<\/div>\n<div>Auteur<\/div>\n<div>26.06.11<\/div>\n<div><a href=\"http:\/\/www.egalite.be\/wp-content\/uploads\/2011\/10\/h-20-1658460-1250328835.png\"><img decoding=\"async\" class=\"aligncenter size-medium wp-image-566\" title=\"h-20-1658460-1250328835\" alt=\"\" src=\"http:\/\/www.egalite.be\/wp-content\/uploads\/2011\/10\/h-20-1658460-1250328835-212x300.png\" width=\"212\" height=\"300\" \/><\/a><\/div>\n<\/div>\n<\/div>\n","protected":false},"excerpt":{"rendered":"<p>Face \u00e0 l\u2019indigeste tarte \u00e0 la cr\u00e8me qui nous a \u00e9t\u00e9 propos\u00e9e ces derniers jours par l\u2019ensemble des m\u00e9dias fran\u00e7ais c\u00e9l\u00e9brant le \u00ab\u00a0triste anniversaire des 5 ans de d\u00e9tention du jeune soldat franco-isra\u00e9lien Gilad Shalit\u00a0\u00bb, il me para\u00eet urgent de rappeler certains faits: &#8211;\u00a0\u00a0\u00a0\u00a0\u00a0\u00a0\u00a0\u00a0\u00a0 &gt; le prisonnier en question est un soldat. Captur\u00e9 par la &#8230; <a title=\"Urgence p\u00e9dagogique \u00e0 l\u2019attention des m\u00e9dias fran\u00e7ais\" class=\"read-more\" href=\"https:\/\/bruxelles-pantheres.be\/?p=1550\" aria-label=\"En savoir plus sur Urgence p\u00e9dagogique \u00e0 l\u2019attention des m\u00e9dias fran\u00e7ais\">Lire la suite<\/a><\/p>\n","protected":false},"author":1,"featured_media":922,"comment_status":"open","ping_status":"open","sticky":false,"template":"","format":"standard","meta":{"footnotes":""},"categories":[21,6,8,18],"tags":[12,38,15],"class_list":["post-1550","post","type-post","status-publish","format-standard","has-post-thumbnail","hentry","category-anti-imperialisme","category-palestine-moyen-orient","category-prisons","category-resistance-bruxelles","tag-gaza","tag-guerre","tag-resistance"],"_links":{"self":[{"href":"https:\/\/bruxelles-pantheres.be\/index.php?rest_route=\/wp\/v2\/posts\/1550","targetHints":{"allow":["GET"]}}],"collection":[{"href":"https:\/\/bruxelles-pantheres.be\/index.php?rest_route=\/wp\/v2\/posts"}],"about":[{"href":"https:\/\/bruxelles-pantheres.be\/index.php?rest_route=\/wp\/v2\/types\/post"}],"author":[{"embeddable":true,"href":"https:\/\/bruxelles-pantheres.be\/index.php?rest_route=\/wp\/v2\/users\/1"}],"replies":[{"embeddable":true,"href":"https:\/\/bruxelles-pantheres.be\/index.php?rest_route=%2Fwp%2Fv2%2Fcomments&post=1550"}],"version-history":[{"count":1,"href":"https:\/\/bruxelles-pantheres.be\/index.php?rest_route=\/wp\/v2\/posts\/1550\/revisions"}],"predecessor-version":[{"id":1551,"href":"https:\/\/bruxelles-pantheres.be\/index.php?rest_route=\/wp\/v2\/posts\/1550\/revisions\/1551"}],"wp:featuredmedia":[{"embeddable":true,"href":"https:\/\/bruxelles-pantheres.be\/index.php?rest_route=\/wp\/v2\/media\/922"}],"wp:attachment":[{"href":"https:\/\/bruxelles-pantheres.be\/index.php?rest_route=%2Fwp%2Fv2%2Fmedia&parent=1550"}],"wp:term":[{"taxonomy":"category","embeddable":true,"href":"https:\/\/bruxelles-pantheres.be\/index.php?rest_route=%2Fwp%2Fv2%2Fcategories&post=1550"},{"taxonomy":"post_tag","embeddable":true,"href":"https:\/\/bruxelles-pantheres.be\/index.php?rest_route=%2Fwp%2Fv2%2Ftags&post=1550"}],"curies":[{"name":"wp","href":"https:\/\/api.w.org\/{rel}","templated":true}]}}