{"id":1552,"date":"2011-05-24T18:31:16","date_gmt":"2011-05-24T17:31:16","guid":{"rendered":"https:\/\/bruxelles-pantheres.be\/?p=1552"},"modified":"2013-11-30T18:38:04","modified_gmt":"2013-11-30T17:38:04","slug":"rassemblement-le-29-mai-2011-contre-le-racisme","status":"publish","type":"post","link":"https:\/\/bruxelles-pantheres.be\/?p=1552","title":{"rendered":"Rassemblement le 29 mai 2011 contre le racisme&#8230;"},"content":{"rendered":"<div><img decoding=\"async\" class=\"alignright\" alt=\"\" src=\"http:\/\/enfantsetrangers.hautetfort.com\/media\/00\/02\/3462386469.png\" \/><\/div>\n<p><em><strong>Rassemblement le 29 mai 2011 contre le racisme, la politique d\u2019immigration du gouvernement et pour la r\u00e9gularisation des sans-papiers !<!--more--><\/strong><\/em><\/p>\n<div class=\"entry-content\">\n<p>R\u00e9agissons\u00a0aux diff\u00e9rentes mesures racistes prises par le parlement et\/ou le gouvernement d\u00e9missionnaires\u00a0:\u00a0<strong> <\/strong><\/p>\n<p>\u00b7\u00a0\u00a0renvoi des prisonniers marocains (depuis le 1<sup>er<\/sup> mai)\u00a0aujourd\u2019hui essentiellement des ressortissants de la communaut\u00e9 marocaine, mais le ministre Declercq a d\u00e9j\u00e0 laiss\u00e9 entendre qu\u2019il s\u2019agit de les \u00e9tendre \u00e0 d\u2019autres nationalit\u00e9s,\u00a0<strong> <\/strong><\/p>\n<p>\u00b7\u00a0\u00a0refus d\u2019aider les Belgo-marocains d\u00e9tenus \u00e0 l\u2019\u00e9tranger, comme\u00a0\u00a0Ali Aarrass extrad\u00e9 par l\u2019Espagne au Maroc et Oussama Attar\u00a0\u00a0d\u00e9tenu en Irak),<strong> <\/strong><\/p>\n<p>\u00b7\u00a0\u00a0\u00a0vote unanime de la loi d\u2019interdiction de la burqa et interdiction quasi \u00ab\u00a0g\u00e9n\u00e9ralis\u00e9e \u00bb du voile,<strong> <\/strong><\/p>\n<p>\u00b7\u00a0\u00a0durcissement sur la\u00a0loi sur le regroupement familial<strong> <\/strong><\/p>\n<p><em>\u00b7 <\/em><em>r\u00e9forme<\/em> du Code de la\u00a0<em>Nationalit\u00e9<\/em><em> <\/em><\/p>\n<p>\u00b7\u00a0\u00a0etc.<strong> <\/strong><\/p>\n<p>Pour que cessent ces situations qui portent atteinte \u00e0 des droits fondamentaux, menacent gravement le droit d\u2019asile et ruinent l\u2019existence des personnes \u00e9trang\u00e8res vis\u00e9es, nous appelons \u00e0 un\u00a0<strong>rassemblement unitaire le 29<\/strong><strong> mai 2011 devant le\u00a0Porte-voix de l\u2019Avenue de Stalingrad <\/strong>pour exiger la suppression imm\u00e9diate de ces politiques et la r\u00e9gularisation des sans-papiers.<\/p>\n<p>Nous manifesterons le m\u00eame jour que le\u00a0Collectif national\u00a0<a href=\"http:\/\/dailleursnoussommesdici.org\/\" target=\"_blank\" rel=\"nofollow\">\u00ab\u00a0D\u2019AILLEURS NOUS SOMMES D\u2019ICI\u00a0\u00bb<\/a> (France )\u00a0\u00a0contre le racisme, la politique d\u2019immigration du gouvernement\u00a0et pour la r\u00e9gularisation des sans-papiers<\/p>\n<p style=\"text-align: right;\">Nordine Sa\u00efdi<\/p>\n<h2 style=\"text-align: center;\"><strong><span style=\"color: #ff0000;\">Il est plus que temps de r\u00e9agir\u00a0!<\/span><\/strong><\/h2>\n<p>C\u2019est pourquoi nous demandons \u00e0 votre organisation de se joindre \u00e0\u00a0\u00a0l\u2019appel ci-dessus.<\/p>\n<p>Nous vous demandons aussi de pr\u00e9parer un texte que vous pourrez lire ce jour-l\u00e0.<\/p>\n<p>Pouvez-vous d\u00e8s lors nous communiquer votre r\u00e9ponse le plus vite possible \u00e0\u00a0<a href=\"http:\/\/fr.mc256.mail.yahoo.com\/mc\/compose?to=info.egalite@gmail.com\" target=\"_blank\" rel=\"nofollow\">info.egalite@gmail.com<\/a><\/p>\n<div><img decoding=\"async\" class=\"alignright\" alt=\"\" src=\"http:\/\/enfantsetrangers.hautetfort.com\/media\/00\/02\/3462386469.png\" \/><\/div>\n<p>&nbsp;<\/p>\n<\/div>\n","protected":false},"excerpt":{"rendered":"<p>Rassemblement le 29 mai 2011 contre le racisme, la politique d\u2019immigration du gouvernement et pour la r\u00e9gularisation des sans-papiers !<\/p>\n","protected":false},"author":1,"featured_media":1119,"comment_status":"open","ping_status":"open","sticky":false,"template":"","format":"standard","meta":{"footnotes":""},"categories":[24,36,4,8,18,28,39],"tags":[31,14,23,13,15],"class_list":["post-1552","post","type-post","status-publish","format-standard","has-post-thumbnail","hentry","category-belgique-maroc","category-europe","category-islamophobie","category-prisons","category-resistance-bruxelles","category-racismes","category-sans-papier","tag-belgique","tag-bruxelles","tag-discrimination","tag-nordine-saidi","tag-resistance"],"_links":{"self":[{"href":"https:\/\/bruxelles-pantheres.be\/index.php?rest_route=\/wp\/v2\/posts\/1552","targetHints":{"allow":["GET"]}}],"collection":[{"href":"https:\/\/bruxelles-pantheres.be\/index.php?rest_route=\/wp\/v2\/posts"}],"about":[{"href":"https:\/\/bruxelles-pantheres.be\/index.php?rest_route=\/wp\/v2\/types\/post"}],"author":[{"embeddable":true,"href":"https:\/\/bruxelles-pantheres.be\/index.php?rest_route=\/wp\/v2\/users\/1"}],"replies":[{"embeddable":true,"href":"https:\/\/bruxelles-pantheres.be\/index.php?rest_route=%2Fwp%2Fv2%2Fcomments&post=1552"}],"version-history":[{"count":1,"href":"https:\/\/bruxelles-pantheres.be\/index.php?rest_route=\/wp\/v2\/posts\/1552\/revisions"}],"predecessor-version":[{"id":1553,"href":"https:\/\/bruxelles-pantheres.be\/index.php?rest_route=\/wp\/v2\/posts\/1552\/revisions\/1553"}],"wp:featuredmedia":[{"embeddable":true,"href":"https:\/\/bruxelles-pantheres.be\/index.php?rest_route=\/wp\/v2\/media\/1119"}],"wp:attachment":[{"href":"https:\/\/bruxelles-pantheres.be\/index.php?rest_route=%2Fwp%2Fv2%2Fmedia&parent=1552"}],"wp:term":[{"taxonomy":"category","embeddable":true,"href":"https:\/\/bruxelles-pantheres.be\/index.php?rest_route=%2Fwp%2Fv2%2Fcategories&post=1552"},{"taxonomy":"post_tag","embeddable":true,"href":"https:\/\/bruxelles-pantheres.be\/index.php?rest_route=%2Fwp%2Fv2%2Ftags&post=1552"}],"curies":[{"name":"wp","href":"https:\/\/api.w.org\/{rel}","templated":true}]}}