{"id":1554,"date":"2011-05-13T18:38:56","date_gmt":"2011-05-13T17:38:56","guid":{"rendered":"https:\/\/bruxelles-pantheres.be\/?p=1554"},"modified":"2013-11-30T18:46:23","modified_gmt":"2013-11-30T17:46:23","slug":"de-lart-du-sondage-comme-technique-de-propagande","status":"publish","type":"post","link":"https:\/\/bruxelles-pantheres.be\/?p=1554","title":{"rendered":"De l\u2019art du sondage comme technique de propagande\u2026"},"content":{"rendered":"<p>&nbsp;<\/p>\n<div class=\"entry-content\">\n<p style=\"text-align: justify;\"><em>\u00ab\u00a0La moiti\u00e9 des \u00e9l\u00e8ves musulmans \u00e0 Bruxelles sont antis\u00e9mites\u00a0\u00bb<strong>[1]<\/strong><\/em>\u2026 est ce qui ressort d\u2019une \u00e9tude intitul\u00e9e \u00ab\u00a0Jong in Brussel\u00a0\u00bb de la plate-forme Onderzoek Jeugd et dont les r\u00e9sultats ont \u00e9t\u00e9 publi\u00e9s jeudi 12 mai 2011 dans le journal De Morgen.<\/p>\n<p style=\"text-align: justify;\">Ce qui me cause souci, n\u2019est pas tant l\u2019\u00ab \u00e9tude \u00bb de la plate-forme\u00a0 Onderzoek Jeugd, mais le relais qu\u2019en fait la presse, sans autres \u00e9l\u00e9ments que ceux qui lui sont fournis par cette \u00ab \u00e9tude \u00bb, ce qui participe ainsi de mani\u00e8re passive au risque de banalisation de l\u2019islamophobie.<!--more--><\/p>\n<p style=\"text-align: justify;\">Ce douteux sondage avance le principe que les musulmans, en bloc, seraient antis\u00e9mites par nature. Ne s\u2019agit-il pas l\u00e0 d\u2019un postulat raciste\u00a0? M\u00eame si aucun des sond\u00e9s n\u2019est ni auteur, ni incitateur, ni demandeur d\u2019une politique antijuive, il est antis\u00e9mite de nature car musulman ! Ce sondage essentialise les \u00e9l\u00e8ves \u00ab\u00a0 musulmans \u00bb, il en fait une entit\u00e9 homog\u00e8ne, pour ensuite leur attribuer un caract\u00e8re m\u00e9prisable (\u00ab antis\u00e9mite \u00bb). Cette mani\u00e8re de penser, conjuguant l\u2019essentialisation l\u2019homog\u00e9n\u00e9isation et le d\u00e9nigrement, porte un nom : le racisme.<\/p>\n<p style=\"text-align: justify;\">Aucune pr\u00e9cision n\u2019est donn\u00e9e quant aux questions que cette \u00ab \u00e9tude scientifique \u00bb a pos\u00e9, ni aucun \u00e9l\u00e9ment de la mani\u00e8re dont est d\u00e9fini le terme \u00ab\u00a0antis\u00e9mite\u00a0\u00bb\u2026<\/p>\n<p style=\"text-align: justify;\">Pourtant, il existe une multitude de d\u00e9finitions du terme \u00ab\u00a0\u00ab\u00a0antis\u00e9mite\u00a0\u00bb et tr\u00e8s souvent, l\u2019on y associe la critique de la politique de l\u2019Etat d\u2019Isra\u00ebl (en particulier quand cette critique est \u00e9nonc\u00e9e par des personnes issues de l\u2019immigration), ou encore l\u2019\u00ab antis\u00e9mitisme \u00bb des jeunes des quartiers populaires (souvent se d\u00e9finissant comme musulmans) issus de l\u2019immigration.<\/p>\n<p style=\"text-align: justify;\">Avant tout l\u2019antis\u00e9mitisme est inacceptable et ind\u00e9fendable et il ne s\u2019agit pas d\u2019en d\u00e9battre.<\/p>\n<p style=\"text-align: justify;\">Mais, il est clair que cette enqu\u00eate pose question sur le conflit isra\u00e9lo-palestinien et bien entendu son importation.<\/p>\n<p style=\"text-align: justify;\">Rappelons qu\u2019un sondage de la BBC publi\u00e9 le 19 avril t\u00e9moigne de la mauvaise image d\u2019Isra\u00ebl[2] en Europe. Dans un \u00e9chantillon de 28 pays, Isra\u00ebl se range juste devant la Cor\u00e9e du Nord, le Pakistan et l\u2019Iran, le plus mal class\u00e9.<\/p>\n<p style=\"text-align: justify;\">Dans l\u2019\u00e9chantillon de la BBC, le plus mauvais r\u00e9sultat pour Isra\u00ebl est enregistr\u00e9 en Egypte, et en Turquie. Mais il serait mensonger de lier mauvaise image et poids de l\u2019islam. Le Br\u00e9sil, l\u2019Allemagne et la Tha\u00eflande consid\u00e8rent \u00e9galement tr\u00e8s n\u00e9gativement l\u2019influence isra\u00e9lienne.<\/p>\n<p style=\"text-align: justify;\">Ce sondage de la BBC ne fait pas de distinction entre les citoyens d\u2019un pays, qu\u2019ils soient musulmans ou pas.<\/p>\n<p style=\"text-align: justify;\">Ce sondage arrive juste au moment o\u00f9 les Palestiniens c\u00e9l\u00e8brent les 63 ans de la Nakba (catastrophe) synonyme de la destruction par Isra\u00ebl de plus de 500 villages ainsi que de l\u2019expulsion de pr\u00e8s de 800.000 Palestiniens de leurs foyers.<\/p>\n<p style=\"text-align: justify;\">Si Isra\u00ebl est si mal per\u00e7u dans le monde, ce n\u2019est pas tant \u00e0 cause de l\u2019antis\u00e9mitisme, mais bien de sa politique raciste et colonialiste persistante. Cette id\u00e9ologie raciste et colonialiste \u00e9tait d\u2019ailleurs revendiqu\u00e9e par Th\u00e9odore Herzl dans son livre sur l\u2019Etat juif lorsqu\u2019il expliquait : <em>\u00ab Pour l\u2019Europe nous constituerons l\u00e0-bas un morceau du rempart contre l\u2019Asie, nous serions la sentinelle avanc\u00e9e de la civilisation contre la barbarie \u00bb.<\/em><\/p>\n<p style=\"text-align: justify;\">Expliquant le caract\u00e8re colonial de l\u2019Etat sioniste, Mosh\u00e9 Dayan d\u00e9clarait dans le journal Haaretz du 4 avril 1969 : <em>\u00ab Des villages juifs ont \u00e9t\u00e9 construits \u00e0 la place de villages arabes. Vous ne connaissez m\u00eame pas le nom de ces villages arabes, et vous n\u2019\u00eates pas \u00e0 bl\u00e2mer parce que les livres de g\u00e9ographie n\u2019existent plus. Non seulement ils n\u2019existent plus, mais les villages arabes non plus [\u2026]. Il n\u2019y a pas un seul endroit dans ce pays qui n\u2019ait pas eu auparavant une population arabe \u00bb.<strong>[3]<\/strong><\/em><\/p>\n<p style=\"text-align: justify;\">Dans son livre Le Septi\u00e8me Million, l\u2019historien isra\u00e9lien Tom Segev montre comment les dirigeants isra\u00e9liens ont utilis\u00e9 la m\u00e9moire du g\u00e9nocide des juifs par les nazis pour fa\u00e7onner une identit\u00e9 collective isra\u00e9lienne. D\u00e8s leur plus jeune \u00e2ge, les enfants isra\u00e9liens, quelle que soit l\u2019histoire de leurs anc\u00eatres, sont \u00e9lev\u00e9s dans le souvenir et le culte du pass\u00e9 tragique des communaut\u00e9s juives europ\u00e9ennes. [4]<\/p>\n<p style=\"text-align: justify;\">Cette confusion entre antisionisme et antis\u00e9mitisme, volontairement entretenue par les sionistes juifs et non-juifs, est d\u2019autant plus dangereuse qu\u2019elle risque de finir par d\u00e9l\u00e9gitimer la n\u00e9cessaire lutte contre l\u2019antis\u00e9mitisme.<\/p>\n<p style=\"text-align: justify;\">Ce qui est mis en \u00e9vidence dans l\u2019enqu\u00eate \u00ab\u00a0Jong in Brussel\u00a0\u00bb, c\u2019est l\u2019antis\u00e9mitisme suppos\u00e9 des populations musulmanes (qui ne sont donc pas inclus dans la cat\u00e9gorie \u00ab Belge \u00bb), et con\u00e7u comme un ph\u00e9nom\u00e8ne naturel et culturel, ce qui m\u2019am\u00e8ne \u00e0 dire que cette enqu\u00eate n\u2019est rien d\u2019autre qu\u2019un communiqu\u00e9 de presse islamophobe, anti-arabe, relay\u00e9 comme une information capitale par les m\u00e9dias.<\/p>\n<p style=\"text-align: justify;\">Un peu partout dans le monde, des juifs\u00a0 ou associations juives fondent leur opposition \u00e0 l\u2019id\u00e9ologie sioniste non sur des convictions religieuses mais bien \u00e9thiques et politiques. [5]<\/p>\n<p style=\"text-align: justify;\">Combien de Belges ont des sentiments anti-arabes ou anti-musulmans ?<\/p>\n<p style=\"text-align: justify;\">Il aurait \u00e9t\u00e9 int\u00e9ressant de\u00a0 s\u2019adresser d\u2019une m\u00eame voix \u00e0 toutes les victimes du racisme dans un souci d\u2019\u00e9galit\u00e9, et de mettre en \u0153uvre une politique qui garantisse \u00e0 tous, s\u00e9curit\u00e9 et respect.<\/p>\n<p style=\"text-align: justify;\">La question du retour de la \u00ab b\u00eate immonde \u00bb se pose effectivement, mais alors dans d\u2019autres termes.<\/p>\n<p style=\"text-align: justify;\">Reste maintenant \u00e0 se demander pourquoi aucune association n\u2019a jusqu\u2019\u00e0 pr\u00e9sent publi\u00e9 le moindre communiqu\u00e9 face \u00e0 ce sondage paru dans presque tous les journaux, et pourquoi aucun journaliste n\u2019a pris la peine de nous donner un aper\u00e7u des questions ni de la m\u00e9thode utilis\u00e9e.<\/p>\n<p>Nordine Sa\u00efdi\u00a0\u00a0 ( Mouvement Citoyen Palestine )<\/p>\n<p>&nbsp;<\/p>\n<p>http:\/\/mcpalestine.canalblog.com<\/p>\n<p>[1] http:\/\/www.rtbf.be\/info\/belgique\/detail_la-moitie-des-eleves-musulmans-a-bruxelles-est-antisemite-press?id=6090753<\/p>\n<p>[2] http:\/\/www.bbc.co.uk\/pressoffice\/pressreleases\/stories\/2010\/04_april\/19\/country.pdf<\/p>\n<p>[3] http:\/\/www.urgencepalestine-vd.ch\/pdf\/7_paroles.pdf<\/p>\n<p>[4] http:\/\/www.ujfp.org\/modules\/news\/article.php?storyid=129<\/p>\n<p>[5] http:\/\/www.ijsn.net\/C25\/<\/p>\n<p>Ce douteux sondage avance le principe que les musulmans, en bloc, seraient antis\u00e9mites par nature. Ne s\u2019agit-il pas l\u00e0 d\u2019un postulat raciste ? M\u00eame si aucun des sond\u00e9s n\u2019est ni auteur, ni incitateur, ni demandeur d\u2019une politique antijuive, il est antis\u00e9mite de nature car musulman ! Ce sondage essentialise les \u00e9l\u00e8ves \u00ab musulmans \u00bb, il en fait une entit\u00e9 homog\u00e8ne, pour ensuite leur attribuer un caract\u00e8re m\u00e9prisable (\u00ab antis\u00e9mite \u00bb). Cette mani\u00e8re de penser, conjuguant l\u2019essentialisation l\u2019homog\u00e9n\u00e9isation et le d\u00e9nigrement, porte un nom : le racisme.<\/p>\n<\/div>\n","protected":false},"excerpt":{"rendered":"<p>&nbsp; \u00ab\u00a0La moiti\u00e9 des \u00e9l\u00e8ves musulmans \u00e0 Bruxelles sont antis\u00e9mites\u00a0\u00bb[1]\u2026 est ce qui ressort d\u2019une \u00e9tude intitul\u00e9e \u00ab\u00a0Jong in Brussel\u00a0\u00bb de la plate-forme Onderzoek Jeugd et dont les r\u00e9sultats ont \u00e9t\u00e9 publi\u00e9s jeudi 12 mai 2011 dans le journal De Morgen. Ce qui me cause souci, n\u2019est pas tant l\u2019\u00ab \u00e9tude \u00bb de la plate-forme\u00a0 &#8230; <a title=\"De l\u2019art du sondage comme technique de propagande\u2026\" class=\"read-more\" href=\"https:\/\/bruxelles-pantheres.be\/?p=1554\" aria-label=\"En savoir plus sur De l\u2019art du sondage comme technique de propagande\u2026\">Lire la suite<\/a><\/p>\n","protected":false},"author":1,"featured_media":629,"comment_status":"open","ping_status":"open","sticky":false,"template":"","format":"standard","meta":{"footnotes":""},"categories":[24,4,6,18,28],"tags":[31,14,23,12,13,15],"class_list":["post-1554","post","type-post","status-publish","format-standard","has-post-thumbnail","hentry","category-belgique-maroc","category-islamophobie","category-palestine-moyen-orient","category-resistance-bruxelles","category-racismes","tag-belgique","tag-bruxelles","tag-discrimination","tag-gaza","tag-nordine-saidi","tag-resistance"],"_links":{"self":[{"href":"https:\/\/bruxelles-pantheres.be\/index.php?rest_route=\/wp\/v2\/posts\/1554","targetHints":{"allow":["GET"]}}],"collection":[{"href":"https:\/\/bruxelles-pantheres.be\/index.php?rest_route=\/wp\/v2\/posts"}],"about":[{"href":"https:\/\/bruxelles-pantheres.be\/index.php?rest_route=\/wp\/v2\/types\/post"}],"author":[{"embeddable":true,"href":"https:\/\/bruxelles-pantheres.be\/index.php?rest_route=\/wp\/v2\/users\/1"}],"replies":[{"embeddable":true,"href":"https:\/\/bruxelles-pantheres.be\/index.php?rest_route=%2Fwp%2Fv2%2Fcomments&post=1554"}],"version-history":[{"count":1,"href":"https:\/\/bruxelles-pantheres.be\/index.php?rest_route=\/wp\/v2\/posts\/1554\/revisions"}],"predecessor-version":[{"id":1555,"href":"https:\/\/bruxelles-pantheres.be\/index.php?rest_route=\/wp\/v2\/posts\/1554\/revisions\/1555"}],"wp:featuredmedia":[{"embeddable":true,"href":"https:\/\/bruxelles-pantheres.be\/index.php?rest_route=\/wp\/v2\/media\/629"}],"wp:attachment":[{"href":"https:\/\/bruxelles-pantheres.be\/index.php?rest_route=%2Fwp%2Fv2%2Fmedia&parent=1554"}],"wp:term":[{"taxonomy":"category","embeddable":true,"href":"https:\/\/bruxelles-pantheres.be\/index.php?rest_route=%2Fwp%2Fv2%2Fcategories&post=1554"},{"taxonomy":"post_tag","embeddable":true,"href":"https:\/\/bruxelles-pantheres.be\/index.php?rest_route=%2Fwp%2Fv2%2Ftags&post=1554"}],"curies":[{"name":"wp","href":"https:\/\/api.w.org\/{rel}","templated":true}]}}