{"id":1558,"date":"2011-05-03T18:49:42","date_gmt":"2011-05-03T17:49:42","guid":{"rendered":"https:\/\/bruxelles-pantheres.be\/?p=1558"},"modified":"2013-11-30T18:51:58","modified_gmt":"2013-11-30T17:51:58","slug":"interview-concernant-lassassinat-de-ben-laden","status":"publish","type":"post","link":"https:\/\/bruxelles-pantheres.be\/?p=1558","title":{"rendered":"Interview concernant l\u2019assassinat de Ben Laden"},"content":{"rendered":"<p>&nbsp;<\/p>\n<p style=\"text-align: justify;\">Ce Lundi 02 Mai 2011 vers 13h30, j\u2019ai \u00e9t\u00e9 interview\u00e9 par Madame Marie Pierre Deghaye, journaliste \u00e0 la RTBF, \u00e0 propos de l\u2019assassinat d\u2019Oussama Ben Laden.<\/p>\n<p>&nbsp;<\/p>\n<p style=\"text-align: justify;\">Cette interview a \u00e9t\u00e9 r\u00e9alis\u00e9e dans le cadre du journal t\u00e9l\u00e9vis\u00e9.<\/p>\n<p>&nbsp;<\/p>\n<p style=\"text-align: justify;\">Lors de cette entretien, j\u2019ai mis en avant que j\u2019\u00e9tais profond\u00e9ment contre la peine de mort. C\u2019est clairement un assassinat cibl\u00e9 et ill\u00e9gal. Que j\u2019ai toujours appris que tout homme avait droit \u00e0 un proc\u00e8s. Que si l\u2019assassinat de Ben Laden est confirm\u00e9, je me range du c\u00f4t\u00e9 des familles des victimes du 11 septembre 2001 qui ne conna\u00eetront jamais la v\u00e9rit\u00e9 issue un proc\u00e8s.<!--more--><\/p>\n<p>&nbsp;<\/p>\n<p style=\"text-align: justify;\">Ben Laden a \u00e9t\u00e9 le pr\u00e9texte pour la guerre imp\u00e9riale et coloniale dans le monde actuel (Irak, Afghanistan) et pour criminaliser toutes les r\u00e9sistances\u00a0 comme celle de la Palestine, et dans lesquelles des centaines de milliers de personnes innocentes ont perdu la vie.<\/p>\n<p>&nbsp;<\/p>\n<p style=\"text-align: justify;\">Les attentats du 11 septembre attribu\u00e9s \u00e0 Ben Laden ont ouvert une \u00e8re de guerre des \u00c9tats-Unis, avec la participation de l\u2019Otan et de l\u2019Union europ\u00e9enne, sans compter les r\u00e9gimes arabes alli\u00e9s, contre les peuples du Sud: Afghanistan, guerre toujours en cours, Irak, idem avec destruction de ce pays et chaos g\u00e9n\u00e9ralis\u00e9. Ils ont aussi ouvert l\u2019\u00e8re de la chasse au \u00ab\u00a0terrorisme\u00a0\u00bb avec tout ce que \u00e7a comporte \u2018patriot act, liste des organisations et individus terroristes), islamophobie (foulard, minarets, burqa)<\/p>\n<p>&nbsp;<\/p>\n<p style=\"text-align: justify;\">Lors de notre discussion et hors cam\u00e9ra, j\u2019ai moi-m\u00eame pos\u00e9 des questions\u00a0:<\/p>\n<p>&nbsp;<\/p>\n<p style=\"text-align: justify;\">1. est-ce que les \u00c9tats-Unis vont maintenant retirer leurs troupes de l\u2019Irak et de l\u2019Afghanistan ?<\/p>\n<p>&nbsp;<\/p>\n<p style=\"text-align: justify;\">2. est-ce qu\u2019ils vont laisser tomber leurs listes des organisations terroristes ?<\/p>\n<p>&nbsp;<\/p>\n<p style=\"text-align: justify;\">3. leur liste de pays \u00ab\u00a0voyous\u00a0\u00bb ?<\/p>\n<p>&nbsp;<\/p>\n<p style=\"text-align: justify;\">4. est-ce qu\u2019ils vont fermer leur prisons comme Guantanamo et d\u2019autres centres de d\u00e9tention ill\u00e9gale ?<\/p>\n<p>&nbsp;<\/p>\n<p style=\"text-align: justify;\">Lors du Jt de 19h00, rien de tout \u00e7a n\u2019a \u00e9t\u00e9 retenu, je ne vous \u00e9crit pas parce que je ne suis pas pass\u00e9 au JT, j\u2019\u00e9cris parce que je suis choqu\u00e9 de la mani\u00e8re dont les am\u00e9ricain et les europ\u00e9en ont f\u00eat\u00e9 la mort d\u2019un \u00eatre humain.<\/p>\n<p>&nbsp;<\/p>\n<p style=\"text-align: justify;\">Bien que je ne pleurais pas la mort de Bush, Sharon, Blair, ou Aznar, jamais je ne f\u00eaterais leur mort\u00a0!<\/p>\n<p>&nbsp;<\/p>\n<p style=\"text-align: justify;\">Chaque mort est d\u00e9plorable et je ne comprends pas le m\u00e9canisme qui am\u00e8ne \u00e0 f\u00eater la mort d\u2019un homme, f\u00fbt-il Oussama Ben Laden, Sadam, Khadaffi,\u2026<\/p>\n<p>&nbsp;<\/p>\n<p style=\"text-align: justify;\">Bush, Sharon, Blair, Aznar suivis aujourd\u2019hui par Obama nous montrent qui et o\u00f9 est la barbarie.<\/p>\n<p>&nbsp;<\/p>\n<p style=\"text-align: justify;\">Ha oui, concernant l\u2019enterrement chez les musulmans, je leur ai vivement conseill\u00e9 de visiter Yakoub \u00a0Mahy ce qu\u2019ils ont fait et il est pass\u00e9 dans le journal.<\/p>\n<p>&nbsp;<\/p>\n<p style=\"text-align: justify;\">Je m\u2019interroge donc de savoir pourquoi aucune voix n\u2019a \u00e9t\u00e9 donn\u00e9e \u00e0 une personne pour au moins condamner la mani\u00e8re dont a \u00e9t\u00e9 accompli l\u2019assassinat d\u2019Oussama Ben Laden.<\/p>\n<p>&nbsp;<\/p>\n<p style=\"text-align: justify;\">J\u2019imagine que si les journalistes sont venus vers moi, c\u2019est parce qu\u2019ils trouvait int\u00e9ressant ce que je pourrais leur raconter. Est-ce la ligne \u00e9ditoriale de la RTBF, cha\u00eene public belge qui refuse de diffuser une voix alternative \u00e0 la pens\u00e9 dominante\u00a0?<\/p>\n<p>&nbsp;<\/p>\n<p style=\"text-align: justify;\">Nordine Sa\u00efdi<\/p>\n","protected":false},"excerpt":{"rendered":"<p>&nbsp; Ce Lundi 02 Mai 2011 vers 13h30, j\u2019ai \u00e9t\u00e9 interview\u00e9 par Madame Marie Pierre Deghaye, journaliste \u00e0 la RTBF, \u00e0 propos de l\u2019assassinat d\u2019Oussama Ben Laden. &nbsp; Cette interview a \u00e9t\u00e9 r\u00e9alis\u00e9e dans le cadre du journal t\u00e9l\u00e9vis\u00e9. &nbsp; Lors de cette entretien, j\u2019ai mis en avant que j\u2019\u00e9tais profond\u00e9ment contre la peine de &#8230; <a title=\"Interview concernant l\u2019assassinat de Ben Laden\" class=\"read-more\" href=\"https:\/\/bruxelles-pantheres.be\/?p=1558\" aria-label=\"En savoir plus sur Interview concernant l\u2019assassinat de Ben Laden\">Lire la suite<\/a><\/p>\n","protected":false},"author":1,"featured_media":66,"comment_status":"open","ping_status":"open","sticky":false,"template":"","format":"standard","meta":{"footnotes":""},"categories":[21,24,36,4,18],"tags":[31,38,13,15],"class_list":["post-1558","post","type-post","status-publish","format-standard","has-post-thumbnail","hentry","category-anti-imperialisme","category-belgique-maroc","category-europe","category-islamophobie","category-resistance-bruxelles","tag-belgique","tag-guerre","tag-nordine-saidi","tag-resistance"],"_links":{"self":[{"href":"https:\/\/bruxelles-pantheres.be\/index.php?rest_route=\/wp\/v2\/posts\/1558","targetHints":{"allow":["GET"]}}],"collection":[{"href":"https:\/\/bruxelles-pantheres.be\/index.php?rest_route=\/wp\/v2\/posts"}],"about":[{"href":"https:\/\/bruxelles-pantheres.be\/index.php?rest_route=\/wp\/v2\/types\/post"}],"author":[{"embeddable":true,"href":"https:\/\/bruxelles-pantheres.be\/index.php?rest_route=\/wp\/v2\/users\/1"}],"replies":[{"embeddable":true,"href":"https:\/\/bruxelles-pantheres.be\/index.php?rest_route=%2Fwp%2Fv2%2Fcomments&post=1558"}],"version-history":[{"count":1,"href":"https:\/\/bruxelles-pantheres.be\/index.php?rest_route=\/wp\/v2\/posts\/1558\/revisions"}],"predecessor-version":[{"id":1559,"href":"https:\/\/bruxelles-pantheres.be\/index.php?rest_route=\/wp\/v2\/posts\/1558\/revisions\/1559"}],"wp:featuredmedia":[{"embeddable":true,"href":"https:\/\/bruxelles-pantheres.be\/index.php?rest_route=\/wp\/v2\/media\/66"}],"wp:attachment":[{"href":"https:\/\/bruxelles-pantheres.be\/index.php?rest_route=%2Fwp%2Fv2%2Fmedia&parent=1558"}],"wp:term":[{"taxonomy":"category","embeddable":true,"href":"https:\/\/bruxelles-pantheres.be\/index.php?rest_route=%2Fwp%2Fv2%2Fcategories&post=1558"},{"taxonomy":"post_tag","embeddable":true,"href":"https:\/\/bruxelles-pantheres.be\/index.php?rest_route=%2Fwp%2Fv2%2Ftags&post=1558"}],"curies":[{"name":"wp","href":"https:\/\/api.w.org\/{rel}","templated":true}]}}