{"id":1574,"date":"2011-02-04T19:16:48","date_gmt":"2011-02-04T18:16:48","guid":{"rendered":"https:\/\/bruxelles-pantheres.be\/?p=1574"},"modified":"2013-11-30T19:19:39","modified_gmt":"2013-11-30T18:19:39","slug":"premiere-victoire-arrachee-par-le-peuple-tunisien-dans-la-rue","status":"publish","type":"post","link":"https:\/\/bruxelles-pantheres.be\/?p=1574","title":{"rendered":"Premi\u00e8re victoire arrach\u00e9e par le peuple tunisien dans la rue !"},"content":{"rendered":"<p>&nbsp;<\/p>\n<p><strong>Ben Ali s\u2019enfuit,<\/strong><\/p>\n<p>&nbsp;<\/p>\n<p>&nbsp;<\/p>\n<p>&nbsp;<\/p>\n<p><strong>Premi\u00e8re victoire arrach\u00e9e par le peuple tunisien dans la rue\u00a0!<\/strong><\/p>\n<p>&nbsp;<\/p>\n<p>&nbsp;<\/p>\n<p>&nbsp;<\/p>\n<p><strong>Le peuple tunisien donne vie au c\u00e9l\u00e8bre po\u00e8me\u00a0<em>\u00ab La Volont\u00e9 de Vivre \u00bb <\/em>d\u2019Aboul Kacem Chabbi, qui cl\u00f4t l\u2019hymne national de la Tunisie, plus que jamais, d\u2019actualit\u00e9 : <\/strong><\/p>\n<p>&nbsp;<\/p>\n<p><strong>\u0625\u0630\u0627 \u0627\u0644\u0634\u0639\u0628 \u064a\u0648\u0645\u0627 \u0623\u0631\u0627\u062f \u0627\u0644\u062d\u064a\u0627\u0629<\/strong><\/p>\n<p>&nbsp;<\/p>\n<p><strong><strong>\u0641\u0644\u0627 \u0628\u062f\u0651 \u0623\u0646 \u064a\u0633\u062a\u062c\u064a\u0628 \u0627\u0644\u0642\u062f\u0631<\/strong><\/strong><\/p>\n<p>&nbsp;<\/p>\n<p><strong><strong><strong>\u0648\u0644\u0627 \u0628\u062f \u0644\u0644\u064a\u0644 \u0623\u0646 \u064a\u0646\u062c\u0644\u064a<\/strong><\/strong><\/strong><\/p>\n<p>&nbsp;<\/p>\n<p><strong><strong><strong><strong>\u0648\u0644\u0627 \u0628\u062f \u0644\u0644\u0642\u064a\u062f \u0623\u0646 \u064a\u0646\u0643\u0633\u0640\u0640\u0631<\/strong><\/strong><\/strong><\/strong><\/p>\n<p>&nbsp;<\/p>\n<p>&nbsp;<\/p>\n<p>&nbsp;<\/p>\n<p><strong>Lorsqu\u2019un jour, le peuple aspire \u00e0 vivre<\/strong><\/p>\n<p>&nbsp;<\/p>\n<p><strong>Le destin se doit de r\u00e9pondre ! <\/strong><\/p>\n<p>&nbsp;<\/p>\n<p><strong>Les t\u00e9n\u00e8bres se dissiperont ! <\/strong><\/p>\n<p>&nbsp;<\/p>\n<p><strong>Et les cha\u00eenes se briseront !<\/strong><\/p>\n<p>&nbsp;<\/p>\n<p><strong>Le peuple tunisien s\u2019est soulev\u00e9 comme une temp\u00eate face \u00e0 l\u2019injustice. De nombreuses familles sont en deuil pour les Martyrs de la r\u00e9volution mais la peur a chang\u00e9 de camp. Ceux qui ne poss\u00e8dent rien, les jeunes, les pr\u00e9caires, les ch\u00f4meurs se sont lev\u00e9s contre la dictature et un pouvoir corrompu. Apr\u00e8s 23 ans de pouvoir, avec le soutien de tous les gouvernements occidentaux, le \u00ab\u00a0roi\u00a0\u00bb tunisien a quitt\u00e9 le pays le 14 janvier 2011 \u00e0 18 heures 45.<!--more--><\/strong><\/p>\n<p>&nbsp;<\/p>\n<p>&nbsp;<\/p>\n<p>&nbsp;<\/p>\n<p>Le d\u00e9part de Ben Ali est une \u00e9tape n\u00e9cessaire pour atteindre les objectifs du mouvement populaire.<\/p>\n<p>&nbsp;<\/p>\n<p>Mais c\u2019est maintenant le premier ministre Mohamed Ghannouchi\u00a0qui assure la transition avec l\u2019appui de l\u2019arm\u00e9e. L\u2019\u00e9tat d\u2019urgence est instaur\u00e9, le couvre-feu est entr\u00e9 en vigueur \u00e0 18 heures, l\u2019arm\u00e9e a pris le contr\u00f4le de l\u2019a\u00e9roport et l\u2019espace a\u00e9rien tunisien est ferm\u00e9.<\/p>\n<p>&nbsp;<\/p>\n<p>Je partage \u00a0la joie du peuple tunisien ce soir et je dis\u00a0:<\/p>\n<p>&nbsp;<\/p>\n<p><strong>PAS <\/strong><strong>DE CONFISCATION DU POUVOIR PAR LES MILITAIRES ET LE PARTI EN PLACE\u00a0! LE POUVOIR AU PEUPLE\u00a0! PAS D\u2019ACCUEIL DU CRIMINEL BEN ALI PAR UN PAYS EUROP\u00c9EN\u00a0!<\/strong><\/p>\n<p>&nbsp;<\/p>\n<p>Rien que ces 30 derniers jours une centaine de civils ont \u00e9t\u00e9 assassin\u00e9s, la plupart par balles. Deux ressortissants europ\u00e9ens ont \u00e9t\u00e9 assassin\u00e9s.<\/p>\n<p>&nbsp;<\/p>\n<p>Si les Tunisiens ne comptent pas aux yeux des gouvernements occidentaux, peut-\u00eatre faut-il rappeler que le docteur Fatma Jerbi (67ans) est citoyenne suisse et que le professeur d\u2019Universit\u00e9 Hatem Bettahar est Fran\u00e7ais.<\/p>\n<p>&nbsp;<\/p>\n<p>Allons-nous accepter que le voleur quitte le pays avec une fortune que je n\u2019ose m\u00eame pas imaginer, alors que l\u2019ensemble des transferts d\u2019argent de la famille est estim\u00e9 dans la p\u00e9riode 1987-2009 \u00e0 environ 18 milliards de dollars, l\u2019\u00e9quivalent de la dette tunisienne (selon le site\u00a0<a href=\"http:\/\/nawaat.org\/\" target=\"_blank\" rel=\"nofollow\">nawaat.org<\/a> ) \u00a0?<\/p>\n<p>&nbsp;<\/p>\n<p>Je rappelle les revendications du rassemblement pr\u00e9vu ce 15 janvier \u00e0 15h00\u00a0<strong><strong><strong><strong><strong><strong><strong><strong><strong><strong><strong><strong><strong>au croisement de l\u2019avenue de Stalingrad et du boulevard du Midi(statue m\u00e9gaphone)<\/strong><\/strong><\/strong><\/strong><\/strong><\/strong><\/strong><\/strong><\/strong><\/strong><\/strong><\/strong><\/strong><\/p>\n<p>&nbsp;<\/p>\n<p><strong>Un Maghreb d\u00e9mocratique et respectueux des droits politiques, civils, sociaux, culturels et religieux de ses peuples ;<\/strong><\/p>\n<p>&nbsp;<\/p>\n<p>&nbsp;<\/p>\n<p>&nbsp;<\/p>\n<p>Une r\u00e9gion bruxelloise d\u00e9mocratique et respectueuse des droits politiques, civils, sociaux, culturels et religieux de ses habitants ;<\/p>\n<p>&nbsp;<\/p>\n<p>Soutenir ces mouvements populaires contestataires et autonomes auquel la jeunesse participe massivement.<\/p>\n<p>&nbsp;<\/p>\n<p><strong>La lib\u00e9ration de tous les prisonniers politiques d\u2019aujourd\u2019hui et d\u2019hier.<\/strong><\/p>\n<p>&nbsp;<\/p>\n<p>&nbsp;<\/p>\n<p>&nbsp;<\/p>\n<p><strong>Une r\u00e9elle prise en compte de la pr\u00e9carit\u00e9.\u00a0 L\u2019acc\u00e8s aux services publics de qualit\u00e9, le droit \u00e0 la sant\u00e9,<\/strong><\/p>\n<p>&nbsp;<\/p>\n<p><strong>au logement, \u00e0 l\u2019enseignement, \u00e0 la formation et l\u2019acc\u00e8s \u00e0 l\u2019information.<\/strong><\/p>\n<p>&nbsp;<\/p>\n<p>&nbsp;<\/p>\n<p>&nbsp;<\/p>\n<p><strong>Faire traduire en justice les responsables de la r\u00e9pression qu\u2019ils soient traduits en justice. <\/strong><\/p>\n<p>&nbsp;<\/p>\n<p>&nbsp;<\/p>\n<p>&nbsp;<\/p>\n<p>Une prise de position des autorit\u00e9s belges et europ\u00e9ennes de prendre position et de s\u2019exprimer publiquement sur la r\u00e9pression en cours en Tunisie et en Alg\u00e9rie.<\/p>\n<p>&nbsp;<\/p>\n<p><strong>Nous r\u00e9clamons comme ce fut scand\u00e9 dans les manifestations : \u00ab du travail pour tous \u00bb, \u00ab une r\u00e9partition des richesses entre tous et toutes \u00bb, \u00ab l\u2019arr\u00eat de la corruption et du n\u00e9potisme \u00bb.<\/strong><\/p>\n<p>&nbsp;<\/p>\n<p>La r\u00e9volution tunisienne a \u00e9t\u00e9 suivie de pr\u00e8s via internet et les cha\u00eenes de t\u00e9l\u00e9vision satellites dans l\u2019ensemble du monde arabe, ou en plus des dictatures, le ch\u00f4mage end\u00e9mique, l\u2019inflation galopante et le creusement des in\u00e9galit\u00e9s sont autant de facteurs potentiels de r\u00e9volte populaire.<\/p>\n<p>&nbsp;<\/p>\n<p>Je me mets \u00e0 r\u00eaver \u00e0 ce que les peuples arabes tous soumis \u00e0 la dictature se l\u00e8vent comme le peuple tunisien l\u2019a fait.<\/p>\n<p>&nbsp;<\/p>\n<p><strong>La lutte continue<\/strong><strong>,<\/strong><\/p>\n<p>&nbsp;<\/p>\n<p>&nbsp;<\/p>\n<p>&nbsp;<\/p>\n<p>Nordine Sa\u00efdi<\/p>\n","protected":false},"excerpt":{"rendered":"<p>&nbsp; Ben Ali s\u2019enfuit, &nbsp; &nbsp; &nbsp; Premi\u00e8re victoire arrach\u00e9e par le peuple tunisien dans la rue\u00a0! &nbsp; &nbsp; &nbsp; Le peuple tunisien donne vie au c\u00e9l\u00e8bre po\u00e8me\u00a0\u00ab La Volont\u00e9 de Vivre \u00bb d\u2019Aboul Kacem Chabbi, qui cl\u00f4t l\u2019hymne national de la Tunisie, plus que jamais, d\u2019actualit\u00e9 : &nbsp; \u0625\u0630\u0627 \u0627\u0644\u0634\u0639\u0628 \u064a\u0648\u0645\u0627 \u0623\u0631\u0627\u062f \u0627\u0644\u062d\u064a\u0627\u0629 &nbsp; &#8230; <a title=\"Premi\u00e8re victoire arrach\u00e9e par le peuple tunisien dans la rue !\" class=\"read-more\" href=\"https:\/\/bruxelles-pantheres.be\/?p=1574\" aria-label=\"En savoir plus sur Premi\u00e8re victoire arrach\u00e9e par le peuple tunisien dans la rue !\">Lire la suite<\/a><\/p>\n","protected":false},"author":1,"featured_media":964,"comment_status":"open","ping_status":"open","sticky":false,"template":"","format":"standard","meta":{"footnotes":""},"categories":[1,21,18],"tags":[31,14,13,15,78],"class_list":["post-1574","post","type-post","status-publish","format-standard","has-post-thumbnail","hentry","category-non-classe","category-anti-imperialisme","category-resistance-bruxelles","tag-belgique","tag-bruxelles","tag-nordine-saidi","tag-resistance","tag-tunisie"],"_links":{"self":[{"href":"https:\/\/bruxelles-pantheres.be\/index.php?rest_route=\/wp\/v2\/posts\/1574","targetHints":{"allow":["GET"]}}],"collection":[{"href":"https:\/\/bruxelles-pantheres.be\/index.php?rest_route=\/wp\/v2\/posts"}],"about":[{"href":"https:\/\/bruxelles-pantheres.be\/index.php?rest_route=\/wp\/v2\/types\/post"}],"author":[{"embeddable":true,"href":"https:\/\/bruxelles-pantheres.be\/index.php?rest_route=\/wp\/v2\/users\/1"}],"replies":[{"embeddable":true,"href":"https:\/\/bruxelles-pantheres.be\/index.php?rest_route=%2Fwp%2Fv2%2Fcomments&post=1574"}],"version-history":[{"count":1,"href":"https:\/\/bruxelles-pantheres.be\/index.php?rest_route=\/wp\/v2\/posts\/1574\/revisions"}],"predecessor-version":[{"id":1575,"href":"https:\/\/bruxelles-pantheres.be\/index.php?rest_route=\/wp\/v2\/posts\/1574\/revisions\/1575"}],"wp:featuredmedia":[{"embeddable":true,"href":"https:\/\/bruxelles-pantheres.be\/index.php?rest_route=\/wp\/v2\/media\/964"}],"wp:attachment":[{"href":"https:\/\/bruxelles-pantheres.be\/index.php?rest_route=%2Fwp%2Fv2%2Fmedia&parent=1574"}],"wp:term":[{"taxonomy":"category","embeddable":true,"href":"https:\/\/bruxelles-pantheres.be\/index.php?rest_route=%2Fwp%2Fv2%2Fcategories&post=1574"},{"taxonomy":"post_tag","embeddable":true,"href":"https:\/\/bruxelles-pantheres.be\/index.php?rest_route=%2Fwp%2Fv2%2Ftags&post=1574"}],"curies":[{"name":"wp","href":"https:\/\/api.w.org\/{rel}","templated":true}]}}