{"id":1576,"date":"2011-02-04T19:20:11","date_gmt":"2011-02-04T18:20:11","guid":{"rendered":"https:\/\/bruxelles-pantheres.be\/?p=1576"},"modified":"2013-11-30T19:23:07","modified_gmt":"2013-11-30T18:23:07","slug":"la-marche-pour-la-palestine-a-commence-a-sidi-bouzid-elle-est-au-caire-aujourdhui","status":"publish","type":"post","link":"https:\/\/bruxelles-pantheres.be\/?p=1576","title":{"rendered":"LA MARCHE POUR LA PALESTINE A COMMENCE A SIDI-BOUZID. ELLE EST AU CAIRE AUJOURD\u2019HUI!"},"content":{"rendered":"<header class=\"entry-header\"><img decoding=\"async\" class=\"attachment-post-thumbnail wp-post-image\" alt=\"cvfg\" src=\"http:\/\/www.egalite.be\/wp-content\/uploads\/2011\/02\/cvfg.jpg\" width=\"620\" height=\"320\" \/><\/header>\n<p>&nbsp;<\/p>\n<div><strong><br \/>\nLA MARCHE POUR LA PALESTINE A COMMENCE A SIDI-BOUZID.<\/strong><\/div>\n<p>&nbsp;<\/p>\n<p style=\"text-align: center;\"><span style=\"font-family: 'Liberation Serif', serif;\"><span style=\"font-size: small;\"><strong>ELLE EST AU CAIRE AUJOURD\u2019HUI!<\/strong><\/span><\/span><\/p>\n<p>&nbsp;<\/p>\n<div><span style=\"font-family: 'Liberation Serif', serif;\"><span style=\"font-size: small;\"><span style=\"color: #000000;\">Au Caire, le 5 janvier 1948, Abd el-Krim, dirigeant r\u00e9volutionnaire rifain pour l\u2019ind\u00e9pendance d\u00e9clarait\u00a0: \u00ab\u00a0<\/span><span style=\"color: #000000;\"><em>Je me r\u00e9jouis, pour terminer, de pouvoir f\u00e9liciter nos fr\u00e8res, qui m\u00e8nent le Djihad pour la Palestine-s\u0153ur, leur souhaitant la lib\u00e9ration et les assurant de la collaboration de tous les pays maghr\u00e9bins et de leur r\u00e9solution de prendre toutes les dispositions pour participer \u00e0 la d\u00e9livrance de leur pays et pour la conservation de son\u00a0unit\u00e9 et de son caract\u00e8re arabe<\/em><\/span><span style=\"color: #000000;\"> \u00bb.<\/span><\/span><\/span><\/div>\n<p>&nbsp;<\/p>\n<p><span style=\"font-family: 'Liberation Serif', serif;\"><span style=\"font-size: small;\">Le vendredi 17 d\u00e9cembre 2010 a d\u00e9marr\u00e9 un mouvement de protestation \u00e0 Sidi Bouzid (Tunisie).<\/span><\/span><strong><\/strong><strong><span style=\"font-family: 'Liberation Serif', serif;\"><span style=\"font-size: small;\">Le peuple tunisien s\u2019est soulev\u00e9 comme une temp\u00eate face \u00e0 l\u2019injustice.<\/span><\/span><\/strong><\/p>\n<p>&nbsp;<\/p>\n<p><span style=\"font-family: 'Liberation Serif', serif;\"><span style=\"font-size: small;\">Quelques semaines plus tard, c\u2019est au tour des quartiers populaires d\u2019Alger d\u2019exploser.<\/span><\/span><\/p>\n<p>&nbsp;<\/p>\n<p><span style=\"font-family: 'Liberation Serif', serif;\"><span style=\"font-size: small;\">Au Maroc, en Jordanie, en Mauritanie, en Arabie Saoudite, au Y\u00e9men,\u2026 partout les manifestations ont \u00e9clat\u00e9 ces derni\u00e8res semaines.<\/span><\/span><\/p>\n<p>&nbsp;<\/p>\n<p><span style=\"font-family: 'Liberation Serif', serif;\"><span style=\"font-size: small;\">Ce mardi 25 Janvier, des milliers d\u2019\u00c9gyptiens sont descendus dans les rues du Caire aux cris de \u00abMoubarak d\u00e9gage!\u00bb.<\/span><\/span><\/p>\n<p>&nbsp;<\/p>\n<p><span style=\"font-family: 'Liberation Serif', serif;\"><span style=\"font-size: small;\">Le rapprochement est clair. Ben Ali 23 ans de pouvoir, contre presque 30 pour Hosni Moubarak. <\/span><\/span><\/p>\n<p>&nbsp;<\/p>\n<p><span style=\"font-family: 'Liberation Serif', serif;\"><span style=\"font-size: small;\"><em>\u00abMoubarak d\u00e9gage, tu es injuste, tu nous affames, tu nous tortures dans tes commissariats, tu es un agent des Am\u00e9ricai<\/em>ns\u00bb, lan\u00e7ait une m\u00e8re de famille venue manifester dans le quartier de Mohandessine, dans l\u2019ouest du Caire, un drapeau \u00e9gyptien \u00e0 la main. <!--more--><\/span><\/span><\/p>\n<p>&nbsp;<\/p>\n<p><span style=\"font-family: 'Liberation Serif', serif;\"><span style=\"font-size: small;\">L\u2019immolation par le feu semble \u00eatre devenue le symbole de la lutte contre des r\u00e9gimes qui ne satisfont pas le peuple, des r\u00e9gimes o\u00f9 pr\u00e9dominent l\u2019oppression, la corruption, le ch\u00f4mage ou encore l\u2019augmentation du prix des produits de premi\u00e8re n\u00e9cessit\u00e9.<\/span><\/span><\/p>\n<p>&nbsp;<\/p>\n<p><span style=\"font-family: 'Liberation Serif', serif;\"><span style=\"font-size: small;\">Le taux de ch\u00f4mage dans le monde arabe est le plus \u00e9lev\u00e9 au monde, avec une moyenne de 14,5 %, selon les derniers chiffres de l\u2019Organisation arabe du travail, contre 5,7 % ailleurs.<\/span><\/span><\/p>\n<p>&nbsp;<\/p>\n<p><span style=\"font-family: 'Liberation Serif', serif;\"><span style=\"font-size: small;\">L\u2019Intifada tunisienne a fait l\u2019effet d\u2019un tremblement de terre, les journaux alg\u00e9riens nous informent des probl\u00e8mes du Maroc ou de la Tunisie\u00a0; les journaux marocains des probl\u00e8mes alg\u00e9riens, \u00e9gyptiens, libyen, etc. A les entendre, tous va bien sauf chez les voisins ! Mais ces manipulations des gouvernements ne trompent plus personne.<\/span><\/span><\/p>\n<p>&nbsp;<\/p>\n<p><span style=\"font-family: 'Liberation Serif', serif;\"><span style=\"font-size: small;\">Les r\u00e9gimes du Maghreb sont tous profond\u00e9ment corrompus. Ils sont tou au service des institutions internationales comme la Banque Mondiale, le Fond Mon\u00e9taire International ou l\u2019 Organisation Mondiale du Commerce. Tous collaborent d\u2019une mani\u00e8re ou d\u2019une autre avec le r\u00e9gime sioniste.<\/span><\/span><\/p>\n<p>&nbsp;<\/p>\n<p><span style=\"font-family: 'Liberation Serif', serif;\"><span style=\"font-size: small;\">Ne n\u00e9gligeons pas le r\u00f4le des r\u00e9v\u00e9lations d\u2019Al Jazeera dans l\u2019Intifada \u00e9gyptienne.<\/span><\/span><\/p>\n<p>&nbsp;<\/p>\n<p><span style=\"font-family: 'Liberation Serif', serif;\"><span style=\"font-size: small;\">Les jours de l\u2019autorit\u00e9 palestinienne, du \u00ab\u00a0pr\u00e9sident\u00a0\u00bb <\/span><\/span><strong><span style=\"font-family: 'Liberation Serif', serif;\"><span style=\"font-size: small;\">Mahmoud Abbas sont compt\u00e9s.<\/span><\/span><\/strong><\/p>\n<p>&nbsp;<\/p>\n<p><strong><span style=\"font-family: 'Liberation Serif', serif;\"><span style=\"font-size: small;\">Silvan Shalom, vice-premier ministre isra\u00e9lien a d\u00e9clar\u00e9 avec inquit\u00e9ude\u00a0: <\/span><\/span><\/strong><span style=\"font-family: 'Liberation Serif', serif;\"><span style=\"font-size: small;\">\u00ab<\/span><\/span><span style=\"font-family: 'Liberation Serif', serif;\"><span style=\"font-size: small;\"><em>Ce qui s\u2019est pass\u00e9 en Tunisie pourrait mener \u00e0 une forte recrudescence au pouvoir de mani\u00e8re d\u00e9mocratique dans d\u2019autres pays arabes, ce qui constituerait une menace \u00e0 la s\u00e9curit\u00e9 d\u2019Isra\u00ebl. Il se pourrait que des r\u00e9gimes \u00e9lus d\u00e9mocratiquement et qui d\u00e9testent Isra\u00ebl, aient un impact important sur la menace de la s\u00e9curit\u00e9 d\u2019Isra\u00ebl.<\/em><\/span><\/span><span style=\"font-family: 'Liberation Serif', serif;\"><span style=\"font-size: small;\"> \u00bb<\/span><\/span><\/p>\n<p>&nbsp;<\/p>\n<p><span style=\"font-family: 'Liberation Serif', serif;\"><span style=\"font-size: small;\">La r\u00e9pression sociale, le manque de perspective politique et la remise en cause des quelques libert\u00e9s d\u00e9mocratiques nous concernent aussi.<\/span><\/span><\/p>\n<p>&nbsp;<\/p>\n<p><span style=\"font-family: 'Liberation Serif', serif;\"><span style=\"font-size: small;\">Les gouvernements arabes et du Maghreb sont unis contre les peuples ! Et nous qu\u2019attendons-nous pour nous unir contre eux ?<\/span><\/span><\/p>\n<p>&nbsp;<\/p>\n<p><span style=\"font-family: 'Liberation Serif', serif;\"><span style=\"font-size: small;\">Bruxellois, Belges issus ou non de l\u2019immigration marocaine, alg\u00e9rienne, tunisienne, \u00e9gyptienne, palestinienne, soyons unis que nous soyons \u00abislamistes \u00bb, chr\u00e9tiens, communistes, socialistes\u2026.<\/span><\/span><\/p>\n<p>&nbsp;<\/p>\n<p><span style=\"font-family: 'Liberation Serif', serif;\"><span style=\"font-size: small;\">Loin des clivages nationaux ou philosophiques, notre r\u00f4le consiste \u00e0 \u00eatre une passerelle entre les revendications du Sud et les n\u00f4tres.<\/span><\/span><\/p>\n<p>&nbsp;<\/p>\n<p><span style=\"font-family: 'Liberation Serif', serif;\"><span style=\"font-size: small;\">A Bruxelles aussi, les \u00e9carts de richesse entre quartiers prosp\u00e8res et quartiers sinistr\u00e9s ne font que se creuser. Ces foss\u00e9s sont \u00e0 l\u2019image de ceux qui existent, partout dans le monde, entre r\u00e9gions riches et r\u00e9gions pauvres. Et, au sein de chaque partie du monde, entre riches et pauvres.<\/span><\/span><\/p>\n<p>&nbsp;<\/p>\n<p><span style=\"font-family: 'Liberation Serif', serif;\"><span style=\"font-size: small;\">Et puisque l\u2019Intifada qui se poursuit depuis 62 ans chaque jour sous nos yeux est notre symbole commun, nous avons le devoir de nous mobiliser tous, pour que cesse cette injustice absolue, ce crime permanent contre l\u2019humanit\u00e9 qui \u00e9branle nos consciences !<\/span><\/span><\/p>\n<p>&nbsp;<\/p>\n<ul>\n<li><span style=\"font-family: 'Liberation Serif', serif;\"><span style=\"font-size: small;\">Pour un Maghreb d\u00e9mocratique et respectueux des droits politiques, civils, sociaux, culturels et religieux de ses peuples ;<\/span><\/span><\/li>\n<li><span style=\"font-family: 'Liberation Serif', serif;\"><span style=\"font-size: small;\">Pour un soutien total aux mouvements populaires, contestataires et autonomes auxquels la jeunesse participe massivement.<\/span><\/span><\/li>\n<li><span style=\"font-family: 'Liberation Serif', serif;\"><span style=\"font-size: small;\">Pour la lib\u00e9ration de tous les prisonniers politiques d\u2019aujourd\u2019hui et d\u2019hier.Nous r\u00e9clamons que les responsables de la r\u00e9pression soient traduits en justice. Nous demandons aux autorit\u00e9s belges et europ\u00e9ennes de prendre position et de s\u2019exprimer publiquement sur les r\u00e9pressions en cours dans le Maghreb et dans le monde arabe. Leur silence vaudrait complicit\u00e9 voire approbation et chacun saurait s\u2019en souvenir. <\/span><\/span><\/li>\n<li><span style=\"font-family: 'Liberation Serif', serif;\"><span style=\"font-size: small;\">Pour le soutien aux revendications des manifestations : \u00ab du travail pour tous \u00bb, \u00ab une r\u00e9partition des richesses entre tous et tous \u00bb, \u00ab l\u2019arr\u00eat de la corruption et du n\u00e9potisme \u00bb.\u00a0Sinon\u00a0: \u00ab\u00a0D\u00e9gagez\u00a0!\u00bb<\/span><\/span><\/li>\n<li><span style=\"font-family: 'Liberation Serif', serif;\"><span style=\"font-size: small;\">Pour une r\u00e9elle prise en compte de la pr\u00e9carit\u00e9.\u00a0L\u2019acc\u00e8s des citoyennes et citoyens aux services publics de qualit\u00e9, le droit \u00e0 la sant\u00e9, au logement, \u00e0 l\u2019enseignement, \u00e0 la formation et l\u2019acc\u00e8s \u00e0 l\u2019information, l\u00e0-bas et ici !<\/span><\/span><\/li>\n<\/ul>\n<p>&nbsp;<\/p>\n<p><span style=\"font-family: 'Liberation Serif', serif;\"><span style=\"font-size: small;\"><br \/>\nLa lutte continue,<br \/>\n<\/span><\/span><\/p>\n<p>&nbsp;<\/p>\n<p><strong><span style=\"font-family: 'Liberation Serif', serif;\"><span style=\"font-size: small;\">Maghreb des peuples United !<\/span><\/span><\/strong><\/p>\n<p style=\"text-align: right;\">Nordine Saidi<\/p>\n","protected":false},"excerpt":{"rendered":"<p>&nbsp; LA MARCHE POUR LA PALESTINE A COMMENCE A SIDI-BOUZID. &nbsp; ELLE EST AU CAIRE AUJOURD\u2019HUI! &nbsp; Au Caire, le 5 janvier 1948, Abd el-Krim, dirigeant r\u00e9volutionnaire rifain pour l\u2019ind\u00e9pendance d\u00e9clarait\u00a0: \u00ab\u00a0Je me r\u00e9jouis, pour terminer, de pouvoir f\u00e9liciter nos fr\u00e8res, qui m\u00e8nent le Djihad pour la Palestine-s\u0153ur, leur souhaitant la lib\u00e9ration et les assurant &#8230; <a title=\"LA MARCHE POUR LA PALESTINE A COMMENCE A SIDI-BOUZID. ELLE EST AU CAIRE AUJOURD\u2019HUI!\" class=\"read-more\" href=\"https:\/\/bruxelles-pantheres.be\/?p=1576\" aria-label=\"En savoir plus sur LA MARCHE POUR LA PALESTINE A COMMENCE A SIDI-BOUZID. ELLE EST AU CAIRE AUJOURD\u2019HUI!\">Lire la suite<\/a><\/p>\n","protected":false},"author":1,"featured_media":583,"comment_status":"open","ping_status":"open","sticky":false,"template":"","format":"standard","meta":{"footnotes":""},"categories":[1,21,6,18],"tags":[31,14,77,12,30,13,19,15,29,78],"class_list":["post-1576","post","type-post","status-publish","format-standard","has-post-thumbnail","hentry","category-non-classe","category-anti-imperialisme","category-palestine-moyen-orient","category-resistance-bruxelles","tag-belgique","tag-bruxelles","tag-egypte","tag-gaza","tag-maroc","tag-nordine-saidi","tag-pauvrete","tag-resistance","tag-torture","tag-tunisie"],"_links":{"self":[{"href":"https:\/\/bruxelles-pantheres.be\/index.php?rest_route=\/wp\/v2\/posts\/1576","targetHints":{"allow":["GET"]}}],"collection":[{"href":"https:\/\/bruxelles-pantheres.be\/index.php?rest_route=\/wp\/v2\/posts"}],"about":[{"href":"https:\/\/bruxelles-pantheres.be\/index.php?rest_route=\/wp\/v2\/types\/post"}],"author":[{"embeddable":true,"href":"https:\/\/bruxelles-pantheres.be\/index.php?rest_route=\/wp\/v2\/users\/1"}],"replies":[{"embeddable":true,"href":"https:\/\/bruxelles-pantheres.be\/index.php?rest_route=%2Fwp%2Fv2%2Fcomments&post=1576"}],"version-history":[{"count":1,"href":"https:\/\/bruxelles-pantheres.be\/index.php?rest_route=\/wp\/v2\/posts\/1576\/revisions"}],"predecessor-version":[{"id":1577,"href":"https:\/\/bruxelles-pantheres.be\/index.php?rest_route=\/wp\/v2\/posts\/1576\/revisions\/1577"}],"wp:featuredmedia":[{"embeddable":true,"href":"https:\/\/bruxelles-pantheres.be\/index.php?rest_route=\/wp\/v2\/media\/583"}],"wp:attachment":[{"href":"https:\/\/bruxelles-pantheres.be\/index.php?rest_route=%2Fwp%2Fv2%2Fmedia&parent=1576"}],"wp:term":[{"taxonomy":"category","embeddable":true,"href":"https:\/\/bruxelles-pantheres.be\/index.php?rest_route=%2Fwp%2Fv2%2Fcategories&post=1576"},{"taxonomy":"post_tag","embeddable":true,"href":"https:\/\/bruxelles-pantheres.be\/index.php?rest_route=%2Fwp%2Fv2%2Ftags&post=1576"}],"curies":[{"name":"wp","href":"https:\/\/api.w.org\/{rel}","templated":true}]}}