{"id":1578,"date":"2011-02-04T19:23:47","date_gmt":"2011-02-04T18:23:47","guid":{"rendered":"https:\/\/bruxelles-pantheres.be\/?p=1578"},"modified":"2013-11-30T19:25:11","modified_gmt":"2013-11-30T18:25:11","slug":"charte-mondiale-des-migrants","status":"publish","type":"post","link":"https:\/\/bruxelles-pantheres.be\/?p=1578","title":{"rendered":"Charte Mondiale des Migrants"},"content":{"rendered":"<p>&nbsp;<\/p>\n<div class=\"entry-content\">\n<p align=\"center\"><a href=\"http:\/\/spbelgique.files.wordpress.com\/2011\/08\/logwcm.jpg\"><img decoding=\"async\" class=\"alignleft\" title=\"logWCM\" alt=\"\" src=\"http:\/\/spbelgique.files.wordpress.com\/2011\/08\/logwcm.jpg?w=300&amp;h=300&amp;h=300\" width=\"300\" height=\"300\" \/><\/a><\/p>\n<p align=\"center\"><strong>Charte Mondiale des Migrants<\/strong><\/p>\n<p align=\"center\">Une charte pour un monde sans murs<\/p>\n<p align=\"center\"><em>Proclam\u00e9e \u00e0 Gor\u00e9e (S\u00e9n\u00e9gal), <\/em><\/p>\n<p align=\"center\"><em>le 4 f\u00e9vrier 2011<\/em><\/p>\n<p style=\"text-align: justify;\">Les personnes migrantes sont les cibles de politiques injustes. Celles-ci, au d\u00e9triment des droits universellement reconnus \u00e0 chaque personne humaine, font s\u2019opposer les \u00eatres humains, les uns aux autres en utilisant des strat\u00e9gies discriminatoires, fond\u00e9es sur la pr\u00e9f\u00e9rence nationale, l\u2019appartenance ethnique, religieuse ou de genre. Ces politiques sont impos\u00e9es par des syst\u00e8mes conservateurs et h\u00e9g\u00e9moniques, qui cherchent \u00e0 maintenir leurs privil\u00e8ges en exploitant la force de travail, physique et intellectuelle des migrants. Pour cela, ils utilisent les pr\u00e9rogatives exorbitantes permises par la puissance arbitraire de l\u2019\u00c9tat Nation et du syst\u00e8me mondial de domination h\u00e9rit\u00e9 de la colonisation et de la d\u00e9portation. Ce syst\u00e8me est \u00e0 la fois caduque, obsol\u00e8te et g\u00e9n\u00e8re des crimes contre l\u2019humanit\u00e9. C\u2019est la raison pour laquelle il doit \u00eatre aboli.<!--more--><\/p>\n<p style=\"text-align: justify;\">Les politiques s\u00e9curitaires mises en place par les \u00c9tats Nations font croire que les migrations sont un probl\u00e8me et une menace alors qu\u2019elles constituent depuis toujours un fait historique naturel, complexe, certes, mais qui loin d\u2019\u00eatre une calamit\u00e9 pour les pays de r\u00e9sidence, constituent un apport \u00e9conomique, social et culturel inestimable. Les migrants sont partout priv\u00e9s du plein exercice de leur droit \u00e0 la libert\u00e9 de circulation et d\u2019installation sur notre plan\u00e8te.<\/p>\n<p style=\"text-align: justify;\">Ils sont \u00e9galement priv\u00e9s de leurs droits \u00e0 la paix ainsi que de leurs droits \u00e9conomiques, sociaux, culturels, civiques et politiques pourtant garantis par diff\u00e9rentes conventions internationales.<\/p>\n<p style=\"text-align: justify;\">Seule une large alliance des personnes migrantes pourra promouvoir l\u2019\u00e9mergence de droits nouveaux pour toute personne de par sa naissance sans distinction d\u2019origine, de couleur, de sexe ou de croyance. Pour cela, cette alliance des migrants devra leur permettre, autour de principes \u00e9thiques, de contribuer \u00e0 la construction de nouvelles politiques \u00e9conomiques et sociales. Elle devra leur permettre aussi de contribuer \u00e0 une refonte de la conception de la territorialit\u00e9 et du syst\u00e8me de gouvernance mondiale dominant actuel et de son soubassement \u00e9conomique et id\u00e9ologique.<\/p>\n<p style=\"text-align: justify;\">C\u2019est pourquoi nous, migrants du monde entier, \u00e0 partir des propositions qui nous sont parvenues depuis 2006 et apr\u00e8s une large discussion \u00e0 l\u2019\u00e9chelle plan\u00e9taire, adoptons la pr\u00e9sente Charte Mondiale des Migrants. Notre ambition est de faire valoir \u00e0 partir des situations que vivent les migrants dans le monde, le droit pour tous de pouvoir circuler et s\u2019installer librement sur notre plan\u00e8te, et de contribuer \u00e0 la construction d\u2019un monde sans murs.<\/p>\n<p style=\"text-align: justify;\">Pour cela, nous, personnes migrantes qui avons quitt\u00e9 notre r\u00e9gion ou pays, sous la Contrainte ou de notre plein gr\u00e9 et vivons de fa\u00e7on permanente ou temporaire dans une autre partie du monde, r\u00e9unies les 3 et 4 f\u00e9vrier 2011 sur l\u2019Ile de Gor\u00e9e au S\u00e9n\u00e9gal,<\/p>\n<p style=\"text-align: justify;\"><strong>Nous proclamons,<\/strong><\/p>\n<p style=\"text-align: justify;\">Parce que nous appartenons \u00e0 la Terre, toute personne a le droit de pouvoir choisir son lieu de r\u00e9sidence, de rester l\u00e0 o\u00f9 elle vit ou de circuler et de s\u2019installer librement sans contraintes dans n\u2019importe quelle partie de cette Terre.<\/p>\n<p style=\"text-align: justify;\">Toute personne, sans exclusion, a le droit de se d\u00e9placer librement de la campagne vers la ville, de la ville vers la campagne, d\u2019une province vers une autre. Toute personne a le droit de pouvoir quitter n\u2019importe quel pays vers un autre et d\u2019y revenir.<\/p>\n<p style=\"text-align: justify;\">Toutes dispositions et mesures de restriction limitant la libert\u00e9 de circulation et d\u2019installation doivent \u00eatre abrog\u00e9es (lois relatives aux visas, laissez-passer, et autorisations, ainsi que toutes autres lois relatives \u00e0 la libert\u00e9 de circulation).<\/p>\n<p style=\"text-align: justify;\">Les personnes migrantes du monde entier doivent jouir des m\u00eames droits que les nationaux et citoyens des pays de r\u00e9sidence ou de transit et assumer les m\u00eames responsabilit\u00e9s dans tous les domaines essentiels de la vie \u00e9conomique, politique, culturelle, sociale et \u00e9ducative. Ils doivent avoir le droit de voter et d\u2019\u00eatre \u00e9ligible \u00e0 tout organe l\u00e9gislatif au niveau local, r\u00e9gional et national et d\u2019assumer leurs responsabilit\u00e9s jusqu\u2019\u00e0 la fin du mandat.<\/p>\n<p style=\"text-align: justify;\">Les personnes migrantes doivent avoir le droit de parler et de partager leur langue maternelle, de d\u00e9velopper et faire conna\u00eetre leurs cultures et leurs coutumes traditionnelles, \u00e0 l\u2019exception de toute atteinte \u00e0 l\u2019int\u00e9grit\u00e9 physique et morale des personnes et dans le respect des droits humains. Les personnes migrantes doivent avoir le droit de pratiquer leurs religions et leurs cultes.<\/p>\n<p style=\"text-align: justify;\">Les personnes migrantes doivent jouir du droit d\u2019avoir un commerce l\u00e0 o\u00f9 elles le d\u00e9sirent, de se livrer \u00e0 l\u2019industrie ou \u00e0 l\u2019exercice de tout m\u00e9tier ou de toute profession permis au m\u00eame titre que les citoyens des pays d\u2019accueil et de transit ; cela de fa\u00e7on \u00e0 leurs permettre d\u2019assumer leur part de responsabilit\u00e9 dans la production des richesses n\u00e9cessaires au d\u00e9veloppement et l\u2019\u00e9panouissement de tous.<\/p>\n<p style=\"text-align: justify;\">Le travail et la s\u00e9curit\u00e9 doivent \u00eatre assur\u00e9s \u00e0 toutes les personnes migrantes. Quiconque travaille doit \u00eatre libre d\u2019adh\u00e9rer \u00e0 un syndicat et\/ou d\u2019en fonder avec d\u2019autres personnes. Les personnes migrantes doivent recevoir un salaire \u00e9gal \u00e0 travail \u00e9gal et doivent avoir la possibilit\u00e9 de transf\u00e9rer le fruit de leur travail, les prestations sociales et de jouir de la retraite, sans aucunes restrictions. Tout cela, en contribuant au syst\u00e8me de solidarit\u00e9 n\u00e9cessaire \u00e0 la soci\u00e9t\u00e9 de r\u00e9sidence ou de transit.<\/p>\n<p style=\"text-align: justify;\">L\u2019acc\u00e8s aux prestations des services de banques et d\u2019organismes financiers doit \u00eatre assur\u00e9 \u00e0 toutes les personnes migrantes de la m\u00eame mani\u00e8re que celui accord\u00e9 aux nationaux et citoyens des pays d\u2019accueil.<\/p>\n<p style=\"text-align: justify;\">Tout le monde a le droit \u00e0 la terre, qu\u2019ils soient hommes ou femmes. La terre doit \u00eatre partag\u00e9e entre ceux qui y vivent et qui la travaillent. Les restrictions \u00e0 l\u2019usage et \u00e0 la propri\u00e9t\u00e9 fonci\u00e8re impos\u00e9es pour des raisons d\u2019ordre ethnique, national et\/ou sur le genre, doivent \u00eatre abolies ; cela au profit d\u2019une nouvelle vision d\u2019une relation responsable entre les humains et la terre, et dans le respect des exigences du d\u00e9veloppement durable.<\/p>\n<p style=\"text-align: justify;\">Les personnes migrantes, au m\u00eame titre que les nationaux et citoyens des pays de r\u00e9sidence ou de transit, doivent \u00eatre \u00e9gales devant la loi. Nul ne doit \u00eatre s\u00e9questr\u00e9, emprisonn\u00e9, d\u00e9port\u00e9 ou voir sa libert\u00e9 restreinte sans que sa cause ait \u00e9t\u00e9 \u00e9quitablement et pr\u00e9alablement entendue et d\u00e9fendue dans une langue de son choix.<\/p>\n<p style=\"text-align: justify;\">Les personnes migrantes ont le droit \u00e0 l\u2019int\u00e9grit\u00e9 physique et \u00e0 ne pas \u00eatre harcel\u00e9es, expuls\u00e9es, pers\u00e9cut\u00e9es, arr\u00eat\u00e9es arbitrairement ou tu\u00e9es en raison de leur statut ou parce qu\u2019elles d\u00e9fendent leurs droits.<\/p>\n<p style=\"text-align: justify;\">Toute loi qui pr\u00e9voit une discrimination fond\u00e9e sur l\u2019origine nationale, le genre, la situation matrimoniale et\/ou juridique ainsi que sur les convictions doit \u00eatre abrog\u00e9e, quelque soit le statut de la personne humaine.<\/p>\n<p style=\"text-align: justify;\">Les droits humains sont inali\u00e9nables et indivisibles et doivent \u00eatre les m\u00eames pour tous. La loi doit garantir \u00e0 toutes les personnes migrantes le droit \u00e0 la libert\u00e9 d\u2019expression, le droit de s\u2019organiser, le droit \u00e0 la libert\u00e9 de r\u00e9union ainsi que le droit de publier.<\/p>\n<p style=\"text-align: justify;\">L\u2019acc\u00e8s aux services de soin et \u00e0 l\u2019assistance sanitaire doit \u00eatre garanti \u00e0 toutes personnes migrantes, au m\u00eame titre que les nationaux et les citoyens des pays d\u2019accueil et de transit, avec une attention particuli\u00e8re aux personnes vuln\u00e9rables. A toute personne migrante vivant avec un handicap doivent \u00eatre garantis le droit \u00e0 la sant\u00e9, les droits sociaux et culturels.<\/p>\n<p style=\"text-align: justify;\">La loi doit garantir \u00e0 toute personne migrante le droit de choisir son partenaire, de fonder une famille et de vivre en famille. Le regroupement familial ne peut lui \u00eatre refus\u00e9 et on ne peut la s\u00e9parer ou la maintenir \u00e9loign\u00e9e de ses enfants.<\/p>\n<p style=\"text-align: justify;\">Les femmes, tout particuli\u00e8rement, doivent \u00eatre prot\u00e9g\u00e9es contre toute forme de violence et de trafic. Elles ont le droit de contr\u00f4ler leur propre corps et de rejeter l\u2019exploitation de celui-ci. Elles doivent jouir d\u2019une protection particuli\u00e8rement renforc\u00e9e, notamment en mati\u00e8re de condition de travail, de sant\u00e9 maternelle et infantile, ainsi qu\u2019en cas de changements de leur statut juridique et matrimonial.<\/p>\n<p style=\"text-align: justify;\">Les migrants mineurs doivent \u00eatre prot\u00e9g\u00e9s par les lois nationales en mati\u00e8re de protection de l\u2019enfance au m\u00eame titre que les nationaux et les citoyens de pays de r\u00e9sidence et de transit. Le droit \u00e0 l\u2019\u00e9ducation et \u00e0 l\u2019instruction doit \u00eatre garanti.<\/p>\n<p style=\"text-align: justify;\">L\u2019acc\u00e8s \u00e0 l\u2019\u00e9ducation et \u00e0 l\u2019instruction, du pr\u00e9scolaire \u00e0 l\u2019enseignement sup\u00e9rieur, doit \u00eatre garanti aux personnes migrantes et \u00e0 leurs enfants. L\u2019instruction doit \u00eatre gratuite, et \u00e9gale pour tous les enfants. Les \u00e9tudes sup\u00e9rieures et la formation technique doivent \u00eatre accessibles \u00e0 tous dans une nouvelle vision du dialogue et du partage des cultures. Dans la vie culturelle, dans les sports et dans l\u2019\u00e9ducation, toute distinction fond\u00e9e sur l\u2019origine nationale doit \u00eatre abolie.<\/p>\n<p style=\"text-align: justify;\">Les personnes migrantes doivent avoir droit au logement. Toute personne doit avoir le droit d\u2019habiter dans l\u2019endroit de son choix, d\u2019\u00eatre d\u00e9cemment log\u00e9e et d\u2019avoir acc\u00e8s \u00e0 la propri\u00e9t\u00e9 immobili\u00e8re ainsi que de maintenir sa famille dans le confort et la s\u00e9curit\u00e9 au m\u00eame titre que les nationaux et citoyens de pays d\u2019accueil et de transit.<\/p>\n<p style=\"text-align: justify;\">A toutes personnes migrantes, il faut garantir le droit \u00e0 une alimentation saine, et suffisante, et le droit \u00e0 l\u2019acc\u00e8s \u00e0 l\u2019eau.<\/p>\n<p style=\"text-align: justify;\">Les personnes migrantes ambitionnent d\u2019avoir l\u2019opportunit\u00e9 et la responsabilit\u00e9, au m\u00eame titre que les nationaux et les citoyens de pays d\u2019accueil et de transit, de faire face ensemble aux d\u00e9fis actuels (logement, alimentation, sant\u00e9, \u00e9panouissement\u2026).<\/p>\n<p style=\"text-align: justify;\">Nous, personnes migrantes, nous engageons \u00e0 respecter et promouvoir les valeurs et principes exprim\u00e9s ci-dessus et \u00e0 contribuer ainsi \u00e0 la disparition de tout syst\u00e8me d\u2019exploitation s\u00e9gr\u00e9gationniste et \u00e0 l\u2019av\u00e8nement d\u2019un monde pluriel, responsable et solidaire.<\/p>\n<\/div>\n","protected":false},"excerpt":{"rendered":"<p>&nbsp; Charte Mondiale des Migrants Une charte pour un monde sans murs Proclam\u00e9e \u00e0 Gor\u00e9e (S\u00e9n\u00e9gal), le 4 f\u00e9vrier 2011 Les personnes migrantes sont les cibles de politiques injustes. Celles-ci, au d\u00e9triment des droits universellement reconnus \u00e0 chaque personne humaine, font s\u2019opposer les \u00eatres humains, les uns aux autres en utilisant des strat\u00e9gies discriminatoires, fond\u00e9es &#8230; <a title=\"Charte Mondiale des Migrants\" class=\"read-more\" href=\"https:\/\/bruxelles-pantheres.be\/?p=1578\" aria-label=\"En savoir plus sur Charte Mondiale des Migrants\">Lire la suite<\/a><\/p>\n","protected":false},"author":1,"featured_media":867,"comment_status":"open","ping_status":"open","sticky":false,"template":"","format":"standard","meta":{"footnotes":""},"categories":[1,35,21,24,36,18,28,39],"tags":[31,14,23,13,15],"class_list":["post-1578","post","type-post","status-publish","format-standard","has-post-thumbnail","hentry","category-non-classe","category-amerique-du-sud","category-anti-imperialisme","category-belgique-maroc","category-europe","category-resistance-bruxelles","category-racismes","category-sans-papier","tag-belgique","tag-bruxelles","tag-discrimination","tag-nordine-saidi","tag-resistance"],"_links":{"self":[{"href":"https:\/\/bruxelles-pantheres.be\/index.php?rest_route=\/wp\/v2\/posts\/1578","targetHints":{"allow":["GET"]}}],"collection":[{"href":"https:\/\/bruxelles-pantheres.be\/index.php?rest_route=\/wp\/v2\/posts"}],"about":[{"href":"https:\/\/bruxelles-pantheres.be\/index.php?rest_route=\/wp\/v2\/types\/post"}],"author":[{"embeddable":true,"href":"https:\/\/bruxelles-pantheres.be\/index.php?rest_route=\/wp\/v2\/users\/1"}],"replies":[{"embeddable":true,"href":"https:\/\/bruxelles-pantheres.be\/index.php?rest_route=%2Fwp%2Fv2%2Fcomments&post=1578"}],"version-history":[{"count":1,"href":"https:\/\/bruxelles-pantheres.be\/index.php?rest_route=\/wp\/v2\/posts\/1578\/revisions"}],"predecessor-version":[{"id":1579,"href":"https:\/\/bruxelles-pantheres.be\/index.php?rest_route=\/wp\/v2\/posts\/1578\/revisions\/1579"}],"wp:featuredmedia":[{"embeddable":true,"href":"https:\/\/bruxelles-pantheres.be\/index.php?rest_route=\/wp\/v2\/media\/867"}],"wp:attachment":[{"href":"https:\/\/bruxelles-pantheres.be\/index.php?rest_route=%2Fwp%2Fv2%2Fmedia&parent=1578"}],"wp:term":[{"taxonomy":"category","embeddable":true,"href":"https:\/\/bruxelles-pantheres.be\/index.php?rest_route=%2Fwp%2Fv2%2Fcategories&post=1578"},{"taxonomy":"post_tag","embeddable":true,"href":"https:\/\/bruxelles-pantheres.be\/index.php?rest_route=%2Fwp%2Fv2%2Ftags&post=1578"}],"curies":[{"name":"wp","href":"https:\/\/api.w.org\/{rel}","templated":true}]}}