{"id":1583,"date":"2011-01-26T19:45:12","date_gmt":"2011-01-26T18:45:12","guid":{"rendered":"https:\/\/bruxelles-pantheres.be\/?p=1583"},"modified":"2013-11-30T19:49:03","modified_gmt":"2013-11-30T18:49:03","slug":"voyez-la-betise-suffisante-quand-elle-se-met-en-scene","status":"publish","type":"post","link":"https:\/\/bruxelles-pantheres.be\/?p=1583","title":{"rendered":"VOYEZ LA B\u00caTISE SUFFISANTE, QUAND ELLE SE MET EN SC\u00c8NE\u2026"},"content":{"rendered":"<p>&nbsp;<\/p>\n<div class=\"entry-content\">\n<p style=\"text-align: center;\"><span style=\"color: #ff0000;\"><strong>Quand gouvernent l\u2019incomp\u00e9tence et l\u2019imposture\u2026<\/strong> <\/span><\/p>\n<p>Il en va presque du renversement du pouvoir tunisien par son peuple, comme des r\u00e9v\u00e9lations du site Wikileaks: certains \u00abexperts\u00bb vous ass\u00e8nent leur analyse en un coup de cuill\u00e8re \u00e0 pot, comme si l\u2019\u00e9volution d\u2019un monde de plus en plus complexe pouvait \u00eatre comprise en un clic de souris\u2026<!--more--><\/p>\n<p>Ainsi disaient-ils \u00e0 propos des 250.000 documents secrets annonc\u00e9s par Wikileaks, \u00abqu\u2019il n\u2019y avait-l\u00e0 rien \u00e0 apprendre\u00bb. Or, force est de constater que ceux-l\u00e0 ne savaient manifestement pas de quoi ils parlaient, puisque chaque jour nous r\u00e9v\u00e8le son lot d\u2019informations parfois plus qu\u2019\u00e9difiantes, comme les derni\u00e8res en date \u00e0 propos des n\u00e9gociations de paix entre Palestiniens et Isra\u00e9liens. Par ailleurs, comment ces \u00abexperts\u00bb auraient-ils pu prendre connaissance d\u2019une telle somme de documents, quelques heures \u00e0 peine apr\u00e8s le d\u00e9but de leur publication!? C\u2019est tout bonnement grotesque et cela r\u00e9v\u00e8le surtout leur fain\u00e9antise et leur incomp\u00e9tence crasse \u00e0 tenter de comprendre un monde qui change trop vite pour leur cervelle de cancre\u2026<\/p>\n<p>Dans les \u00e9v\u00e8nements qui secouent la Tunisie aujourd\u2019hui, c\u2019est un peu pareil. Ces m\u00eames \u00abexperts\u00bb qui pour beaucoup saluaient auparavant le r\u00e9gime du dictateur Ben Ali parvenu selon eux \u00e0 hisser \u00abson\u00bb pays aux standards de d\u00e9mocratie \u00e0 l\u2019occidentale, vont de d\u00e9claration en d\u00e9claration, tout en reconnaissant du bout des l\u00e8vres que personne n\u2019avait rien vu venir\u2026 Rien d\u2019\u00e9tonnant \u00e0 une telle c\u00e9cit\u00e9 dans le chef de ces incultes tellement europ\u00e9o-centr\u00e9s et tout affair\u00e9s \u00e0 soigner leur \u00e9go. C\u2019est faire aveu que la majorit\u00e9 d\u2019entre eux ne connaissent rien des r\u00e9alit\u00e9s des pays sur lesquels ils se r\u00e9pandent pourtant sans retenue, d\u00e8s qu\u2019il s\u2019agit de les caricaturer grossi\u00e8rement \u00e0 travers le port d\u2019un voile par de tr\u00e8s jeunes-filles, ou par des pratiques religieuses encombrantes quand ce n\u2019est pas par le danger imminent d\u2019un islam envahissant. D\u00e8s qu\u2019il est question de rapprochements culturels et\/ou \u00e9conomiques, les envol\u00e9es lyriques et les promesses d\u2019un partenariat euro-m\u00e9diterran\u00e9en renforc\u00e9 vont bon train. Mais lorsqu\u2019il s\u2019agit de questions plus politiques, n\u00e9cessitant courage et probit\u00e9, le silence est de rigueur. En d\u2019autres mots, quelle couardise et quelle incomp\u00e9tence crasse, toujours!<\/p>\n<p>Tout cela ne serait pas bien grave si ce cercle d\u2019ignorants n\u2019avait d\u2019autre \u00e9cho que la vanit\u00e9 de leurs propos. Mais \u00e0 partir du moment o\u00f9 certains d\u2019entre eux se trouvent \u00eatre les repr\u00e9sentants d\u2019un gouvernement qui depuis des d\u00e9cennies a les mains li\u00e9es aux pratiques dictatoriales de ces Etats dont ils entendent continuer \u00e0 garder le contr\u00f4le par l\u2019entremise de dirigeants corrompus, il en va autrement. Quand la virago Alliot-Marie, plus soucieuse de ses drap\u00e9s de soie que de l\u2019\u00e9coute d\u2019un peuple en r\u00e9volte ose officiellement proposer le \u00absavoir-faire fran\u00e7ais\u00bb en termes d\u2019aide au dictateur en place pour le maintien de l\u2019ordre, c\u2019est grave, n\u2019en d\u00e9plaise \u00e0 Hubert V\u00e9drine qui aimerait que cela reste une affaire franco-fran\u00e7aise. Et c\u2019est grave \u00e0 plus d\u2019un titre. Grave d\u2019abord, dans le concept m\u00eame du \u00absavoir-faire fran\u00e7ais\u00bb: si les repr\u00e9sentants de la France ne se r\u00eavaient pas encore en ancienne puissance coloniale, peut-\u00eatre pourraient-ils voir la mani\u00e8re dont son \u00absavoir-faire\u00bb est per\u00e7u autour de la plan\u00e8te! Grave ensuite, parce que l\u2019Occident donneur de le\u00e7ons a pris l\u2019habitude de distribuer ses points de conduite dans les affaires du monde. Et d\u00e8s lors, cela ne peut plus se r\u00e9sumer \u00e0 une affaire strictement interne au gouvernement fran\u00e7ais. Cela concerne l\u2019ensemble des pays et des citoyens qui ont bien compris les propos de la ministre, maladroite jusque dans ses tentatives de justification qui n\u2019ont convaincu qu\u2019elle-m\u00eame\u2026 et encore: tout menteur sait qu\u2019il ment, m\u00eame et surtout quand il lui faut insister de mani\u00e8re aussi pitoyable pour persuader son auditoire du contraire\u2026 Grave aussi, parce que les propos de la ministre ne l\u2019engageaient pas seule, mais \u00e9galement Matignon et l\u2019Elys\u00e9e qui avaient donn\u00e9 leur feu vert \u00e0 pareille initiative, tout comme \u00e0 l\u2019envoi de milliers de grenades lacrymog\u00e8nes command\u00e9es d\u2019urgence par le pouvoir tunisien, et que de telles pratiques r\u00e9v\u00e8lent l\u2019esprit n\u00e9o-colonial toujours bien pr\u00e9sent des arrogants qui nous gouvernent\u2026 Grave, parce que dans cette d\u00e9testable manie de s\u2019immiscer dans les affaires de pays dont certains nostalgiques s\u2019imaginent encore que c\u2019est leur pr\u00e9 carr\u00e9, ceux-l\u00e0 ne s\u2019embarrassent pas de vouloir dicter aujourd\u2019hui la mani\u00e8re dont le peuple tunisien devrait man\u0153uvrer pour r\u00e9ussir dans son mouvement de r\u00e9volte\u2026 Grave encore, parce qu\u2019il n\u2019est pas acceptable de pr\u00f4ner la globalisation quand elle nous arrange et de la refuser quand elle nous d\u00e9range et que cela r\u00e9v\u00e8le la m\u00e9diocrit\u00e9 des petits nababs qui un jour devraient \u00eatre renvers\u00e9s \u00e0 leur tour, pour motif d\u2019incomp\u00e9tence av\u00e9r\u00e9e\u2026 Grave enfin, parce que lorsqu\u2019on est en charge de la politique ext\u00e9rieure d\u2019un pays, on est responsable de ses propres d\u00e9rives et qu\u2019il faut non seulement les assumer, mais en tirer les cons\u00e9quences en lieu et place de tenter de justifier l\u2019injustifiable\u2026<\/p>\n<p>Quelques heures plus tard, non contente de ses grossi\u00e8res maladresses \u00e0 l\u2019encontre du peuple tunisien, \u00e0 son arriv\u00e9e \u00e0 Tel-Aviv la m\u00eame b\u00eatise a fait dire \u00e0 l\u2019obtuse MAM que \u00abla France n\u2019acceptera pas que l\u2019Iran d\u00e9stabilise le Moyen-Orient\u00bb. Pauvre marionnette, qui ne sait pas ou feint d\u2019ignorer que le Moyen-Orient est depuis longtemps d\u00e9stabilis\u00e9 par l\u2019imposition occidentale de l\u2019Etat sioniste mort-n\u00e9 sur la terre de Palestine, ainsi que par nos incessantes ing\u00e9rences dans toute la r\u00e9gion\u2026 Non contente de cette premi\u00e8re envol\u00e9e, n\u2019a-t-elle pas enfonc\u00e9 le clou en d\u00e9clarant toujours \u00e0 propos de l\u2019Iran \u00ab\u00a0sa d\u00e9termination \u2013 vrai qu\u2019avec ses airs de jument folle, on peut la croire! \u2013 \u00e0 faire respecter les R\u00e9solutions du Conseil de s\u00e9curit\u00e9\u00a0\u00bb\u2026 L\u2019on e\u00fbt aim\u00e9 de la part de cette pi\u00e8tre actrice le m\u00eame courage vis-\u00e0-vis d\u2019Isra\u00ebl qui n\u2019en respecte aucune depuis des d\u00e9cennies! Et apr\u00e8s ses lamentables d\u00e9clarations \u00e0 propos de la Tunisie, le minimum de d\u00e9cence et de retenue aurait d\u00fb faire taire cette \u00abhas been sur le retour\u00bb qui, comme l\u2019\u00e9crit P. Haski, en tant que ministre des Affaires Etrang\u00e8res para\u00eet bien \u00e9trang\u00e8re aux affaires dont elle a la charge. D\u2019ailleurs, la population de Gaza ne s\u2019y est pas tromp\u00e9e en l\u2019accueillant \u00e0 coups de jets de tomates, d\u2019\u0153ufs et de chaussures\u2026<\/p>\n<p>Quand on pense que celle-l\u00e0 envisageait s\u00e9rieusement sa candidature \u00e0 la pr\u00e9sidence de la R\u00e9publique, cela nous renseigne sur l\u2019incapacit\u00e9 de ces suffisants \u00e0 sentir et comprendre le rejet qu\u2019ils nous inspirent et le d\u00e9dain que nous leur portons\u2026 Et cela illustre une fois encore, \u00e0 quel point la classe politique est coup\u00e9e de la base, toute enferm\u00e9e qu\u2019elle est dans ses certitudes de technocrates besogneux et st\u00e9riles. A moins que, dans ce monde globalis\u00e9 o\u00f9 la question de l\u2019international est de plus en plus importante, avoir nomm\u00e9 MAM \u00e0 la t\u00eate de la diplomatie dans le nouveau gouvernement de Nicolas Sark\u00f6zy de Nagy Bocsa ne soit peut-\u00eatre la meilleure mani\u00e8re d\u2019\u00e9liminer \u00abnaturellement\u00bb cette pi\u00e8tre candidate pour le prochain tour\u2026<\/p>\n<p>En attendant, n\u2019y aurait-il donc personne dans le gouvernement Fillon qui \u00e0 d\u00e9faut de lui indiquer la porte de sortie, puisse au minimum la faire taire en lui proposant de r\u00e9fl\u00e9chir \u00e0 ce passage o\u00f9 le philosophe Andr\u00e9 Comte-Sponville relate l\u2019ethnologue Claude L\u00e9vi-Strauss en ces termes:<br \/>\n\u00abSi L\u00e9vi-Strauss remet en cause les illusions du sujet, c\u2019est bien s\u00fbr, entre autres choses, parce qu\u2019il est ethnologue: la critique de l\u2019\u00e9gocentrisme est contenue dans celle de l\u2019ethnocentrisme, laquelle sans doute est partie int\u00e9grante du travail de tout ethnologue. C\u2019est le privil\u00e8ge du regard \u00e9loign\u00e9 que de produire ce d\u00e9centrement: plong\u00e9 dans d\u2019autres cultures, l\u2019ethnologue prend mieux conscience de la sienne et, sans l\u2019annuler, en d\u00e9voile la relativit\u00e9 ou (en tant qu\u2019elle se croit absolue) l\u2019illusion. Cela remet le sujet \u00e0 sa place, qui n\u2019est pas celle d\u2019un principe ou d\u2019un savoir (comme pure transparence au vrai ou au bien!) mais celle, d\u2019abord, d\u2019un effet (le sujet n\u2019est pas principe mais r\u00e9sultat) et d\u2019une m\u00e9connaissance (le sujet n\u2019est pas transparence mais opacit\u00e9).<br \/>\nMais cette critique du sujet a aussi \u00e0 voir avec le structuralisme, dont elle est peut-\u00eatre l\u2019enjeu principal. S\u2019il faut penser par structures, c\u2019est d\u2019abord pour briser \u00ables pr\u00e9tendues \u00e9vidences du moi\u00bb, qui (\u00able propre de la conscience \u00e9tant de se duper elle-m\u00eame\u00bb) font que chacun se prend, modestement, pour le sujet universel et du vrai. Ma morale n\u2019est-elle pas la morale? Mon go\u00fbt, le go\u00fbt? Ma justice, la justice? Ma pens\u00e9e, enfin, n\u2019est-elle pas la pens\u00e9e? Et de l\u00e9gif\u00e9rer tranquillement, depuis le Quartier latin ou la c\u00f4te Ouest, sur le destin des peuples et le malheur des consciences\u2026 Contre quoi L\u00e9vi-Strauss enseigne que la v\u00e9rit\u00e9 de l\u2019homme r\u00e9side, non dans la pr\u00e9tendue transparence d\u2019un cogito ou d\u2019une culture mais, toutes cultures \u00e9tant r\u00e9put\u00e9es \u00e9gales (moins d\u2019ailleurs parce qu\u2019elles se valent toutes que parce qu\u2019aucune n\u2019a de valeur objective ou absolue), \u00abdans le syst\u00e8me de leurs diff\u00e9rences et de leurs communes propri\u00e9t\u00e9s\u00bb. Que reste-t-il alors de l\u2019homme? Rien peut-\u00eatre (\u00able but dernier des sciences humaines pr\u00e9cise L\u00e9vi-Strauss dans La pens\u00e9e sauvage, n\u2019est pas de constituer l\u2019homme, mais de le dissoudre\u00bb), et c\u2019est ce qui effraie nos humanistes.\u00bb [1]<\/p>\n<p>Daniel Vanhove<br \/>\nObservateur civil<br \/>\nAuteur<br \/>\n26.01.11<br \/>\nNote :<br \/>\n[1] Extrait de \u00ab L\u00e9vi-Strauss ou le courage du d\u00e9sespoir \u00bb dans Une \u00e9ducation philosophique \u2013 A. Comte-Sponville \u2013 Ed. PUF \u2013 1989<\/p>\n<\/div>\n","protected":false},"excerpt":{"rendered":"<p>&nbsp; Quand gouvernent l\u2019incomp\u00e9tence et l\u2019imposture\u2026 Il en va presque du renversement du pouvoir tunisien par son peuple, comme des r\u00e9v\u00e9lations du site Wikileaks: certains \u00abexperts\u00bb vous ass\u00e8nent leur analyse en un coup de cuill\u00e8re \u00e0 pot, comme si l\u2019\u00e9volution d\u2019un monde de plus en plus complexe pouvait \u00eatre comprise en un clic de souris\u2026<\/p>\n","protected":false},"author":1,"featured_media":1133,"comment_status":"open","ping_status":"open","sticky":false,"template":"","format":"standard","meta":{"footnotes":""},"categories":[1,21,36,18],"tags":[31,77,30,19,15,29,78],"class_list":["post-1583","post","type-post","status-publish","format-standard","has-post-thumbnail","hentry","category-non-classe","category-anti-imperialisme","category-europe","category-resistance-bruxelles","tag-belgique","tag-egypte","tag-maroc","tag-pauvrete","tag-resistance","tag-torture","tag-tunisie"],"_links":{"self":[{"href":"https:\/\/bruxelles-pantheres.be\/index.php?rest_route=\/wp\/v2\/posts\/1583","targetHints":{"allow":["GET"]}}],"collection":[{"href":"https:\/\/bruxelles-pantheres.be\/index.php?rest_route=\/wp\/v2\/posts"}],"about":[{"href":"https:\/\/bruxelles-pantheres.be\/index.php?rest_route=\/wp\/v2\/types\/post"}],"author":[{"embeddable":true,"href":"https:\/\/bruxelles-pantheres.be\/index.php?rest_route=\/wp\/v2\/users\/1"}],"replies":[{"embeddable":true,"href":"https:\/\/bruxelles-pantheres.be\/index.php?rest_route=%2Fwp%2Fv2%2Fcomments&post=1583"}],"version-history":[{"count":1,"href":"https:\/\/bruxelles-pantheres.be\/index.php?rest_route=\/wp\/v2\/posts\/1583\/revisions"}],"predecessor-version":[{"id":1584,"href":"https:\/\/bruxelles-pantheres.be\/index.php?rest_route=\/wp\/v2\/posts\/1583\/revisions\/1584"}],"wp:featuredmedia":[{"embeddable":true,"href":"https:\/\/bruxelles-pantheres.be\/index.php?rest_route=\/wp\/v2\/media\/1133"}],"wp:attachment":[{"href":"https:\/\/bruxelles-pantheres.be\/index.php?rest_route=%2Fwp%2Fv2%2Fmedia&parent=1583"}],"wp:term":[{"taxonomy":"category","embeddable":true,"href":"https:\/\/bruxelles-pantheres.be\/index.php?rest_route=%2Fwp%2Fv2%2Fcategories&post=1583"},{"taxonomy":"post_tag","embeddable":true,"href":"https:\/\/bruxelles-pantheres.be\/index.php?rest_route=%2Fwp%2Fv2%2Ftags&post=1583"}],"curies":[{"name":"wp","href":"https:\/\/api.w.org\/{rel}","templated":true}]}}