{"id":1589,"date":"2010-07-01T19:55:39","date_gmt":"2010-07-01T18:55:39","guid":{"rendered":"https:\/\/bruxelles-pantheres.be\/?p=1589"},"modified":"2013-11-30T19:58:45","modified_gmt":"2013-11-30T18:58:45","slug":"hommage-a-toutes-les-femmes-ayant-choisi-de-porter-le-voile-certaines-au-risque-de-leur-vie","status":"publish","type":"post","link":"https:\/\/bruxelles-pantheres.be\/?p=1589","title":{"rendered":"Hommage \u00e0 toutes les femmes ayant choisi de porter le voile\u2026 certaines, au risque de leur vie"},"content":{"rendered":"<div class=\"entry-content\">\n<address><strong><em>Hommage \u00e0 Marwa El-Sherbini et \u00e0 toutes les femmes ayant choisi de porter le voile\u2026 certaines, au risque de leur vie<\/em><\/strong><\/address>\n<div><a href=\"http:\/\/2.bp.blogspot.com\/_Ksk6ceEv_y0\/TDGFEYt5_GI\/AAAAAAAAAmU\/T66R_TI9PGw\/s1600\/marwa%27s+family.preview.jpg\"><img decoding=\"async\" class=\"alignleft\" alt=\"\" src=\"https:\/\/lh3.ggpht.com\/_Ksk6ceEv_y0\/TDGFEYt5_GI\/AAAAAAAAAmU\/T66R_TI9PGw\/s200\/marwa%27s+family.preview.jpg\" width=\"144\" height=\"200\" border=\"0\" \/><\/a><\/div>\n<p style=\"text-align: justify;\">Il y a un an Marwa Sherbini, 32 ans, maman d\u2019un petit gar\u00e7on de 3 ans, \u00e9tait assassin\u00e9e en plein tribunal de Dresde (Allemagne). Parce qu\u2019elle portait le voile.<\/p>\n<p style=\"text-align: justify;\">De 1992 \u00e0 1999, elle fut membre de l\u2019\u00e9quipe nationale d\u2019\u00c9gypte de hand-ball. Elle travaillait comme pharmacienne \u00e0 Dresde.<\/p>\n<p style=\"text-align: justify;\">Le 1er juillet 2009, Marwa expliquait une seconde fois devant les juges comment elle s\u2019\u00e9tait faite insulter par Alexander W. parce qu\u2019elle portait le voile, apr\u00e8s lui avoir demand\u00e9 de laisser son fils s\u2019asseoir sur une balan\u00e7oire.<!--more--><\/p>\n<p style=\"text-align: justify;\">Alexander W. avait d\u00e9j\u00e0 \u00e9t\u00e9 reconnu coupable d\u2019outrage contre Marwa, pour lui avoir cri\u00e9 <em>\u00abterroriste\u00bb<\/em> et <em>\u00abpute islamiste\u00bb<\/em>, lors d\u2019une rencontre dans un parc de Dresde. Il avait \u00e9t\u00e9 condamn\u00e9 \u00e0 une amende de 780 \u20ac mais le procureur avait fait appel du jugement, visant une peine plus forte, vu le caract\u00e8re x\u00e9nophobe clair de l\u2019attaque. C\u2019est pourquoi Alexander W. s\u2019est de nouveau trouv\u00e9 face \u00e0 Marwa au tribunal.<\/p>\n<p style=\"text-align: justify;\">Alexander W. s\u2019\u00e9tait fait remarquer tout au long du proc\u00e8s par ses remarques racistes et islamophobes. Il n\u2019avait pas cach\u00e9 ses sympathies pour le parti nazi (NPD). Le 1er juillet 2009, il poignarde Marwa El-Sherbini de 18 coups de couteau, en plein tribunal. Les juges venaient d\u2019annoncer qu\u2019elle avait gagn\u00e9 le proc\u00e8s et qu\u2019il devait payer 2800 \u20ac d\u2019amende pour ses insultes.<\/p>\n<p style=\"text-align: justify;\">Marwa \u00e9tait enceinte de 3 mois. Son mari Ali Elvi Okaz, tentant de s\u2019interposer, a \u00e9t\u00e9 gri\u00e8vement bless\u00e9 de trois coups de couteau. Il est \u00e9galement touch\u00e9 \u00e0 la jambe par une balle tir\u00e9e par\u2026 la police qui l\u2019aurait pris pour l\u2019agresseur! Et tout cela devant les yeux de leur fils de trois ans.<br \/>\nLe couple vivait en Allemagne depuis 2003, il attendait un deuxi\u00e8me enfant pour janvier 2010.<\/p>\n<p style=\"text-align: justify;\">Il s\u2019agit incontestablement d\u2019un crime haineux mais \u00e0 la diff\u00e9rence d\u2019autres crimes haineux tels que les crimes homophobes ou antis\u00e9mites, il n\u2019a pas fait la une des journaux. Je rejoins ceux qui ont d\u00e9nonc\u00e9 le manque de couverture m\u00e9diatique d\u2019un tel \u00e9v\u00e8nement qui, s\u2019il avait \u00e9t\u00e9 fond\u00e9 sur d\u2019autres raisons, aurait \u00e9t\u00e9 trait\u00e9 avec plus de s\u00e9rieux.<\/p>\n<p style=\"text-align: justify;\">Cet assassinat n\u2019\u00e9tait-il pas assez important pour \u00eatre couvert par les m\u00e9dias comme il aurait d\u00fb l\u2019\u00eatre? Une femme voil\u00e9e et enceinte, tu\u00e9e dans un tribunal, avec l\u2019enfant qu\u2019elle porte, par l\u2019homme qui lui a lanc\u00e9 des injures islamophobes (et condamn\u00e9 pour cela), son \u00e9poux bless\u00e9 d\u2019une balle des policiers en tentant de la sauver\u2026. Tout cela ne m\u00e9rite-t-il pas la une des journaux car il s\u2019agit d\u2019une musulmane? Imaginons que Marwa ait \u00e9t\u00e9 assassin\u00e9e par son fr\u00e8re ou son mari dans le cadre d\u2019un <em>\u00abcrime d\u2019honneur\u00bb<\/em>, comment auraient r\u00e9agi les m\u00e9dias occidentaux ?<\/p>\n<p style=\"text-align: justify;\">Marwa est devenue le symbole de la pers\u00e9cution de milliers de femmes musulmanes confront\u00e9es \u00e0 la mont\u00e9e de l\u2019islamophobie en Europe. Les nombreux t\u00e9moignages de femmes musulmanes sur les injures ou les menaces dont elles sont victimes m\u2019inqui\u00e8tent au plus haut point. Les gouvernements europ\u00e9ens ont une grande part de responsabilit\u00e9 dans ce climat hostile. En Belgique, le vote unanime (\u00e0 deux abstentions pr\u00e8s) de nos d\u00e9put\u00e9s contre la burqa n\u2019est que la partie visible d\u2019un nouveau type de racisme qui envahit l\u2019Europe. L\u2019islamophobie tue! Nous ne pourrons pas dire: <em>\u00abJe ne le savais pas\u00bb<\/em>.<\/p>\n<p style=\"text-align: justify;\"><strong>Nordine Sa\u00efdi<\/strong><br \/>\nPorte-parole \u00c9GALIT\u00c9<br \/>\n01.07.10<\/p>\n<\/div>\n","protected":false},"excerpt":{"rendered":"<p>Hommage \u00e0 Marwa El-Sherbini et \u00e0 toutes les femmes ayant choisi de porter le voile\u2026 certaines, au risque de leur vie Il y a un an Marwa Sherbini, 32 ans, maman d\u2019un petit gar\u00e7on de 3 ans, \u00e9tait assassin\u00e9e en plein tribunal de Dresde (Allemagne). Parce qu\u2019elle portait le voile. De 1992 \u00e0 1999, elle &#8230; <a title=\"Hommage \u00e0 toutes les femmes ayant choisi de porter le voile\u2026 certaines, au risque de leur vie\" class=\"read-more\" href=\"https:\/\/bruxelles-pantheres.be\/?p=1589\" aria-label=\"En savoir plus sur Hommage \u00e0 toutes les femmes ayant choisi de porter le voile\u2026 certaines, au risque de leur vie\">Lire la suite<\/a><\/p>\n","protected":false},"author":1,"featured_media":205,"comment_status":"open","ping_status":"open","sticky":false,"template":"","format":"standard","meta":{"footnotes":""},"categories":[36,4,28],"tags":[31,23,13,15,9],"class_list":["post-1589","post","type-post","status-publish","format-standard","has-post-thumbnail","hentry","category-europe","category-islamophobie","category-racismes","tag-belgique","tag-discrimination","tag-nordine-saidi","tag-resistance","tag-voile"],"_links":{"self":[{"href":"https:\/\/bruxelles-pantheres.be\/index.php?rest_route=\/wp\/v2\/posts\/1589","targetHints":{"allow":["GET"]}}],"collection":[{"href":"https:\/\/bruxelles-pantheres.be\/index.php?rest_route=\/wp\/v2\/posts"}],"about":[{"href":"https:\/\/bruxelles-pantheres.be\/index.php?rest_route=\/wp\/v2\/types\/post"}],"author":[{"embeddable":true,"href":"https:\/\/bruxelles-pantheres.be\/index.php?rest_route=\/wp\/v2\/users\/1"}],"replies":[{"embeddable":true,"href":"https:\/\/bruxelles-pantheres.be\/index.php?rest_route=%2Fwp%2Fv2%2Fcomments&post=1589"}],"version-history":[{"count":1,"href":"https:\/\/bruxelles-pantheres.be\/index.php?rest_route=\/wp\/v2\/posts\/1589\/revisions"}],"predecessor-version":[{"id":1590,"href":"https:\/\/bruxelles-pantheres.be\/index.php?rest_route=\/wp\/v2\/posts\/1589\/revisions\/1590"}],"wp:featuredmedia":[{"embeddable":true,"href":"https:\/\/bruxelles-pantheres.be\/index.php?rest_route=\/wp\/v2\/media\/205"}],"wp:attachment":[{"href":"https:\/\/bruxelles-pantheres.be\/index.php?rest_route=%2Fwp%2Fv2%2Fmedia&parent=1589"}],"wp:term":[{"taxonomy":"category","embeddable":true,"href":"https:\/\/bruxelles-pantheres.be\/index.php?rest_route=%2Fwp%2Fv2%2Fcategories&post=1589"},{"taxonomy":"post_tag","embeddable":true,"href":"https:\/\/bruxelles-pantheres.be\/index.php?rest_route=%2Fwp%2Fv2%2Ftags&post=1589"}],"curies":[{"name":"wp","href":"https:\/\/api.w.org\/{rel}","templated":true}]}}