{"id":159,"date":"2013-10-09T22:57:16","date_gmt":"2013-10-09T21:57:16","guid":{"rendered":"https:\/\/bruxelles-pantheres.be\/?p=159"},"modified":"2013-11-10T00:18:24","modified_gmt":"2013-11-09T23:18:24","slug":"lepouse-de-nizar-trabelsi-nizar-se-trouve-a-lautre-bout-du-monde-je-nai-meme-pas-pu-lui-dire-au-revoir","status":"publish","type":"post","link":"https:\/\/bruxelles-pantheres.be\/?p=159","title":{"rendered":"L\u2019\u00e9pouse de Nizar Trabelsi : \u00ab Nizar se trouve \u00e0 l\u2019autre bout du monde, je n\u2019ai m\u00eame pas pu lui dire au revoir.. \u00bb"},"content":{"rendered":"<div class=\"entry-content\">\n<div><a href=\"https:\/\/bruxelles-pantheres.be\/wp-content\/uploads\/2013\/11\/timthumb1.jpg\"><img decoding=\"async\" class=\"alignnone size-full wp-image-80\" alt=\"timthumb\" src=\"https:\/\/bruxelles-pantheres.be\/wp-content\/uploads\/2013\/11\/timthumb1.jpg\" width=\"599\" height=\"275\" srcset=\"https:\/\/bruxelles-pantheres.be\/wp-content\/uploads\/2013\/11\/timthumb1.jpg 599w, https:\/\/bruxelles-pantheres.be\/wp-content\/uploads\/2013\/11\/timthumb1-300x138.jpg 300w\" sizes=\"(max-width: 599px) 100vw, 599px\" \/><\/a><\/div>\n<div><\/div>\n<div><i>\u00ab\u00a0Je me sens mal. Depuis jeudi, Nizar est dans une prison \u00e0 Washington. A l\u2019autre bout du monde. Je n\u2019\u00e9tais pas pr\u00e9par\u00e9 \u00e0 une chose pareille. Je n\u2019ai pas pu lui dire au revoir. Ils me l\u2019ont arrach\u00e9. Ils se sont comport\u00e9s comme des voyous.<\/i><\/div>\n<div><i>Je l\u2019ai vu pour la derni\u00e8re fois, mercredi, lors de la visite \u00e0 Bruges, pendant deux heures. La visite s\u2019est termin\u00e9e \u00e0 19.45 h. Quelques heures apr\u00e8s seulement ils allaient le mettre dans un avion am\u00e9ricain qui partait de l\u2019a\u00e9roport militaire de Melsbroek.<!--more--> Ils l\u2019on fait en secret. Ils ont pu le faire sortir de sa cellule en lui disant qu\u2019il allait \u00eatre transf\u00e9r\u00e9 \u00e0 la prison d\u2019Ittre. Il a d\u00fb croire qu\u2019on allait enfin pouvoir se marier devant la loi, comme c\u2019\u00e9tait pr\u00e9vu par la commune d\u2019Ittre. Apr\u00e8s son transfert vers la prison de Bruges, la commune avait pr\u00e9vu le mariage pour le 7 octobre.<\/i><\/div>\n<div><i>Nizar \u00e9tait fatigu\u00e9, toujours rong\u00e9 par l\u2019inqui\u00e9tude, par cette lutte sans fin pour obtenir quoique ce soit.<\/i><\/div>\n<div><i>Deux de mes enfants l\u2019ont encore vu le samedi pass\u00e9 pendant la visite de 3.15 \u00e0 5.15h. C\u2019\u00e9tait une belle visite, plein de joie. On avait obtenu cette visite \u00e0 ces heures-l\u00e0 par un arrangement avec la direction en sa faveur. Mais par la suite, la direction a chang\u00e9. Elle a remis l\u2019horaire de la visite pour les enfants pour le samedi suivant de nouveau de 19 heures \u00e0 20 heures. Nizar avait demand\u00e9 \u00e0 la direction pourquoi elle avait fait ce changement. Il avait aussi demand\u00e9 les r\u00e9sultats de son rapport psychiatrique. Il avait demand\u00e9 s\u2019il y avait d\u00e9j\u00e0 une r\u00e9ponse sur sa nouvelle demande d\u2019asile en Belgique. Mais \u00e0 aucune de ses questions il n\u2019y a eu une r\u00e9ponse. Les gardiens avaient apparemment re\u00e7u l\u2019ordre de ne plus lui parler.<\/i><\/div>\n<div><i>Quand mes enfants ont appris la nouvelle de son extradition, il ont pleur\u00e9. Ils m\u2019ont dit\u00a0: on ne pourra plus jamais le revoir. Ma fille a dit\u00a0: on va \u00e9conomiser pour payer le voyage pour le faire revenir.<\/i><\/div>\n<div><i>C\u2019est par une journaliste que j\u2019ai appris la nouvelle de son extradition. Les m\u00e9dias \u00e9taient au courant avant nous. Avant ses propres avocats. Ils ne m\u2019ont pas mise au courant. Pour emp\u00eacher sa lib\u00e9ration, l\u00e0, ils citent mon nom. Mais quand il s\u2019agit de son extradition\u00a0, c\u2019est comme si je n\u2019existe pas. D\u00e8s que l\u2019avocat a appris la nouvelle, il a saisi le tribunal et introduit un recours. La Cour a dit qu\u2019ils ne pouvaient pas l\u2019extrader, mais il \u00e9tait d\u00e9j\u00e0 dans l\u2019avion.<\/i><\/div>\n<div><i>Je ne me suis jamais attendue \u00e0 ce qui c\u2019est pass\u00e9. J\u2019attendais le jugement de la Cour europ\u00e9enne. Je savais que \u00e7a pourrait \u00eatre n\u00e9gatif. Mais au moins je m\u2019y \u00e9tais psychologiquement pr\u00e9par\u00e9e. Pour lui dire adieu. Ce qui s\u2019est pass\u00e9 est un comportement de voyou, indigne d\u2019un \u00e9tat de droit.<\/i><\/div>\n<div><i>C\u2019est comme si l\u2019affaire Trabelsi a provoqu\u00e9 une crise au sein du gouvernement.<\/i><\/div>\n<div><i>D\u2019abord il y a eu le mariage qu\u2019ils ont voulu emp\u00eacher co\u00fbte que co\u00fbte. Ils \u00e9taient en train de perdre, parce qu\u2019ils n\u2019ont pas le droit d\u2019interdire un mariage. Puis, il y a eu le jugement de la Cour europ\u00e9enne dans l\u2019affaire Vinter, qui stipule qu\u2019un enfermement \u00e0 vie sans aucune perspective de sortie est contraire \u00e0 la Convention des droits de l\u2019homme. C\u2019\u00e9tait un jugement qui \u00e9tait applicable \u00e0 Nizar, parce que les Am\u00e9ricains avaient dit que Nizar pourrait \u00eatre condamn\u00e9 \u00e0 la perp\u00e9tuit\u00e9 sans plus jamais avoir le droit de sortir. Et enfin, il y avait la d\u00e9cision de la Cour europ\u00e9enne qui allait arriver bient\u00f4t et pourrait \u00eatre positive. C\u2019est pour tout \u00e7a qu\u2019ils l\u2019ont extrad\u00e9 et transgress\u00e9 la loi.<\/i><\/div>\n<div><i>Le lundi avant son extradition, j\u2019\u00e9tais au tribunal en r\u00e9f\u00e9r\u00e9 o\u00f9 l\u2019avocat de l\u2019\u00c9tat belge a dit qu\u2019il ne s\u2019opposait pas au mariage. Il disait que Nizar avait \u00e9t\u00e9 transf\u00e9r\u00e9 de la prison de Ittre \u00e0 Bruges pour des raisons de s\u00e9curit\u00e9, pas pour emp\u00eacher le mariage. Et ces raisons \u00e9taient secr\u00e8tes. Ensuite il a sugg\u00e9r\u00e9 que j\u2019\u00e9tais encore plus dangereuse que Nizar. C\u2019est la th\u00e9orie du grand complot terroriste. Si tout \u00e7a n\u2019\u00e9tait pas aussi dramatique, je pourrais en rire. Je ne suis cit\u00e9 dans aucun proc\u00e8s, je toujours respect\u00e9 la loi, je n\u00a0\u00bbai rien \u00e0 cacher. Il n\u2019y a aucune inculpation contre moi. Il dit \u00e7a juste pour me salir. Pour me mettre une \u00e9tiquette. Je n\u2019ai jamais rencontr\u00e9 Malika Al Aroud, ce n\u2019est pas elle qui m\u2019a pr\u00e9sent\u00e9 Nizar, comme le pr\u00e9tend l\u2019avocat de l\u2019\u00c9tat belge. Je ne l\u2019ai jamais contact\u00e9e ou t\u00e9l\u00e9phon\u00e9e. Tout ce que j\u2019ai fait c\u2019est verser un peu d\u2019argent sur son compte en prison pour qu\u2019elle puisse s\u2019acheter quelque chose \u00e0 la cantine. C\u2019\u00e9tait un geste humanitaire. C\u2019est l\u00e9gal. Mais des choses l\u00e9gales sont devenues criminelles. Comme tomber amoureux et vouloir se marier est devenu un acte criminel. En lan\u00e7ant cette accusation contre moi, c\u2019est comme si l\u2019\u00c9tat voulait nous faire doublement mal. Avant il y avait Dutroux comme ennemi public num\u00e9ro 1, maintenant c\u2019est Nizar Trabelsi, qui a pass\u00e9 12 ans de prison en Belgique et qui a fait sa peine jusqu\u2019au bout.\u00a0\u00bb<\/i><\/div>\n<div>Adresse<\/div>\n<div>Nizar Trabelsi<\/div>\n<div>D.C.D.C. #339-147<\/div>\n<div>1901 D Street, S.E.<\/div>\n<div>Washington, D.C. 20003<\/div>\n<div><\/div>\n<div><a href=\"http:\/\/www.egalite.be\/?p=6688\">Une interview de Luk Vervaet<\/a><\/div>\n<\/div>\n","protected":false},"excerpt":{"rendered":"<p>\u00ab\u00a0Je me sens mal. Depuis jeudi, Nizar est dans une prison \u00e0 Washington. A l\u2019autre bout du monde. Je n\u2019\u00e9tais pas pr\u00e9par\u00e9 \u00e0 une chose pareille. Je n\u2019ai pas pu lui dire au revoir. Ils me l\u2019ont arrach\u00e9. Ils se sont comport\u00e9s comme des voyous. Je l\u2019ai vu pour la derni\u00e8re fois, mercredi, lors de &#8230; <a title=\"L\u2019\u00e9pouse de Nizar Trabelsi : \u00ab Nizar se trouve \u00e0 l\u2019autre bout du monde, je n\u2019ai m\u00eame pas pu lui dire au revoir.. \u00bb\" class=\"read-more\" href=\"https:\/\/bruxelles-pantheres.be\/?p=159\" aria-label=\"En savoir plus sur L\u2019\u00e9pouse de Nizar Trabelsi : \u00ab Nizar se trouve \u00e0 l\u2019autre bout du monde, je n\u2019ai m\u00eame pas pu lui dire au revoir.. \u00bb\">Lire la suite<\/a><\/p>\n","protected":false},"author":1,"featured_media":40,"comment_status":"open","ping_status":"open","sticky":false,"template":"","format":"standard","meta":{"footnotes":""},"categories":[4,8,18],"tags":[23,26],"class_list":["post-159","post","type-post","status-publish","format-standard","has-post-thumbnail","hentry","category-islamophobie","category-prisons","category-resistance-bruxelles","tag-discrimination","tag-extradition"],"_links":{"self":[{"href":"https:\/\/bruxelles-pantheres.be\/index.php?rest_route=\/wp\/v2\/posts\/159","targetHints":{"allow":["GET"]}}],"collection":[{"href":"https:\/\/bruxelles-pantheres.be\/index.php?rest_route=\/wp\/v2\/posts"}],"about":[{"href":"https:\/\/bruxelles-pantheres.be\/index.php?rest_route=\/wp\/v2\/types\/post"}],"author":[{"embeddable":true,"href":"https:\/\/bruxelles-pantheres.be\/index.php?rest_route=\/wp\/v2\/users\/1"}],"replies":[{"embeddable":true,"href":"https:\/\/bruxelles-pantheres.be\/index.php?rest_route=%2Fwp%2Fv2%2Fcomments&post=159"}],"version-history":[{"count":1,"href":"https:\/\/bruxelles-pantheres.be\/index.php?rest_route=\/wp\/v2\/posts\/159\/revisions"}],"predecessor-version":[{"id":160,"href":"https:\/\/bruxelles-pantheres.be\/index.php?rest_route=\/wp\/v2\/posts\/159\/revisions\/160"}],"wp:featuredmedia":[{"embeddable":true,"href":"https:\/\/bruxelles-pantheres.be\/index.php?rest_route=\/wp\/v2\/media\/40"}],"wp:attachment":[{"href":"https:\/\/bruxelles-pantheres.be\/index.php?rest_route=%2Fwp%2Fv2%2Fmedia&parent=159"}],"wp:term":[{"taxonomy":"category","embeddable":true,"href":"https:\/\/bruxelles-pantheres.be\/index.php?rest_route=%2Fwp%2Fv2%2Fcategories&post=159"},{"taxonomy":"post_tag","embeddable":true,"href":"https:\/\/bruxelles-pantheres.be\/index.php?rest_route=%2Fwp%2Fv2%2Ftags&post=159"}],"curies":[{"name":"wp","href":"https:\/\/api.w.org\/{rel}","templated":true}]}}