{"id":1593,"date":"2010-06-23T20:02:55","date_gmt":"2010-06-23T19:02:55","guid":{"rendered":"https:\/\/bruxelles-pantheres.be\/?p=1593"},"modified":"2013-11-30T20:04:31","modified_gmt":"2013-11-30T19:04:31","slug":"patrice-lumumba-devoir-de-memoire-droit-a-la-verite-et-soif-de-justice","status":"publish","type":"post","link":"https:\/\/bruxelles-pantheres.be\/?p=1593","title":{"rendered":"Patrice Lumumba : devoir de m\u00e9moire, droit \u00e0 la v\u00e9rit\u00e9 et soif de justice !"},"content":{"rendered":"<div class=\"entry-content\">\n<div><img decoding=\"async\" alt=\"\" src=\"http:\/\/www.legrandsoir.info\/local\/cache-vignettes\/L180xH250\/arton10951-4335a.jpg\" width=\"180\" height=\"250\" align=\"left\" \/><\/p>\n<div id=\"font-variable\">\n<p><em>Compte-rendu de la conf\u00e9rence de presse de ce mardi 22 juin 2010.<\/em><\/p>\n<p>Fran\u00e7ois Lumumba, fils a\u00een\u00e9 de Patrice, d\u00e9pose plainte contre douze Belges impliqu\u00e9s dans l\u2019enl\u00e8vement, la torture et l\u2019assassinat de son p\u00e8re, Patrice Lumumba.<\/p>\n<p>C\u2019est en pr\u00e9sence de Guy, le fils cadet de Patrice Lumumba, n\u00e9 apr\u00e8s l\u2019assassinat de son p\u00e8re que Christophe Marchand, avocat et Ludo De Witte, expert, ont pr\u00e9sent\u00e9 et \u00e9clair\u00e9 le contexte de la plainte qui sera d\u00e9pos\u00e9e en octobre prochain.<!--more--><\/p>\n<p>La conf\u00e9rence de presse s\u2019es tenue dans les locaux de la Ligue belge (francophone) des Droits de l\u2019Homme. Son pr\u00e9sident, Beno\u00eet Van der Meerschen, a d\u00e9clar\u00e9 que, pour pouvoir faire la morale aux gouvernements africains sur les questions des droits de l\u2019Homme, il convenait de balayer d\u2019abord devant sa propre porte.<\/p>\n<p>Ludo De Witte a rappel\u00e9 l\u2019implication belge directe dans le morcellement du Congo \u00e0 la fin de l\u2019ann\u00e9e 1960. Le gouvernement belge de l\u2019\u00e9poque a soutenu activement, sur le plan politique et militaire, les s\u00e9cessions des provinces du Kasa\u00ef et du Katanga dans le but de renverser le gouvernement central, d\u00e9mocratiquement \u00e9lu, de Patrice Lumumba. Le dossier complet constitu\u00e9 par Ludo De Witte peut \u00eatre consult\u00e9 (en n\u00e9erlandais) sur le site <a href=\"http:\/\/www.apache.be\/\" rel=\"external\">www.apache.be<\/a> ).<\/p>\n<p>Ma\u00eetres Christophe Marchand et Annemie Schaus (\u00e9galement professeur \u00e0 l\u2019ULB) se sont bas\u00e9s sur les conclusions de la commission parlementaire belge de 2001 qui avait \u00e9tabli que des militaires belges \u00e9taient pr\u00e9sents sur le tarmac et dans l\u2019avion o\u00f9 Patrice Lumumba a \u00e9t\u00e9 tortur\u00e9 avant d\u2019\u00eatre livr\u00e9 aux bourreaux qui l\u2019assassineront. Lors de la tenue de la commission parlementaire en 2001, Louis Michel avait promis la constitution d\u2019un Fonds Patrice Lumumba mais cette promesse n\u2019a pas \u00e9t\u00e9 tenue.<\/p>\n<p>D\u2019un point de vue juridique, les douze Belges pr\u00e9sents \u00e0 l\u2019\u00e9poque et toujours vivants \u00e0 l\u2019heure actuelle peuvent \u00eatre poursuivis p\u00e9nalement pour participation \u00e0 des crimes de guerre (transfert ill\u00e9gal, torture, n\u2019avoir rien entrepris pour emp\u00eacher un assassinat). Selon une loi r\u00e9cente, les crimes de guerre sont imprescriptibles. Pour Ma\u00eetre Marchand, il s\u2019agit d\u2019un devoir de m\u00e9moire et il doit \u00eatre accompli pr\u00e9cis\u00e9ment en ce moment de comm\u00e9moration des 50 ans de l\u2019ind\u00e9pendance du Congo.<\/p>\n<p>Aujourd\u2019hui la famille entend se battre pour son droit \u00e0 la v\u00e9rit\u00e9 et \u00e9tancher enfin sa soif de justice. Des associations et des militants congolais pr\u00e9sents \u00e0 la conf\u00e9rence de presse ont assur\u00e9 la famille et les avocats de leur soutien.<\/p>\n<p>\u00c9GALIT\u00c9 se joint \u00e0 ces exigences de m\u00e9moire, de v\u00e9rit\u00e9 et de justice et apportera tout le soutien possible \u00e0 cette cause urgente. \u00c9GALIT\u00c9 rappelle \u00e0 cette occasion que son programme r\u00e9clame l\u2019enseignement de l\u2019histoire de la colonisation et de l\u2019immigration \u00e0 l\u2019\u00e9cole. Le discours de Patrice Lumuba, qui signa son arr\u00eat de mort, doit \u00eatre \u00e9tudi\u00e9 par la jeunesse de notre pays.<\/p>\n<p>Nadine Rosa-Rosso<\/p>\n<\/div>\n<\/div>\n<\/div>\n","protected":false},"excerpt":{"rendered":"<p>Compte-rendu de la conf\u00e9rence de presse de ce mardi 22 juin 2010. Fran\u00e7ois Lumumba, fils a\u00een\u00e9 de Patrice, d\u00e9pose plainte contre douze Belges impliqu\u00e9s dans l\u2019enl\u00e8vement, la torture et l\u2019assassinat de son p\u00e8re, Patrice Lumumba. C\u2019est en pr\u00e9sence de Guy, le fils cadet de Patrice Lumumba, n\u00e9 apr\u00e8s l\u2019assassinat de son p\u00e8re que Christophe Marchand, &#8230; <a title=\"Patrice Lumumba : devoir de m\u00e9moire, droit \u00e0 la v\u00e9rit\u00e9 et soif de justice !\" class=\"read-more\" href=\"https:\/\/bruxelles-pantheres.be\/?p=1593\" aria-label=\"En savoir plus sur Patrice Lumumba : devoir de m\u00e9moire, droit \u00e0 la v\u00e9rit\u00e9 et soif de justice !\">Lire la suite<\/a><\/p>\n","protected":false},"author":1,"featured_media":244,"comment_status":"open","ping_status":"open","sticky":false,"template":"","format":"standard","meta":{"footnotes":""},"categories":[1,21,36,7,18,28],"tags":[31,14,23,46,45,13,72,15],"class_list":["post-1593","post","type-post","status-publish","format-standard","has-post-thumbnail","hentry","category-non-classe","category-anti-imperialisme","category-europe","category-negrophobie","category-resistance-bruxelles","category-racismes","tag-belgique","tag-bruxelles","tag-discrimination","tag-esclavage","tag-lumumba","tag-nordine-saidi","tag-patrice-lumumba","tag-resistance"],"_links":{"self":[{"href":"https:\/\/bruxelles-pantheres.be\/index.php?rest_route=\/wp\/v2\/posts\/1593","targetHints":{"allow":["GET"]}}],"collection":[{"href":"https:\/\/bruxelles-pantheres.be\/index.php?rest_route=\/wp\/v2\/posts"}],"about":[{"href":"https:\/\/bruxelles-pantheres.be\/index.php?rest_route=\/wp\/v2\/types\/post"}],"author":[{"embeddable":true,"href":"https:\/\/bruxelles-pantheres.be\/index.php?rest_route=\/wp\/v2\/users\/1"}],"replies":[{"embeddable":true,"href":"https:\/\/bruxelles-pantheres.be\/index.php?rest_route=%2Fwp%2Fv2%2Fcomments&post=1593"}],"version-history":[{"count":1,"href":"https:\/\/bruxelles-pantheres.be\/index.php?rest_route=\/wp\/v2\/posts\/1593\/revisions"}],"predecessor-version":[{"id":1594,"href":"https:\/\/bruxelles-pantheres.be\/index.php?rest_route=\/wp\/v2\/posts\/1593\/revisions\/1594"}],"wp:featuredmedia":[{"embeddable":true,"href":"https:\/\/bruxelles-pantheres.be\/index.php?rest_route=\/wp\/v2\/media\/244"}],"wp:attachment":[{"href":"https:\/\/bruxelles-pantheres.be\/index.php?rest_route=%2Fwp%2Fv2%2Fmedia&parent=1593"}],"wp:term":[{"taxonomy":"category","embeddable":true,"href":"https:\/\/bruxelles-pantheres.be\/index.php?rest_route=%2Fwp%2Fv2%2Fcategories&post=1593"},{"taxonomy":"post_tag","embeddable":true,"href":"https:\/\/bruxelles-pantheres.be\/index.php?rest_route=%2Fwp%2Fv2%2Ftags&post=1593"}],"curies":[{"name":"wp","href":"https:\/\/api.w.org\/{rel}","templated":true}]}}