{"id":1595,"date":"2010-06-19T20:04:57","date_gmt":"2010-06-19T19:04:57","guid":{"rendered":"https:\/\/bruxelles-pantheres.be\/?p=1595"},"modified":"2013-11-30T20:06:24","modified_gmt":"2013-11-30T19:06:24","slug":"hommage-au-grand-ecrivain-portugais-jose-saramago","status":"publish","type":"post","link":"https:\/\/bruxelles-pantheres.be\/?p=1595","title":{"rendered":"Hommage au grand \u00e9crivain portugais, Jos\u00e9 Saramago"},"content":{"rendered":"<p>&nbsp;<\/p>\n<div class=\"entry-content\">\n<div><a href=\"http:\/\/1.bp.blogspot.com\/_Ksk6ceEv_y0\/TBx3PiOYTRI\/AAAAAAAAAjM\/svvEuOyHkS8\/s1600\/225..-Saramago.jpg\"><img decoding=\"async\" class=\"alignleft\" alt=\"\" src=\"https:\/\/lh3.ggpht.com\/_Ksk6ceEv_y0\/TBx3PiOYTRI\/AAAAAAAAAjM\/svvEuOyHkS8\/s200\/225..-Saramago.jpg\" width=\"200\" height=\"195\" border=\"0\" \/><\/a><\/div>\n<p><strong>L\u2019\u00e9crivain portugais Jos\u00e9 Samarago (1922-2010), prix Nobel de litt\u00e9rature en 1998, est d\u00e9c\u00e9d\u00e9 ce vendredi 18 juin 2010 \u00e0 87 ans.<\/strong><\/p>\n<p>C\u2019est gr\u00e2ce au film documentaire <em>\u00ab\u00a0\u00c9crivains des fronti\u00e8res\u00a0\u00bb<\/em> de Samir Abdallah que j\u2019ai d\u00e9couvert, il y a quelques ann\u00e9es, certains \u00e9crivains comme Russel Banks et Jos\u00e9 Saramago.<\/p>\n<p>Ce d\u00e9fenseur des opprim\u00e9s, adversaire des oppresseurs avait fait tout naturellement sienne la cause palestinienne.<!--more--><\/p>\n<p>En mars 2002 \u00e0 Ramallah, en tant que membre de la d\u00e9l\u00e9gation du Parlement des \u00e9crivains, Jos\u00e9 Saramago a comment\u00e9 ainsi la situation: <em>\u00abCe qu\u2019il faut faire, c\u2019est sonner le tocsin, partout dans le monde, pour dire que ce qui arrive en Palestine est un crime que nous pouvons stopper. Nous pouvons le comparer \u00e0 ce qui est arriv\u00e9 \u00e0 Auschwitz.\u00bb<\/em><\/p>\n<p>Un peu plus tard, il pr\u00e9cisait \u00e0 l\u2019agence portugaise Lusa : <em>\u00abLa r\u00e9pression isra\u00e9lienne est la forme la plus perverse de l\u2019apartheid \u00bb<\/em>, puis, apr\u00e8s une longue description de l\u2019\u00e9tat de d\u00e9solation des zones qu\u2019il venait de visiter: <em>\u00abPersonne n\u2019a id\u00e9e de ce qui se passe ici, aussi bien inform\u00e9 que l\u2019on soit. Tout est ras\u00e9 par les bulldozers. Les villages palestiniens ont \u00e9t\u00e9 d\u00e9truits et on n\u2019y cultive plus rien\u00bb<\/em>.<\/p>\n<p>Depuis 2008, il alimentait r\u00e9guli\u00e8rement un blog dans lequel il commentait l\u2019actualit\u00e9 et exprimait ses col\u00e8res (<a href=\"http:\/\/caderno.josesaramago.org\/\">http:\/\/caderno.josesaramago.org<\/a>). Jos\u00e9 Saramago appelle \u00e0 l\u2019<em>\u00abimpatience citoyenne\u00bb<\/em>: <em>\u00abLe moment est venu de nous demander si le salut de la d\u00e9mocratie ne r\u00e9side pas justement dans l\u2019impatience des citoyens. L\u2019impatience contre la r\u00e9signation et le conformisme. L\u2019impatience contre tous ceux qui nous ont fait perdre patience.\u00bb<\/em><\/p>\n<p>\u00c0 contre-courant d\u2019un mouvement communiste g\u00e9n\u00e9ralement absent dans la lutte contre la criminalisation de la r\u00e9sistance palestinienne, Jos\u00e9 Saramago figurait parmi les premiers signataires europ\u00e9ens de l\u2019appel du 1er\u00a0 f\u00e9vrier 2009 \u00e0 Bruxelles pour le retrait du Hamas de la liste europ\u00e9enne des organisations terroristes (<a href=\"http:\/\/www.recogniseresistance.net\/\">www.recogniseresistance.net<\/a>).<\/p>\n<p>Hier vendredi, le blog de Saramago affichait un dernier message <em>\u00ab\u00a0Penser, penser\u00a0\u00bb<\/em>, mis en ligne par sa Fondation et concluant par ces mots:<em> \u00ab\u00a0Il me semble que, sans id\u00e9es, nous n\u2019allons nulle part\u00a0\u00bb<\/em>.<\/p>\n<p><strong>Nordine Sa\u00efdi<\/strong><br \/>\n19.06.10<\/p>\n<\/div>\n","protected":false},"excerpt":{"rendered":"<p>&nbsp; L\u2019\u00e9crivain portugais Jos\u00e9 Samarago (1922-2010), prix Nobel de litt\u00e9rature en 1998, est d\u00e9c\u00e9d\u00e9 ce vendredi 18 juin 2010 \u00e0 87 ans. C\u2019est gr\u00e2ce au film documentaire \u00ab\u00a0\u00c9crivains des fronti\u00e8res\u00a0\u00bb de Samir Abdallah que j\u2019ai d\u00e9couvert, il y a quelques ann\u00e9es, certains \u00e9crivains comme Russel Banks et Jos\u00e9 Saramago. Ce d\u00e9fenseur des opprim\u00e9s, adversaire des &#8230; <a title=\"Hommage au grand \u00e9crivain portugais, Jos\u00e9 Saramago\" class=\"read-more\" href=\"https:\/\/bruxelles-pantheres.be\/?p=1595\" aria-label=\"En savoir plus sur Hommage au grand \u00e9crivain portugais, Jos\u00e9 Saramago\">Lire la suite<\/a><\/p>\n","protected":false},"author":1,"featured_media":1026,"comment_status":"open","ping_status":"open","sticky":false,"template":"","format":"standard","meta":{"footnotes":""},"categories":[35,21,6,18],"tags":[12,13,15],"class_list":["post-1595","post","type-post","status-publish","format-standard","has-post-thumbnail","hentry","category-amerique-du-sud","category-anti-imperialisme","category-palestine-moyen-orient","category-resistance-bruxelles","tag-gaza","tag-nordine-saidi","tag-resistance"],"_links":{"self":[{"href":"https:\/\/bruxelles-pantheres.be\/index.php?rest_route=\/wp\/v2\/posts\/1595","targetHints":{"allow":["GET"]}}],"collection":[{"href":"https:\/\/bruxelles-pantheres.be\/index.php?rest_route=\/wp\/v2\/posts"}],"about":[{"href":"https:\/\/bruxelles-pantheres.be\/index.php?rest_route=\/wp\/v2\/types\/post"}],"author":[{"embeddable":true,"href":"https:\/\/bruxelles-pantheres.be\/index.php?rest_route=\/wp\/v2\/users\/1"}],"replies":[{"embeddable":true,"href":"https:\/\/bruxelles-pantheres.be\/index.php?rest_route=%2Fwp%2Fv2%2Fcomments&post=1595"}],"version-history":[{"count":1,"href":"https:\/\/bruxelles-pantheres.be\/index.php?rest_route=\/wp\/v2\/posts\/1595\/revisions"}],"predecessor-version":[{"id":1596,"href":"https:\/\/bruxelles-pantheres.be\/index.php?rest_route=\/wp\/v2\/posts\/1595\/revisions\/1596"}],"wp:featuredmedia":[{"embeddable":true,"href":"https:\/\/bruxelles-pantheres.be\/index.php?rest_route=\/wp\/v2\/media\/1026"}],"wp:attachment":[{"href":"https:\/\/bruxelles-pantheres.be\/index.php?rest_route=%2Fwp%2Fv2%2Fmedia&parent=1595"}],"wp:term":[{"taxonomy":"category","embeddable":true,"href":"https:\/\/bruxelles-pantheres.be\/index.php?rest_route=%2Fwp%2Fv2%2Fcategories&post=1595"},{"taxonomy":"post_tag","embeddable":true,"href":"https:\/\/bruxelles-pantheres.be\/index.php?rest_route=%2Fwp%2Fv2%2Ftags&post=1595"}],"curies":[{"name":"wp","href":"https:\/\/api.w.org\/{rel}","templated":true}]}}